{"id":2205,"date":"2021-01-19T21:25:56","date_gmt":"2021-01-19T21:25:56","guid":{"rendered":"http:\/\/www.iessenara.es\/Revista\/?p=2205"},"modified":"2021-01-19T21:25:57","modified_gmt":"2021-01-19T21:25:57","slug":"una-tarde-cualquiera","status":"publish","type":"post","link":"https:\/\/www.iessenara.es\/Revista\/?p=2205","title":{"rendered":"Una tarde cualquiera"},"content":{"rendered":"\n<p class=\"has-medium-font-size\">Alumno de 2.\u00ba de ESO\/PMAR I<\/p>\n\n\n\n<p>Un d\u00eda se me ocurri\u00f3 salir con unos amigos con la bicicleta y fuimos por un camino y, de pronto, nos topamos con un pinar. Recordamos que, de peque\u00f1os, hicimos una caba\u00f1a en un \u00e1rbol, pero no me acordaba de en qu\u00e9 \u00e1rbol la hicimos. Entonces, se me ocurri\u00f3 que, como es muy grande el pinar, ser\u00eda mejor separarme de los dem\u00e1s y dije:<\/p>\n\n\n\n<p>-Si no salgo, contad diez \u00e1rboles hacia el frente y cincuenta hacia arriba.<\/p>\n\n\n\n<p>Pasaron veinte minutos y me encontr\u00e9 con Iker, mi mejor amigo actualmente. En aquel tiempo, Iker y yo no nos ca\u00edamos demasiado bien porque de peque\u00f1os \u00e9l me molestaba y yo, para vengarme, decid\u00ed dec\u00edrselo a la profesora. Ella le castig\u00f3 dos semanas sin recreo y a copiar \u201cNo molestar\u00e9 a mis compa\u00f1eros\u201d.<\/p>\n\n\n\n<p>\u00c9l me pidi\u00f3 perd\u00f3n por lo que me hizo de peque\u00f1os. Acept\u00e9 sus disculpas y decid\u00ed bajar a contarles a los dem\u00e1s que Iker hab\u00eda encontrado la caba\u00f1a. Entonces dije:<\/p>\n\n\n\n<p>-Contad veinte \u00e1rboles a lo largo y sesenta y cinco a la subida.<\/p>\n\n\n\n<p>Ellos se distrajeron y se perdieron y yo les intent\u00e9 decir:<\/p>\n\n\n\n<p>-Bajad colina abajo y yo os acompa\u00f1ar\u00e9 a la caba\u00f1a.<\/p>\n\n\n\n<p>Para bajar m\u00e1s r\u00e1pido, lo hice con la bicicleta, pero no me acordaba de que no ten\u00eda frenos, con lo cual, al final de la bajada vi que no frenaba cuando apretaba la maneta. Me acord\u00e9 tarde de que el cable se hab\u00eda roto hac\u00eda una semana por estar toda la ma\u00f1ana derrapando. Despu\u00e9s, fui derecho al r\u00edo y cog\u00ed m\u00e1s impulso pedaleando y gir\u00e9 intentado coger un peque\u00f1o mont\u00edculo de tierra y salt\u00e9 el r\u00edo de punta a punta. Lo peor fue que no ten\u00eda suspensi\u00f3n porque la bicicleta era antigua y el cuadro de la misma no soport\u00f3 el golpe. Se raj\u00f3. Lo bueno es que me dio tempo a llegar a casa antes de que se rompiera del todo.<\/p>\n\n\n\n<figure class=\"wp-block-image size-large\"><img decoding=\"async\" loading=\"lazy\" width=\"1024\" height=\"768\" src=\"http:\/\/www.iessenara.es\/Revista\/wp-content\/uploads\/2021\/01\/una-tarde-cualquiera-1024x768.jpg\" alt=\"\" class=\"wp-image-2206\" srcset=\"https:\/\/www.iessenara.es\/Revista\/wp-content\/uploads\/2021\/01\/una-tarde-cualquiera-1024x768.jpg 1024w, https:\/\/www.iessenara.es\/Revista\/wp-content\/uploads\/2021\/01\/una-tarde-cualquiera-300x225.jpg 300w, https:\/\/www.iessenara.es\/Revista\/wp-content\/uploads\/2021\/01\/una-tarde-cualquiera-768x576.jpg 768w, https:\/\/www.iessenara.es\/Revista\/wp-content\/uploads\/2021\/01\/una-tarde-cualquiera-1536x1152.jpg 1536w, https:\/\/www.iessenara.es\/Revista\/wp-content\/uploads\/2021\/01\/una-tarde-cualquiera.jpg 2000w\" sizes=\"(max-width: 1024px) 100vw, 1024px\" \/><\/figure>\n","protected":false},"excerpt":{"rendered":"<p>Alumno de 2.\u00ba de ESO\/PMAR I Un d\u00eda se me ocurri\u00f3 salir con unos amigos con la bicicleta y fuimos por un camino y, de pronto, nos topamos con un pinar. Recordamos que, de&#46;&#46;&#46;<\/p>\n","protected":false},"author":3,"featured_media":2207,"comment_status":"open","ping_status":"open","sticky":false,"template":"","format":"standard","meta":{"jetpack_post_was_ever_published":false,"jetpack_publicize_message":"","jetpack_is_tweetstorm":false,"jetpack_publicize_feature_enabled":true,"jetpack_social_options":[]},"categories":[10],"tags":[15],"jetpack_publicize_connections":[],"jetpack_featured_media_url":"https:\/\/www.iessenara.es\/Revista\/wp-content\/uploads\/2021\/01\/una-tarde-cualquiera2.jpg","jetpack_sharing_enabled":true,"jetpack_shortlink":"https:\/\/wp.me\/p5mbkp-zz","_links":{"self":[{"href":"https:\/\/www.iessenara.es\/Revista\/index.php?rest_route=\/wp\/v2\/posts\/2205"}],"collection":[{"href":"https:\/\/www.iessenara.es\/Revista\/index.php?rest_route=\/wp\/v2\/posts"}],"about":[{"href":"https:\/\/www.iessenara.es\/Revista\/index.php?rest_route=\/wp\/v2\/types\/post"}],"author":[{"embeddable":true,"href":"https:\/\/www.iessenara.es\/Revista\/index.php?rest_route=\/wp\/v2\/users\/3"}],"replies":[{"embeddable":true,"href":"https:\/\/www.iessenara.es\/Revista\/index.php?rest_route=%2Fwp%2Fv2%2Fcomments&post=2205"}],"version-history":[{"count":1,"href":"https:\/\/www.iessenara.es\/Revista\/index.php?rest_route=\/wp\/v2\/posts\/2205\/revisions"}],"predecessor-version":[{"id":2208,"href":"https:\/\/www.iessenara.es\/Revista\/index.php?rest_route=\/wp\/v2\/posts\/2205\/revisions\/2208"}],"wp:featuredmedia":[{"embeddable":true,"href":"https:\/\/www.iessenara.es\/Revista\/index.php?rest_route=\/wp\/v2\/media\/2207"}],"wp:attachment":[{"href":"https:\/\/www.iessenara.es\/Revista\/index.php?rest_route=%2Fwp%2Fv2%2Fmedia&parent=2205"}],"wp:term":[{"taxonomy":"category","embeddable":true,"href":"https:\/\/www.iessenara.es\/Revista\/index.php?rest_route=%2Fwp%2Fv2%2Fcategories&post=2205"},{"taxonomy":"post_tag","embeddable":true,"href":"https:\/\/www.iessenara.es\/Revista\/index.php?rest_route=%2Fwp%2Fv2%2Ftags&post=2205"}],"curies":[{"name":"wp","href":"https:\/\/api.w.org\/{rel}","templated":true}]}}