{"id":2236,"date":"2021-02-06T18:01:51","date_gmt":"2021-02-06T18:01:51","guid":{"rendered":"http:\/\/www.iessenara.es\/Revista\/?p=2236"},"modified":"2021-02-06T18:01:52","modified_gmt":"2021-02-06T18:01:52","slug":"ulises-y-el-caballo-de-troya","status":"publish","type":"post","link":"https:\/\/www.iessenara.es\/Revista\/?p=2236","title":{"rendered":"Ulises y el Caballo de Troya"},"content":{"rendered":"\n<h2>Adaptaci\u00f3n de un mito<\/h2>\n\n\n\n<p>ISRAEL BL\u00c1ZQUEZ RUBIA. 2.\u00ba ESO A<\/p>\n\n\n\n<p>Los jurdanos hab\u00edan declarado la guerra a los villorejos y llevaban 5 a\u00f1os de intensas luchas. El motivo de las luchas era que un d\u00eda se encontraron una virgen justo en la mitad del camino que une ambos pueblos. A esta virgen la denominaron Virgen de la Vega, porque fue encontrada en un terreno bajo, llano y f\u00e9rtil.<\/p>\n\n\n\n<p>Acordaron que se repartir\u00edan la virgen por d\u00edas, quince d\u00edas la tendr\u00eda un pueblo y otros quince el otro. Tambi\u00e9n decidieron que en las fechas correspondientes a las fiestas de cada pueblo la virgen estar\u00eda en dichos pueblos.<\/p>\n\n\n\n<p>As\u00ed estuvieron durante varios a\u00f1os, pero lleg\u00f3 un momento en el que Villoria comenz\u00f3 a no respetar las fechas. El pueblo jurdano, encabezado por Ulises, reclam\u00f3 la virgen varias veces, pero Villoria no se la concedi\u00f3. Aqu\u00ed comenzaron las guerras de las que he hablado anteriormente.<\/p>\n\n\n\n<p>Acamparon en las puertas de Villoria con la esperanza de les que dieran la virgen, pero al ver que no lo consegu\u00edan idearon un plan. Como los habitantes de Villoruela viv\u00edan fundamentalmente del mimbre, construyeron un caballo de dicho material, en el que se meter\u00edan todos los soldados y lo dejar\u00edan a las puertas de Villoruela, para que estos pensaran que era una ofrenda.<\/p>\n\n\n\n<p>A la ma\u00f1ana siguiente unos habitantes de Villoruela vieron el caballo y fueron a avisar al rey. El rey sali\u00f3 de las murallas con un ej\u00e9rcito de hombres y, al ver que no hab\u00eda ning\u00fan jurdano por los alrededores, decidieron introducir el caballo dentro del pueblo.<\/p>\n\n\n\n<p>Le llevaron a la plaza del pueblo y all\u00ed lo dejaron frente a la Iglesia, porque pensaron que ser\u00eda una ofrenda.<\/p>\n\n\n\n<p>Mientras todos dorm\u00edan, Ulises y su ej\u00e9rcito salieron del caballo, forzaron la puerta de la Iglesia y cogieron a la virgen. Partieron hacia Villoruela todos muy felices, ya que hab\u00edan recuperado su virgen.<\/p>\n\n\n\n<figure class=\"wp-block-image size-large\"><img decoding=\"async\" loading=\"lazy\" width=\"1024\" height=\"427\" src=\"http:\/\/www.iessenara.es\/Revista\/wp-content\/uploads\/2021\/02\/caballo-de-troya-1024x427.jpg\" alt=\"\" class=\"wp-image-2237\" srcset=\"https:\/\/www.iessenara.es\/Revista\/wp-content\/uploads\/2021\/02\/caballo-de-troya-1024x427.jpg 1024w, https:\/\/www.iessenara.es\/Revista\/wp-content\/uploads\/2021\/02\/caballo-de-troya-300x125.jpg 300w, https:\/\/www.iessenara.es\/Revista\/wp-content\/uploads\/2021\/02\/caballo-de-troya-768x320.jpg 768w, https:\/\/www.iessenara.es\/Revista\/wp-content\/uploads\/2021\/02\/caballo-de-troya.jpg 1200w\" sizes=\"(max-width: 1024px) 100vw, 1024px\" \/><figcaption>Caballo de Troya. FOTO: Instituto Alem\u00e1n de Arqueolog\u00eda<\/figcaption><\/figure>\n\n\n\n<p><\/p>\n","protected":false},"excerpt":{"rendered":"<p>Adaptaci\u00f3n de un mito ISRAEL BL\u00c1ZQUEZ RUBIA. 2.\u00ba ESO A Los jurdanos hab\u00edan declarado la guerra a los villorejos y llevaban 5 a\u00f1os de intensas luchas. El motivo de las luchas era que un&#46;&#46;&#46;<\/p>\n","protected":false},"author":3,"featured_media":2237,"comment_status":"open","ping_status":"open","sticky":false,"template":"","format":"standard","meta":{"jetpack_post_was_ever_published":false,"jetpack_publicize_message":"","jetpack_is_tweetstorm":false,"jetpack_publicize_feature_enabled":true,"jetpack_social_options":[]},"categories":[10],"tags":[222,15],"jetpack_publicize_connections":[],"jetpack_featured_media_url":"https:\/\/www.iessenara.es\/Revista\/wp-content\/uploads\/2021\/02\/caballo-de-troya.jpg","jetpack_sharing_enabled":true,"jetpack_shortlink":"https:\/\/wp.me\/p5mbkp-A4","_links":{"self":[{"href":"https:\/\/www.iessenara.es\/Revista\/index.php?rest_route=\/wp\/v2\/posts\/2236"}],"collection":[{"href":"https:\/\/www.iessenara.es\/Revista\/index.php?rest_route=\/wp\/v2\/posts"}],"about":[{"href":"https:\/\/www.iessenara.es\/Revista\/index.php?rest_route=\/wp\/v2\/types\/post"}],"author":[{"embeddable":true,"href":"https:\/\/www.iessenara.es\/Revista\/index.php?rest_route=\/wp\/v2\/users\/3"}],"replies":[{"embeddable":true,"href":"https:\/\/www.iessenara.es\/Revista\/index.php?rest_route=%2Fwp%2Fv2%2Fcomments&post=2236"}],"version-history":[{"count":1,"href":"https:\/\/www.iessenara.es\/Revista\/index.php?rest_route=\/wp\/v2\/posts\/2236\/revisions"}],"predecessor-version":[{"id":2238,"href":"https:\/\/www.iessenara.es\/Revista\/index.php?rest_route=\/wp\/v2\/posts\/2236\/revisions\/2238"}],"wp:featuredmedia":[{"embeddable":true,"href":"https:\/\/www.iessenara.es\/Revista\/index.php?rest_route=\/wp\/v2\/media\/2237"}],"wp:attachment":[{"href":"https:\/\/www.iessenara.es\/Revista\/index.php?rest_route=%2Fwp%2Fv2%2Fmedia&parent=2236"}],"wp:term":[{"taxonomy":"category","embeddable":true,"href":"https:\/\/www.iessenara.es\/Revista\/index.php?rest_route=%2Fwp%2Fv2%2Fcategories&post=2236"},{"taxonomy":"post_tag","embeddable":true,"href":"https:\/\/www.iessenara.es\/Revista\/index.php?rest_route=%2Fwp%2Fv2%2Ftags&post=2236"}],"curies":[{"name":"wp","href":"https:\/\/api.w.org\/{rel}","templated":true}]}}