{"id":227,"date":"2014-02-22T16:47:51","date_gmt":"2014-02-22T16:47:51","guid":{"rendered":"http:\/\/www.iessenara.es\/Revista\/?p=227"},"modified":"2014-02-23T19:00:19","modified_gmt":"2014-02-23T19:00:19","slug":"eduardo","status":"publish","type":"post","link":"https:\/\/www.iessenara.es\/Revista\/?p=227","title":{"rendered":"Eduardo"},"content":{"rendered":"<p>&nbsp;<\/p>\n<p>En aquella noche fresca de junio, yo me encontraba sola en aquel peque\u00f1o bosque, lleno de vida y de energ\u00eda; me encantaba sentir el olor de tierra mojada, sentir la brisa fresca acariciando mi frente, disfrutaba oyendo la m\u00fasica de la naturaleza, una armon\u00eda perfecta, que me hac\u00eda olvidar el mundo malo y me hac\u00eda creer en lo m\u00e1gico, en lo maravilloso y en un mundo mejor.<\/p>\n<p>Caminaba tranquilamente por aquel estrecho y largo camino, admiraba la luna llena y las estrellas sonrientes, cuando vi que ven\u00eda alguien, estaba oscuro y no ve\u00eda bien, y me puse nerviosa, no sol\u00eda venir gente por aqu\u00ed. Esa persona avanzaba hacia m\u00ed con pasos largos, lentos y decididos, mi coraz\u00f3n se aceleraba cada vez m\u00e1s. Mi respiraci\u00f3n par\u00f3 por un segundo cuando vi quien era esa persona, no me lo pod\u00eda creer, era \u00e9l, era&#8230; \u00a1Eduardo! Yo sal\u00ed de mi estupor eterno y le sonre\u00ed, \u00e9l me devolvi\u00f3 la sonrisa y acort\u00f3 la infinita distancia que nos separaba&#8230; Me abraz\u00f3. Yo, ansiosa, le respond\u00ed, apret\u00e1ndole muy fuerte y hundiendo mi cabeza en su pecho, pod\u00eda o\u00edr su coraz\u00f3n, sonaba tan bien como la m\u00fasica de la naturaleza, y eso me calm\u00f3 y pude respirar al ritmo de su coraz\u00f3n. Despu\u00e9s de unos segundos as\u00ed, yo afloj\u00e9 un poco el abrazo y le mir\u00e9 a los ojos; \u00e9l me miraba con dulzura y paciencia eternas. Le cog\u00ed las manos y le pregunt\u00e9:<a href=\"http:\/\/www.iessenara.es\/Revista\/wp-content\/uploads\/2013\/12\/Imagen_205.jpg\"><img decoding=\"async\" loading=\"lazy\" class=\"alignright size-medium wp-image-82\" alt=\"Imagen_205\" src=\"http:\/\/www.iessenara.es\/Revista\/wp-content\/uploads\/2013\/12\/Imagen_205-300x157.jpg\" width=\"300\" height=\"157\" srcset=\"https:\/\/www.iessenara.es\/Revista\/wp-content\/uploads\/2013\/12\/Imagen_205-300x157.jpg 300w, https:\/\/www.iessenara.es\/Revista\/wp-content\/uploads\/2013\/12\/Imagen_205.jpg 570w\" sizes=\"(max-width: 300px) 100vw, 300px\" \/><\/a><\/p>\n<p>-\u00bfEse encuentro quiere decir que hay esperanza para nosotros?-. Y me maravill\u00e9 al darme cuenta de lo maravilloso que sonaba ese &#8216;nosotros&#8217; cuando me refer\u00eda a \u00e9l y a m\u00ed, pero no me distraje mucho, porque quer\u00eda mi respuesta.<\/p>\n<p>\u00c9l apret\u00f3 fuerte mis manos, bes\u00f3 mi mano derecha y llev\u00f3 mi mano izquierda a su coraz\u00f3n. Mientras besaba mi mano, empez\u00f3 a contestarme:<\/p>\n<p>-Mi ni\u00f1a, tenemos que estar juntos, nos completamos, yo vine para que estemos juntos, porque te quiero.<\/p>\n<p>Y al decir eso, me sonri\u00f3. Yo sent\u00eda un volc\u00e1n de alegr\u00eda dentro de m\u00ed, y le devolv\u00ed la sonrisa. Me puse de puntillas para alcanzar su boca, pero \u00e9l me detuvo y su sonrisa angelical se transform\u00f3 en una sonrisa burlona y diab\u00f3lica, y pude ver en sus ojos un brillo enfermizo.<\/p>\n<p>\u00c9l me cogi\u00f3 por los hombros y me dijo, en tono divertido:<\/p>\n<p>-Tenemos que estar juntos&#8230; en una cama, nos encajamos y\u00a0nos completamos como cualquier hombre y mujer sanos se encajar\u00edan, y te quiero a ratos, entre cuatro paredes.<\/p>\n<p>Mientras dec\u00eda eso, yo sent\u00eda que me hund\u00eda en aquella tierra mojada, y el volc\u00e1n de alegr\u00eda se transform\u00f3 en un volc\u00e1n de desilusi\u00f3n y angustia; no pude soportarlo, y el volc\u00e1n erupcion\u00f3, empec\u00e9 a llorar.<\/p>\n<p>Eduardo a\u00fan me miraba con una mirada divertida, observaba mi cara con una atenci\u00f3n desconcertante, y de forma inesperada me abraz\u00f3 y me susurr\u00f3 al o\u00eddo:<\/p>\n<p>-Recuerda, nos completamos.<\/p>\n<p>Me solt\u00f3 y, con una sonrisa, desapareci\u00f3.<\/p>\n<p>&nbsp;<\/p>\n<p align=\"right\"><b>Raphaella Stefany Ribeiro Pimentel (1\u00ba BACH)<\/b><\/p>\n<p align=\"right\">\n","protected":false},"excerpt":{"rendered":"<p>&nbsp; En aquella noche fresca de junio, yo me encontraba sola en aquel peque\u00f1o bosque, lleno de vida y de energ\u00eda; me encantaba sentir el olor de tierra mojada, sentir la brisa fresca acariciando&#46;&#46;&#46;<\/p>\n","protected":false},"author":3,"featured_media":82,"comment_status":"open","ping_status":"open","sticky":false,"template":"","format":"standard","meta":{"jetpack_post_was_ever_published":false,"jetpack_publicize_message":"","jetpack_is_tweetstorm":false,"jetpack_publicize_feature_enabled":true,"jetpack_social_options":[]},"categories":[10],"tags":[15],"jetpack_publicize_connections":[],"jetpack_featured_media_url":"https:\/\/www.iessenara.es\/Revista\/wp-content\/uploads\/2013\/12\/Imagen_205.jpg","jetpack_sharing_enabled":true,"jetpack_shortlink":"https:\/\/wp.me\/s5mbkp-eduardo","_links":{"self":[{"href":"https:\/\/www.iessenara.es\/Revista\/index.php?rest_route=\/wp\/v2\/posts\/227"}],"collection":[{"href":"https:\/\/www.iessenara.es\/Revista\/index.php?rest_route=\/wp\/v2\/posts"}],"about":[{"href":"https:\/\/www.iessenara.es\/Revista\/index.php?rest_route=\/wp\/v2\/types\/post"}],"author":[{"embeddable":true,"href":"https:\/\/www.iessenara.es\/Revista\/index.php?rest_route=\/wp\/v2\/users\/3"}],"replies":[{"embeddable":true,"href":"https:\/\/www.iessenara.es\/Revista\/index.php?rest_route=%2Fwp%2Fv2%2Fcomments&post=227"}],"version-history":[{"count":6,"href":"https:\/\/www.iessenara.es\/Revista\/index.php?rest_route=\/wp\/v2\/posts\/227\/revisions"}],"predecessor-version":[{"id":234,"href":"https:\/\/www.iessenara.es\/Revista\/index.php?rest_route=\/wp\/v2\/posts\/227\/revisions\/234"}],"wp:featuredmedia":[{"embeddable":true,"href":"https:\/\/www.iessenara.es\/Revista\/index.php?rest_route=\/wp\/v2\/media\/82"}],"wp:attachment":[{"href":"https:\/\/www.iessenara.es\/Revista\/index.php?rest_route=%2Fwp%2Fv2%2Fmedia&parent=227"}],"wp:term":[{"taxonomy":"category","embeddable":true,"href":"https:\/\/www.iessenara.es\/Revista\/index.php?rest_route=%2Fwp%2Fv2%2Fcategories&post=227"},{"taxonomy":"post_tag","embeddable":true,"href":"https:\/\/www.iessenara.es\/Revista\/index.php?rest_route=%2Fwp%2Fv2%2Ftags&post=227"}],"curies":[{"name":"wp","href":"https:\/\/api.w.org\/{rel}","templated":true}]}}