{"id":2272,"date":"2021-02-24T19:39:27","date_gmt":"2021-02-24T19:39:27","guid":{"rendered":"http:\/\/www.iessenara.es\/Revista\/?p=2272"},"modified":"2021-02-28T18:34:49","modified_gmt":"2021-02-28T18:34:49","slug":"figuras-ocultas-rosa-parks","status":"publish","type":"post","link":"https:\/\/www.iessenara.es\/Revista\/?p=2272","title":{"rendered":"Figuras ocultas: Rosa Parks"},"content":{"rendered":"\n<p>\u00c1FRICA PRIETO GONZ\u00c1LEZ. 2.\u00ba Bachillerato HCS<\/p>\n\n\n\n<p>El alumnado de 2.\u00ba de Bachillerato ha participado en la actividad de centro \u201cFiguras Ocultas\u201d realizando exposiciones orales sobre una de las cuatro mujeres que la tutora hab\u00eda elegido para ello.<\/p>\n\n\n\n<p>Dado que el alumnado de 2.\u00ba de Bachillerato no tiene una hora semanal de tutor\u00eda, la profesora de ingl\u00e9s, Mar\u00eda Gonz\u00e1lez -y a la vez tutora del grupo-, ha adaptado dicha actividad a su materia. De este modo el alumnado ha tenido que hacer una exposici\u00f3n oral en ingl\u00e9s sobre una de las figuras, y grabarse en v\u00eddeo, trabajando de forma transversal ingl\u00e9s y tutor\u00eda.<\/p>\n\n\n\n<p>De entre las exposiciones realizadas, la alumna \u00c1frica Prieto Gonz\u00e1lez, de 2.\u00ba Bachillerato de Humanidades quiere compartir con vosotros su trabajo sobre Rosa Parks.<\/p>\n\n\n\n<p>\u00a1Qu\u00e9 lo disfrut\u00e9is!<\/p>\n\n\n\n<figure class=\"wp-block-embed-youtube wp-block-embed is-type-video is-provider-youtube wp-embed-aspect-16-9 wp-has-aspect-ratio\"><div class=\"wp-block-embed__wrapper\">\n<div class=\"video-container\"><span class=\"embed-youtube\" style=\"text-align:center; display: block;\"><iframe loading=\"lazy\" class=\"youtube-player\" width=\"640\" height=\"360\" src=\"https:\/\/www.youtube.com\/embed\/PhGx3x_TVl0?version=3&#038;rel=1&#038;showsearch=0&#038;showinfo=1&#038;iv_load_policy=1&#038;fs=1&#038;hl=es-ES&#038;autohide=2&#038;wmode=transparent\" allowfullscreen=\"true\" style=\"border:0;\" sandbox=\"allow-scripts allow-same-origin allow-popups allow-presentation\"><\/iframe><\/span><\/div>\n<\/div><\/figure>\n","protected":false},"excerpt":{"rendered":"<p>\u00c1FRICA PRIETO GONZ\u00c1LEZ. 2.\u00ba Bachillerato HCS El alumnado de 2.\u00ba de Bachillerato ha participado en la actividad de centro \u201cFiguras Ocultas\u201d realizando exposiciones orales sobre una de las cuatro mujeres que la tutora hab\u00eda&#46;&#46;&#46;<\/p>\n","protected":false},"author":3,"featured_media":2274,"comment_status":"open","ping_status":"open","sticky":false,"template":"","format":"standard","meta":{"jetpack_post_was_ever_published":false,"jetpack_publicize_message":"","jetpack_is_tweetstorm":false,"jetpack_publicize_feature_enabled":true,"jetpack_social_options":[]},"categories":[8],"tags":[261,42,260,217],"jetpack_publicize_connections":[],"jetpack_featured_media_url":"https:\/\/www.iessenara.es\/Revista\/wp-content\/uploads\/2021\/02\/rosa-parks.jpg","jetpack_sharing_enabled":true,"jetpack_shortlink":"https:\/\/wp.me\/p5mbkp-AE","_links":{"self":[{"href":"https:\/\/www.iessenara.es\/Revista\/index.php?rest_route=\/wp\/v2\/posts\/2272"}],"collection":[{"href":"https:\/\/www.iessenara.es\/Revista\/index.php?rest_route=\/wp\/v2\/posts"}],"about":[{"href":"https:\/\/www.iessenara.es\/Revista\/index.php?rest_route=\/wp\/v2\/types\/post"}],"author":[{"embeddable":true,"href":"https:\/\/www.iessenara.es\/Revista\/index.php?rest_route=\/wp\/v2\/users\/3"}],"replies":[{"embeddable":true,"href":"https:\/\/www.iessenara.es\/Revista\/index.php?rest_route=%2Fwp%2Fv2%2Fcomments&post=2272"}],"version-history":[{"count":2,"href":"https:\/\/www.iessenara.es\/Revista\/index.php?rest_route=\/wp\/v2\/posts\/2272\/revisions"}],"predecessor-version":[{"id":2275,"href":"https:\/\/www.iessenara.es\/Revista\/index.php?rest_route=\/wp\/v2\/posts\/2272\/revisions\/2275"}],"wp:featuredmedia":[{"embeddable":true,"href":"https:\/\/www.iessenara.es\/Revista\/index.php?rest_route=\/wp\/v2\/media\/2274"}],"wp:attachment":[{"href":"https:\/\/www.iessenara.es\/Revista\/index.php?rest_route=%2Fwp%2Fv2%2Fmedia&parent=2272"}],"wp:term":[{"taxonomy":"category","embeddable":true,"href":"https:\/\/www.iessenara.es\/Revista\/index.php?rest_route=%2Fwp%2Fv2%2Fcategories&post=2272"},{"taxonomy":"post_tag","embeddable":true,"href":"https:\/\/www.iessenara.es\/Revista\/index.php?rest_route=%2Fwp%2Fv2%2Ftags&post=2272"}],"curies":[{"name":"wp","href":"https:\/\/api.w.org\/{rel}","templated":true}]}}