{"id":2285,"date":"2021-03-07T18:33:04","date_gmt":"2021-03-07T18:33:04","guid":{"rendered":"http:\/\/www.iessenara.es\/Revista\/?p=2285"},"modified":"2021-03-07T18:33:05","modified_gmt":"2021-03-07T18:33:05","slug":"ellas-tambien-lucharon-por-la-igualdad-de-genero","status":"publish","type":"post","link":"https:\/\/www.iessenara.es\/Revista\/?p=2285","title":{"rendered":"Ellas tambi\u00e9n lucharon por la igualdad de g\u00e9nero"},"content":{"rendered":"\n<div class=\"is-layout-flow wp-block-group\"><div class=\"wp-block-group__inner-container\">\n<p style=\"font-size:30px\">8 de marzo, D\u00eda Internacional de la Mujer<\/p>\n<\/div><\/div>\n\n\n\n<p>ALUMNADO de 4.\u00ba ESO B e INMACULADA BENITO, tutora y profesora de Econom\u00eda<\/p>\n\n\n\n<p>El D\u00eda Internacional de la Mujer, originalmente denominado D\u00eda Internacional de la Mujer Trabajadora, conmemora la lucha de la mujer por su participaci\u00f3n dentro de la sociedad.<\/p>\n\n\n\n<p>Los alumnos de 4.\u00ba ESO B, con motivo del 8-M, queremos homenajear a esas otras figuras que tambi\u00e9n contribuyeron a la igualdad entre hombres y mujeres. <\/p>\n\n\n\n<figure class=\"wp-block-embed-youtube wp-block-embed is-type-video is-provider-youtube wp-embed-aspect-4-3 wp-has-aspect-ratio\"><div class=\"wp-block-embed__wrapper\">\n<div class=\"video-container\"><span class=\"embed-youtube\" style=\"text-align:center; display: block;\"><iframe loading=\"lazy\" class=\"youtube-player\" width=\"640\" height=\"360\" src=\"https:\/\/www.youtube.com\/embed\/P7HVQv7VptM?version=3&#038;rel=1&#038;showsearch=0&#038;showinfo=1&#038;iv_load_policy=1&#038;fs=1&#038;hl=es-ES&#038;autohide=2&#038;wmode=transparent\" allowfullscreen=\"true\" style=\"border:0;\" sandbox=\"allow-scripts allow-same-origin allow-popups allow-presentation\"><\/iframe><\/span><\/div>\n<\/div><\/figure>\n","protected":false},"excerpt":{"rendered":"<p>8 de marzo, D\u00eda Internacional de la Mujer ALUMNADO de 4.\u00ba ESO B e INMACULADA BENITO, tutora y profesora de Econom\u00eda El D\u00eda Internacional de la Mujer, originalmente denominado D\u00eda Internacional de la Mujer&#46;&#46;&#46;<\/p>\n","protected":false},"author":3,"featured_media":2289,"comment_status":"open","ping_status":"open","sticky":false,"template":"","format":"standard","meta":{"jetpack_post_was_ever_published":false,"jetpack_publicize_message":"","jetpack_is_tweetstorm":false,"jetpack_publicize_feature_enabled":true,"jetpack_social_options":[]},"categories":[8],"tags":[262,213,111,261,104],"jetpack_publicize_connections":[],"jetpack_featured_media_url":"https:\/\/www.iessenara.es\/Revista\/wp-content\/uploads\/2021\/03\/8M.jpg","jetpack_sharing_enabled":true,"jetpack_shortlink":"https:\/\/wp.me\/p5mbkp-AR","_links":{"self":[{"href":"https:\/\/www.iessenara.es\/Revista\/index.php?rest_route=\/wp\/v2\/posts\/2285"}],"collection":[{"href":"https:\/\/www.iessenara.es\/Revista\/index.php?rest_route=\/wp\/v2\/posts"}],"about":[{"href":"https:\/\/www.iessenara.es\/Revista\/index.php?rest_route=\/wp\/v2\/types\/post"}],"author":[{"embeddable":true,"href":"https:\/\/www.iessenara.es\/Revista\/index.php?rest_route=\/wp\/v2\/users\/3"}],"replies":[{"embeddable":true,"href":"https:\/\/www.iessenara.es\/Revista\/index.php?rest_route=%2Fwp%2Fv2%2Fcomments&post=2285"}],"version-history":[{"count":3,"href":"https:\/\/www.iessenara.es\/Revista\/index.php?rest_route=\/wp\/v2\/posts\/2285\/revisions"}],"predecessor-version":[{"id":2288,"href":"https:\/\/www.iessenara.es\/Revista\/index.php?rest_route=\/wp\/v2\/posts\/2285\/revisions\/2288"}],"wp:featuredmedia":[{"embeddable":true,"href":"https:\/\/www.iessenara.es\/Revista\/index.php?rest_route=\/wp\/v2\/media\/2289"}],"wp:attachment":[{"href":"https:\/\/www.iessenara.es\/Revista\/index.php?rest_route=%2Fwp%2Fv2%2Fmedia&parent=2285"}],"wp:term":[{"taxonomy":"category","embeddable":true,"href":"https:\/\/www.iessenara.es\/Revista\/index.php?rest_route=%2Fwp%2Fv2%2Fcategories&post=2285"},{"taxonomy":"post_tag","embeddable":true,"href":"https:\/\/www.iessenara.es\/Revista\/index.php?rest_route=%2Fwp%2Fv2%2Ftags&post=2285"}],"curies":[{"name":"wp","href":"https:\/\/api.w.org\/{rel}","templated":true}]}}