{"id":2312,"date":"2021-03-08T18:58:36","date_gmt":"2021-03-08T18:58:36","guid":{"rendered":"http:\/\/www.iessenara.es\/Revista\/?p=2312"},"modified":"2021-03-08T18:58:37","modified_gmt":"2021-03-08T18:58:37","slug":"entrevista-a-rosa-menendez","status":"publish","type":"post","link":"https:\/\/www.iessenara.es\/Revista\/?p=2312","title":{"rendered":"Entrevista a Rosa Men\u00e9ndez"},"content":{"rendered":"\n<h3>Presidenta del Consejo Superior de Investigaciones Cient\u00edficas, CSIC<\/h3>\n\n\n\n<p>ALUMNADO de PMAR II y RUB\u00c9N S\u00c1NCHEZ HIDALGO, profesor de \u00c1mbito Cient\u00edfico y Matem\u00e1tico<\/p>\n\n\n\n<p>Los alumnos de PMAR II, con motivo del D\u00eda Internacional de la Mujer y la Ni\u00f1a en la Ciencia, celebrado el pasado 11 de febrero, hemos querido hacer una entrevista a Rosa Men\u00e9ndez, presidenta del CSIC.<\/p>\n\n\n\n<div class=\"wp-block-image\"><figure class=\"alignleft size-large is-resized\"><img decoding=\"async\" loading=\"lazy\" src=\"http:\/\/www.iessenara.es\/Revista\/wp-content\/uploads\/2021\/03\/FOTO-OFICIAL-Rosa-Menendez-682x1024.jpg\" alt=\"\" class=\"wp-image-2313\" width=\"406\" height=\"610\" srcset=\"https:\/\/www.iessenara.es\/Revista\/wp-content\/uploads\/2021\/03\/FOTO-OFICIAL-Rosa-Menendez-682x1024.jpg 682w, https:\/\/www.iessenara.es\/Revista\/wp-content\/uploads\/2021\/03\/FOTO-OFICIAL-Rosa-Menendez-200x300.jpg 200w, https:\/\/www.iessenara.es\/Revista\/wp-content\/uploads\/2021\/03\/FOTO-OFICIAL-Rosa-Menendez-768x1153.jpg 768w, https:\/\/www.iessenara.es\/Revista\/wp-content\/uploads\/2021\/03\/FOTO-OFICIAL-Rosa-Menendez.jpg 900w\" sizes=\"(max-width: 406px) 100vw, 406px\" \/><figcaption>13\/Diciembre\/2017 Madrid. Rosa Men\u00e9ndez, presidenta del Consejo Superior de Investigaciones Cient\u00edficas, CSIC. <br>\u00a9 JOAN COSTA<\/figcaption><\/figure><\/div>\n\n\n\n<p>Rosa Men\u00e9ndez L\u00f3pez (Cudillero, 1956) estudi\u00f3 Qu\u00edmica en la Universidad de Oviedo y posteriormente se doctor\u00f3 en Qu\u00edmica en la misma Universidad. Ha realizado varias estancias internacionales en la Universidad de Newcastle (Reino Unido), la Universidad de Clemson (EE.UU.) o el Imperial College (Reino Unido).<\/p>\n\n\n\n<p>En 1988 inici\u00f3 su carrera profesional en el CSIC, en el Instituto Nacional del Carb\u00f3n (INCAR). Su trabajo de investigaci\u00f3n se ha centrado en la obtenci\u00f3n y el empleo de materiales de carbono en diversas aplicaciones, como la energ\u00eda, los materiales compuestos e, incluso, en biomedicina. Ha participado en m\u00e1s de treinta proyectos de investigaci\u00f3n, tanto nacionales como internacionales. Es autora de m\u00e1s de doscientos art\u00edculos en revistas cient\u00edficas internacionales, diez patentes y dos libros de divulgaci\u00f3n. Ha dirigido veinte tesis doctorales, y veintid\u00f3s trabajos fin de m\u00e1ster en los campos de materiales compuestos y energ\u00eda.<\/p>\n\n\n\n<p>Desde el a\u00f1o 2017 preside el CSIC, siendo la primera mujer al frente del mayor organismo de investigaci\u00f3n cient\u00edfica de Espa\u00f1a.<\/p>\n\n\n\n<p><strong>\u00bfPor qu\u00e9 decidi\u00f3 estudiar la carrera de qu\u00edmica? \u00bfSiempre lo tuvo claro? \u00bfPens\u00f3, alguna vez, en dedicarse a otra cosa?<\/strong><\/p>\n\n\n\n<p>Fue un buen profesor de qu\u00edmica y matem\u00e1ticas, en el colegio donde estudi\u00e9 el bachiller, el que me hizo pensar que estudiar qu\u00edmica era una buena idea. Hubiese podido estudiar Matem\u00e1ticas en vez de Qu\u00edmica, pero no me arrepiento de la decisi\u00f3n que tom\u00e9 porque, visto ahora con perspectiva, adem\u00e1s de la formaci\u00f3n espec\u00edfica en la materia, me permiti\u00f3 desarrollar una estructura mental vers\u00e1til con capacidad de adaptaci\u00f3n a ambientes y situaciones muy diversas.<\/p>\n\n\n\n<p><strong>Durante los a\u00f1os que dur\u00f3 su carrera universitaria, \u00bfqu\u00e9 fue lo que m\u00e1s le gust\u00f3? \u00bfY lo que menos?<\/strong><\/p>\n\n\n\n<p>Tuve unos compa\u00f1eros excelentes con los que sigo manteniendo contacto y algunos forman parte de mi c\u00edrculo de amigos. Tambi\u00e9n tengo un buen recuerdo de las clases de s\u00edntesis org\u00e1nica y teor\u00eda de orbitales moleculares; el Prof. Barluenga nos hac\u00eda vibrar con una materia que en principio se podr\u00eda considerar \u00e1spera.<\/p>\n\n\n\n<p>El peor recuerdo que tengo son los ex\u00e1menes. Era muy nerviosa y sufr\u00eda mucho.<\/p>\n\n\n\n<p><strong>\u00bfHubo alg\u00fan momento dentro de la carrera que pens\u00f3 que no ser\u00eda capaz de conseguir finalizarla? \u00bfCu\u00e1l fue su motivaci\u00f3n para seguir adelante?<\/strong><\/p>\n\n\n\n<p>La verdad es que no. Solo recuerdo haber tenido dificultades con la qu\u00edmica t\u00e9cnica porque no me gustaba demasiado, pero sin llegar a suspenderla. Bueno, y las matem\u00e1ticas de segundo, que las dej\u00e9 para septiembre.<\/p>\n\n\n\n<p>En general aplicaba la teor\u00eda de estudiar m\u00e1s lo que menos me gustaba para as\u00ed salir adelante. Confieso que estudiaba mucho.<\/p>\n\n\n\n<p><strong>\u00bfCu\u00e1l ha sido el mayor reto al que se ha enfrentado como investigadora del CSIC, antes de ser presidenta?<\/strong><\/p>\n\n\n\n<p>La investigaci\u00f3n es un reto continuo que se puede concretar en otros menores. Cuando realizaba la tesis nos planteamos el reto de separar fracciones muy puras de familias de compuestos que se encontraban en l\u00edquidos del carb\u00f3n. En aquel momento, obtener esas fracciones permit\u00eda pensar en aplicaciones nuevas que mejorasen las opciones de estos derivados.<\/p>\n\n\n\n<p>Posteriormente nos centramos en mejorar los procesos de combusti\u00f3n del carb\u00f3n y de las propiedades del coque metal\u00fargico para su utilizaci\u00f3n en el horno alto. En ese caso estudi\u00e1bamos los procesos y los productos para ver d\u00f3nde pod\u00edan introducirse cambios que mejorasen el proceso global.<\/p>\n\n\n\n<p>Despu\u00e9s vinieron los materiales de carbono, interven\u00edamos en su estructura para mejorar sus propiedades como adsorbentes, en aplicaciones aeron\u00e1uticas o como supercondensadores para almacenamiento de energ\u00eda.<\/p>\n\n\n\n<p>Ahora en el CSIC nos planteamos retos muy ambiciosos, desarrollar vacunas contra SARS-COV-2, encontrar soluciones para luchar contra el cambio clim\u00e1tico, desarrollo de la inteligencia artificial para muchas aplicaciones, por mencionar algunos de nuestros retos m\u00e1s ambiciosos.<\/p>\n\n\n\n<p><strong>Cuando le propusieron ser presidenta del CSIC, \u00bftuvo alguna duda a la hora de aceptar?<\/strong><\/p>\n\n\n\n<p>Para m\u00ed fue algo inesperado, me sent\u00ed honrada por la confianza que se depositaba en mi persona. No me plantee en ning\u00fan momento si ser\u00eda o no capaz, acept\u00e9 sin titubear. Me preocupaba reunir un buen equipo de profesionales que me acompa\u00f1asen en lo que constitu\u00eda un aut\u00e9ntico reto. Y es algo que consegu\u00ed y de lo que me siento orgullosa ahora m\u00e1s de tres a\u00f1os despu\u00e9s.<\/p>\n\n\n\n<p><strong>\u00bfQu\u00e9 destacar\u00eda de su trayectoria profesional?<\/strong><\/p>\n\n\n\n<p>Destacar\u00eda haber sido capaz de aglutinar un grupo de investigaci\u00f3n suficientemente potente para afrontar retos ambiciosos en el campo de los materiales de carbono.<\/p>\n\n\n\n<p>Me han dado muchas satisfacciones los proyectos europeos, liderar algunos de ellos y trabajar codo con codo con prestigiosos equipos internacionales abre perspectivas y nos da un contexto m\u00e1s amplio en el que situarnos.<\/p>\n\n\n\n<p>Y no por ponerla al final es menor la importancia que le concedo a ostentar la presidencia del CSIC. Es un reto monumental, tantas personas (casi 11.000), tantos centros (120), tan diversos y de todas las disciplinas del saber. He reunido un equipo del que me siento orgullosa y que trabaja mucho por desarrollar este proyecto colectivo e ilusionante en el que nos hemos embarcado. Me llena de satisfacci\u00f3n que muchas de las personas que trabajan en el CSIC nos hagan llegar tambi\u00e9n su ilusi\u00f3n.<\/p>\n\n\n\n<p><strong>\u00bfHa recibido discriminaci\u00f3n por ser mujer?<\/strong><\/p>\n\n\n\n<p>Yo nunca me he sentido discriminada por el hecho de ser mujer, creo que he tenido oportunidades, que he aprovechado adecuadamente y que me han permitido liderar temas de investigaci\u00f3n y realizar trabajos de gesti\u00f3n muy interesantes, tanto en pol\u00edtica cient\u00edfica y organizaci\u00f3n de programas cient\u00edficos, como en direcci\u00f3n de centros y ahora del CSIC en su conjunto. En mis equipos he tenido hombres y mujeres con igualdad de oportunidades. Sin embargo, los n\u00fameros son tozudos y nos dicen que en los puestos de direcci\u00f3n de centros y en las escalas cient\u00edficas m\u00e1s altas hay una menor proporci\u00f3n de mujeres, lo que indica que a\u00fan nos queda trabajo por hacer.<\/p>\n\n\n\n<p><strong>Recientemente hemos le\u00eddo en la prensa que el CSIC est\u00e1 trabajando en una vacuna contra la COVID-19 del CSIC \u00bfCu\u00e1ndo cree que se va a poder inyectar a las personas?<\/strong><\/p>\n\n\n\n<p>En el CSIC estamos desarrollando tres proyectos de vacunas diferentes, con tres aproximaciones distintas. Todas ellas progresan satisfactoriamente y se est\u00e1 trabajando en paralelo con el sector privado para su producci\u00f3n. La vacuna CSIC-BIOFABRI es la que se encuentra m\u00e1s avanzada en su desarrollo en estos momentos y esperamos que puedan comenzar la fase cl\u00ednica esta primavera, tras los excelentes resultados que se est\u00e1n obteniendo en el laboratorio. Tenemos puesta nuestra total confianza en ella, as\u00ed como en las otras dos vacunas, que est\u00e1n avanzando en su fase pre-cl\u00ednica.<\/p>\n\n\n\n<p>Una vez que se completen estas fases y si los resultados son satisfactorios, como esperamos, se podr\u00eda disponer de las vacunas. El camino es lento y es necesario cubrir todas las etapas con garant\u00edas.<\/p>\n","protected":false},"excerpt":{"rendered":"<p>Presidenta del Consejo Superior de Investigaciones Cient\u00edficas, CSIC ALUMNADO de PMAR II y RUB\u00c9N S\u00c1NCHEZ HIDALGO, profesor de \u00c1mbito Cient\u00edfico y Matem\u00e1tico Los alumnos de PMAR II, con motivo del D\u00eda Internacional de la&#46;&#46;&#46;<\/p>\n","protected":false},"author":3,"featured_media":2314,"comment_status":"open","ping_status":"open","sticky":false,"template":"","format":"standard","meta":{"jetpack_post_was_ever_published":false,"jetpack_publicize_message":"","jetpack_is_tweetstorm":false,"jetpack_publicize_feature_enabled":true,"jetpack_social_options":[]},"categories":[9],"tags":[265,213,16,104,264],"jetpack_publicize_connections":[],"jetpack_featured_media_url":"https:\/\/www.iessenara.es\/Revista\/wp-content\/uploads\/2021\/03\/Rosa-Menendez-portada.jpg","jetpack_sharing_enabled":true,"jetpack_shortlink":"https:\/\/wp.me\/p5mbkp-Bi","_links":{"self":[{"href":"https:\/\/www.iessenara.es\/Revista\/index.php?rest_route=\/wp\/v2\/posts\/2312"}],"collection":[{"href":"https:\/\/www.iessenara.es\/Revista\/index.php?rest_route=\/wp\/v2\/posts"}],"about":[{"href":"https:\/\/www.iessenara.es\/Revista\/index.php?rest_route=\/wp\/v2\/types\/post"}],"author":[{"embeddable":true,"href":"https:\/\/www.iessenara.es\/Revista\/index.php?rest_route=\/wp\/v2\/users\/3"}],"replies":[{"embeddable":true,"href":"https:\/\/www.iessenara.es\/Revista\/index.php?rest_route=%2Fwp%2Fv2%2Fcomments&post=2312"}],"version-history":[{"count":5,"href":"https:\/\/www.iessenara.es\/Revista\/index.php?rest_route=\/wp\/v2\/posts\/2312\/revisions"}],"predecessor-version":[{"id":2319,"href":"https:\/\/www.iessenara.es\/Revista\/index.php?rest_route=\/wp\/v2\/posts\/2312\/revisions\/2319"}],"wp:featuredmedia":[{"embeddable":true,"href":"https:\/\/www.iessenara.es\/Revista\/index.php?rest_route=\/wp\/v2\/media\/2314"}],"wp:attachment":[{"href":"https:\/\/www.iessenara.es\/Revista\/index.php?rest_route=%2Fwp%2Fv2%2Fmedia&parent=2312"}],"wp:term":[{"taxonomy":"category","embeddable":true,"href":"https:\/\/www.iessenara.es\/Revista\/index.php?rest_route=%2Fwp%2Fv2%2Fcategories&post=2312"},{"taxonomy":"post_tag","embeddable":true,"href":"https:\/\/www.iessenara.es\/Revista\/index.php?rest_route=%2Fwp%2Fv2%2Ftags&post=2312"}],"curies":[{"name":"wp","href":"https:\/\/api.w.org\/{rel}","templated":true}]}}