{"id":2320,"date":"2021-03-12T09:16:30","date_gmt":"2021-03-12T09:16:30","guid":{"rendered":"http:\/\/www.iessenara.es\/Revista\/?p=2320"},"modified":"2021-03-12T09:16:31","modified_gmt":"2021-03-12T09:16:31","slug":"visita-virtual-por-el-ies-senara","status":"publish","type":"post","link":"https:\/\/www.iessenara.es\/Revista\/?p=2320","title":{"rendered":"Visita virtual por el IES Senara"},"content":{"rendered":"\n<p class=\"has-drop-cap\">Con este v\u00eddeo queremos presentaros nuestro centro. Os proponemos una visita virtual en la que os invitamos a conocer las instalaciones, la oferta educativa y todas las actividades y proyectos que realizamos.<\/p>\n\n\n\n<p>El IES Senara es un centro con m\u00e1s de veinte a\u00f1os de historia. Durante todo este tiempo hemos desarrollado gran cantidad de buenas pr\u00e1cticas educativas y nos hemos convertido en un centro de referencia. Nos sentimos orgullosos de que por estas aulas hayan pasado muchos alumnos y alumnas que hoy en d\u00eda, gracias a la formaci\u00f3n recibida en nuestro centro, contin\u00faen con sus estudios superiores o desempe\u00f1en su trabajo en diferentes campos del mundo laboral.<\/p>\n\n\n\n<p>Nuestro deseo es que en un futuro estudi\u00e9is o trabaj\u00e9is aqu\u00ed, con nosotros, y que entr\u00e9is a formar parte de la gran familia del Senara.<\/p>\n\n\n\n<p>Os esperamos.<\/p>\n\n\n\n<figure class=\"wp-block-embed-youtube wp-block-embed is-type-video is-provider-youtube wp-embed-aspect-16-9 wp-has-aspect-ratio\"><div class=\"wp-block-embed__wrapper\">\n<div class=\"video-container\"><span class=\"embed-youtube\" style=\"text-align:center; display: block;\"><iframe loading=\"lazy\" class=\"youtube-player\" width=\"640\" height=\"360\" src=\"https:\/\/www.youtube.com\/embed\/1AWrKsQyc4Y?version=3&#038;rel=1&#038;showsearch=0&#038;showinfo=1&#038;iv_load_policy=1&#038;fs=1&#038;hl=es-ES&#038;autohide=2&#038;wmode=transparent\" allowfullscreen=\"true\" style=\"border:0;\" sandbox=\"allow-scripts allow-same-origin allow-popups allow-presentation\"><\/iframe><\/span><\/div>\n<\/div><\/figure>\n\n\n\n<p><\/p>\n","protected":false},"excerpt":{"rendered":"<p>Con este v\u00eddeo queremos presentaros nuestro centro. Os proponemos una visita virtual en la que os invitamos a conocer las instalaciones, la oferta educativa y todas las actividades y proyectos que realizamos. El IES&#46;&#46;&#46;<\/p>\n","protected":false},"author":3,"featured_media":2322,"comment_status":"open","ping_status":"open","sticky":false,"template":"","format":"standard","meta":{"jetpack_post_was_ever_published":false,"jetpack_publicize_message":"","jetpack_is_tweetstorm":false,"jetpack_publicize_feature_enabled":true,"jetpack_social_options":[]},"categories":[12],"tags":[86,51,85],"jetpack_publicize_connections":[],"jetpack_featured_media_url":"https:\/\/www.iessenara.es\/Revista\/wp-content\/uploads\/2021\/03\/entrada-scaled.jpg","jetpack_sharing_enabled":true,"jetpack_shortlink":"https:\/\/wp.me\/p5mbkp-Bq","_links":{"self":[{"href":"https:\/\/www.iessenara.es\/Revista\/index.php?rest_route=\/wp\/v2\/posts\/2320"}],"collection":[{"href":"https:\/\/www.iessenara.es\/Revista\/index.php?rest_route=\/wp\/v2\/posts"}],"about":[{"href":"https:\/\/www.iessenara.es\/Revista\/index.php?rest_route=\/wp\/v2\/types\/post"}],"author":[{"embeddable":true,"href":"https:\/\/www.iessenara.es\/Revista\/index.php?rest_route=\/wp\/v2\/users\/3"}],"replies":[{"embeddable":true,"href":"https:\/\/www.iessenara.es\/Revista\/index.php?rest_route=%2Fwp%2Fv2%2Fcomments&post=2320"}],"version-history":[{"count":3,"href":"https:\/\/www.iessenara.es\/Revista\/index.php?rest_route=\/wp\/v2\/posts\/2320\/revisions"}],"predecessor-version":[{"id":2324,"href":"https:\/\/www.iessenara.es\/Revista\/index.php?rest_route=\/wp\/v2\/posts\/2320\/revisions\/2324"}],"wp:featuredmedia":[{"embeddable":true,"href":"https:\/\/www.iessenara.es\/Revista\/index.php?rest_route=\/wp\/v2\/media\/2322"}],"wp:attachment":[{"href":"https:\/\/www.iessenara.es\/Revista\/index.php?rest_route=%2Fwp%2Fv2%2Fmedia&parent=2320"}],"wp:term":[{"taxonomy":"category","embeddable":true,"href":"https:\/\/www.iessenara.es\/Revista\/index.php?rest_route=%2Fwp%2Fv2%2Fcategories&post=2320"},{"taxonomy":"post_tag","embeddable":true,"href":"https:\/\/www.iessenara.es\/Revista\/index.php?rest_route=%2Fwp%2Fv2%2Ftags&post=2320"}],"curies":[{"name":"wp","href":"https:\/\/api.w.org\/{rel}","templated":true}]}}