{"id":2347,"date":"2021-03-21T18:42:17","date_gmt":"2021-03-21T18:42:17","guid":{"rendered":"http:\/\/www.iessenara.es\/Revista\/?p=2347"},"modified":"2021-03-21T18:42:18","modified_gmt":"2021-03-21T18:42:18","slug":"poesia","status":"publish","type":"post","link":"https:\/\/www.iessenara.es\/Revista\/?p=2347","title":{"rendered":"Poes\u00eda"},"content":{"rendered":"\n<p>LUC\u00cdA S\u00c1NCHEZ DE LA TORRE, 2.\u00ba de Bachillerato HCS<\/p>\n\n\n\n<figure class=\"wp-block-image size-large\"><img decoding=\"async\" loading=\"lazy\" width=\"1024\" height=\"731\" src=\"http:\/\/www.iessenara.es\/Revista\/wp-content\/uploads\/2021\/03\/22.Poesia-1024x731.jpg\" alt=\"\" class=\"wp-image-2348\" srcset=\"https:\/\/www.iessenara.es\/Revista\/wp-content\/uploads\/2021\/03\/22.Poesia-1024x731.jpg 1024w, https:\/\/www.iessenara.es\/Revista\/wp-content\/uploads\/2021\/03\/22.Poesia-300x214.jpg 300w, https:\/\/www.iessenara.es\/Revista\/wp-content\/uploads\/2021\/03\/22.Poesia-768x548.jpg 768w, https:\/\/www.iessenara.es\/Revista\/wp-content\/uploads\/2021\/03\/22.Poesia-1536x1097.jpg 1536w, https:\/\/www.iessenara.es\/Revista\/wp-content\/uploads\/2021\/03\/22.Poesia-2048x1462.jpg 2048w\" sizes=\"(max-width: 1024px) 100vw, 1024px\" \/><figcaption>21 de marzo, D\u00eda Mundial de la Poes\u00eda.<\/figcaption><\/figure>\n\n\n\n<h3><strong>La aurora de Nueva York<\/strong><\/h3>\n\n\n\n<p>La aurora de Nueva York tiene<br>cuatro columnas de cieno<br>y un hurac\u00e1n de negras palomas<br>que chapotean las aguas podridas.<\/p>\n\n\n\n<p>La aurora de Nueva York gime<br>por las inmensas escaleras<br>buscando entre las aristas<br>nardos de angustia dibujada.<\/p>\n\n\n\n<p>La aurora llega y nadie la recibe en su boca<br>porque all\u00ed no hay ma\u00f1ana ni esperanza posible:<br>a veces las monedas en enjambres furiosos<br>taladran y devoran abandonados ni\u00f1os.<\/p>\n\n\n\n<p>Los primeros que salen comprenden con sus huesos<br>que no habr\u00e1 para\u00edsos ni amores deshojados;<br>saben que van al cieno de n\u00fameros y leyes,<br>a los juegos sin arte, a sudores sin fruto.<\/p>\n\n\n\n<p>La luz es sepultada por cadenas y ruidos<br>es imp\u00fadico reto de ciencia sin ra\u00edces.<br>Por los barrios hay gentes que vacilan insomnes<br>como reci\u00e9n salidas de un naufragio de sangre.<\/p>\n\n\n\n<p class=\"has-text-align-right\">Federico Garc\u00eda Lorca <\/p>\n\n\n\n<h3><strong>Rima VII<\/strong><\/h3>\n\n\n\n<p>Del sal\u00f3n en el \u00e1ngulo oscuro,<br>de su due\u00f1a tal vez olvidada,<br>silenciosa y cubierta de polvo<br>ve\u00edase el arpa.<\/p>\n\n\n\n<p>\u00a1Cu\u00e1nta nota dorm\u00eda en sus cuerdas<br>como el p\u00e1jaro duerme en las ramas,<br>esperando la mano de nieve<br>que sabe arrancarlas!<\/p>\n\n\n\n<p>\u00a1Ay! Pens\u00e9; \u00a1cu\u00e1ntas veces el genio<br>as\u00ed duerme en el fondo del alma,<br>y una voz, como L\u00e1zaro, espera<br>que le diga: \u201c\u00a1Lev\u00e1ntate y anda!\u201d<\/p>\n\n\n\n<p class=\"has-text-align-right\">Gustavo Adolfo B\u00e9cquer<\/p>\n","protected":false},"excerpt":{"rendered":"<p>LUC\u00cdA S\u00c1NCHEZ DE LA TORRE, 2.\u00ba de Bachillerato HCS La aurora de Nueva York La aurora de Nueva York tienecuatro columnas de cienoy un hurac\u00e1n de negras palomasque chapotean las aguas podridas. La aurora&#46;&#46;&#46;<\/p>\n","protected":false},"author":3,"featured_media":2349,"comment_status":"open","ping_status":"open","sticky":false,"template":"","format":"standard","meta":{"jetpack_post_was_ever_published":false,"jetpack_publicize_message":"","jetpack_is_tweetstorm":false,"jetpack_publicize_feature_enabled":true,"jetpack_social_options":[]},"categories":[11,10],"tags":[270,21,237,238],"jetpack_publicize_connections":[],"jetpack_featured_media_url":"https:\/\/www.iessenara.es\/Revista\/wp-content\/uploads\/2021\/03\/22.Poesia-ancho-scaled.jpg","jetpack_sharing_enabled":true,"jetpack_shortlink":"https:\/\/wp.me\/s5mbkp-poesia","_links":{"self":[{"href":"https:\/\/www.iessenara.es\/Revista\/index.php?rest_route=\/wp\/v2\/posts\/2347"}],"collection":[{"href":"https:\/\/www.iessenara.es\/Revista\/index.php?rest_route=\/wp\/v2\/posts"}],"about":[{"href":"https:\/\/www.iessenara.es\/Revista\/index.php?rest_route=\/wp\/v2\/types\/post"}],"author":[{"embeddable":true,"href":"https:\/\/www.iessenara.es\/Revista\/index.php?rest_route=\/wp\/v2\/users\/3"}],"replies":[{"embeddable":true,"href":"https:\/\/www.iessenara.es\/Revista\/index.php?rest_route=%2Fwp%2Fv2%2Fcomments&post=2347"}],"version-history":[{"count":4,"href":"https:\/\/www.iessenara.es\/Revista\/index.php?rest_route=\/wp\/v2\/posts\/2347\/revisions"}],"predecessor-version":[{"id":2353,"href":"https:\/\/www.iessenara.es\/Revista\/index.php?rest_route=\/wp\/v2\/posts\/2347\/revisions\/2353"}],"wp:featuredmedia":[{"embeddable":true,"href":"https:\/\/www.iessenara.es\/Revista\/index.php?rest_route=\/wp\/v2\/media\/2349"}],"wp:attachment":[{"href":"https:\/\/www.iessenara.es\/Revista\/index.php?rest_route=%2Fwp%2Fv2%2Fmedia&parent=2347"}],"wp:term":[{"taxonomy":"category","embeddable":true,"href":"https:\/\/www.iessenara.es\/Revista\/index.php?rest_route=%2Fwp%2Fv2%2Fcategories&post=2347"},{"taxonomy":"post_tag","embeddable":true,"href":"https:\/\/www.iessenara.es\/Revista\/index.php?rest_route=%2Fwp%2Fv2%2Ftags&post=2347"}],"curies":[{"name":"wp","href":"https:\/\/api.w.org\/{rel}","templated":true}]}}