{"id":2355,"date":"2021-03-28T20:21:27","date_gmt":"2021-03-28T20:21:27","guid":{"rendered":"http:\/\/www.iessenara.es\/Revista\/?p=2355"},"modified":"2021-03-28T20:21:28","modified_gmt":"2021-03-28T20:21:28","slug":"el-capuchon","status":"publish","type":"post","link":"https:\/\/www.iessenara.es\/Revista\/?p=2355","title":{"rendered":"El capuch\u00f3n"},"content":{"rendered":"\n<p>LUC\u00cdA S\u00c1NCHEZ DE LA TORRE. 2.\u00ba Bachillerato HCS<\/p>\n\n\n\n<figure class=\"wp-block-image size-large\"><img decoding=\"async\" loading=\"lazy\" width=\"1024\" height=\"660\" src=\"http:\/\/www.iessenara.es\/Revista\/wp-content\/uploads\/2021\/03\/23.El-capuchon-1024x660.jpg\" alt=\"\" class=\"wp-image-2356\" srcset=\"https:\/\/www.iessenara.es\/Revista\/wp-content\/uploads\/2021\/03\/23.El-capuchon-1024x660.jpg 1024w, https:\/\/www.iessenara.es\/Revista\/wp-content\/uploads\/2021\/03\/23.El-capuchon-300x194.jpg 300w, https:\/\/www.iessenara.es\/Revista\/wp-content\/uploads\/2021\/03\/23.El-capuchon-768x495.jpg 768w, https:\/\/www.iessenara.es\/Revista\/wp-content\/uploads\/2021\/03\/23.El-capuchon-1536x991.jpg 1536w, https:\/\/www.iessenara.es\/Revista\/wp-content\/uploads\/2021\/03\/23.El-capuchon.jpg 1831w\" sizes=\"(max-width: 1024px) 100vw, 1024px\" \/><figcaption><em>Canceladas las procesiones de esta at\u00edpica Semana Santa, servir\u00e1 la indumentaria del cofrade a los africanos que est\u00e1n sufriendo la plaga de langostas.<\/em><\/figcaption><\/figure>\n","protected":false},"excerpt":{"rendered":"<p>LUC\u00cdA S\u00c1NCHEZ DE LA TORRE. 2.\u00ba Bachillerato HCS<\/p>\n","protected":false},"author":3,"featured_media":2356,"comment_status":"open","ping_status":"open","sticky":false,"template":"","format":"standard","meta":{"jetpack_post_was_ever_published":false,"jetpack_publicize_message":"","jetpack_is_tweetstorm":false,"jetpack_publicize_feature_enabled":true,"jetpack_social_options":[]},"categories":[11,1],"tags":[211,208,237,238],"jetpack_publicize_connections":[],"jetpack_featured_media_url":"https:\/\/www.iessenara.es\/Revista\/wp-content\/uploads\/2021\/03\/23.El-capuchon.jpg","jetpack_sharing_enabled":true,"jetpack_shortlink":"https:\/\/wp.me\/p5mbkp-BZ","_links":{"self":[{"href":"https:\/\/www.iessenara.es\/Revista\/index.php?rest_route=\/wp\/v2\/posts\/2355"}],"collection":[{"href":"https:\/\/www.iessenara.es\/Revista\/index.php?rest_route=\/wp\/v2\/posts"}],"about":[{"href":"https:\/\/www.iessenara.es\/Revista\/index.php?rest_route=\/wp\/v2\/types\/post"}],"author":[{"embeddable":true,"href":"https:\/\/www.iessenara.es\/Revista\/index.php?rest_route=\/wp\/v2\/users\/3"}],"replies":[{"embeddable":true,"href":"https:\/\/www.iessenara.es\/Revista\/index.php?rest_route=%2Fwp%2Fv2%2Fcomments&post=2355"}],"version-history":[{"count":1,"href":"https:\/\/www.iessenara.es\/Revista\/index.php?rest_route=\/wp\/v2\/posts\/2355\/revisions"}],"predecessor-version":[{"id":2357,"href":"https:\/\/www.iessenara.es\/Revista\/index.php?rest_route=\/wp\/v2\/posts\/2355\/revisions\/2357"}],"wp:featuredmedia":[{"embeddable":true,"href":"https:\/\/www.iessenara.es\/Revista\/index.php?rest_route=\/wp\/v2\/media\/2356"}],"wp:attachment":[{"href":"https:\/\/www.iessenara.es\/Revista\/index.php?rest_route=%2Fwp%2Fv2%2Fmedia&parent=2355"}],"wp:term":[{"taxonomy":"category","embeddable":true,"href":"https:\/\/www.iessenara.es\/Revista\/index.php?rest_route=%2Fwp%2Fv2%2Fcategories&post=2355"},{"taxonomy":"post_tag","embeddable":true,"href":"https:\/\/www.iessenara.es\/Revista\/index.php?rest_route=%2Fwp%2Fv2%2Ftags&post=2355"}],"curies":[{"name":"wp","href":"https:\/\/api.w.org\/{rel}","templated":true}]}}