{"id":237,"date":"2014-02-25T14:55:33","date_gmt":"2014-02-25T14:55:33","guid":{"rendered":"http:\/\/www.iessenara.es\/Revista\/?p=237"},"modified":"2014-02-28T18:02:28","modified_gmt":"2014-02-28T18:02:28","slug":"estudiar","status":"publish","type":"post","link":"https:\/\/www.iessenara.es\/Revista\/?p=237","title":{"rendered":"Estudiar"},"content":{"rendered":"<p><a href=\"http:\/\/www.iessenara.es\/Revista\/wp-content\/uploads\/2014\/02\/h2882_a.jpg\"><img decoding=\"async\" loading=\"lazy\" class=\"alignleft size-medium wp-image-238\" alt=\"h2882_a\" src=\"http:\/\/www.iessenara.es\/Revista\/wp-content\/uploads\/2014\/02\/h2882_a-300x199.jpg\" width=\"300\" height=\"199\" srcset=\"https:\/\/www.iessenara.es\/Revista\/wp-content\/uploads\/2014\/02\/h2882_a-300x199.jpg 300w, https:\/\/www.iessenara.es\/Revista\/wp-content\/uploads\/2014\/02\/h2882_a-1024x680.jpg 1024w, https:\/\/www.iessenara.es\/Revista\/wp-content\/uploads\/2014\/02\/h2882_a.jpg 2048w\" sizes=\"(max-width: 300px) 100vw, 300px\" \/><\/a><\/p>\n<p>&nbsp;<\/p>\n<p>&nbsp;<\/p>\n<p>&nbsp;<\/p>\n<p>&nbsp;<\/p>\n<p>&nbsp;<\/p>\n<p>&nbsp;<\/p>\n<p>&nbsp;<\/p>\n<p>Cuando dicen \u00abHay examen\u00bb,<\/p>\n<p>cuando siembran el terror,<\/p>\n<p>ah\u00ed est\u00e1 la tarde antes,<\/p>\n<p>ahora s\u00ed empieza la acci\u00f3n.<\/p>\n<p>&nbsp;<\/p>\n<p>Unos cogen los apuntes,<\/p>\n<p>los estudian con vigor;<\/p>\n<p>otros dicen \u00abVale, vale,<\/p>\n<p>di que s\u00ed, pero ahora no\u00bb.<\/p>\n<p>&nbsp;<\/p>\n<p>Lleg\u00f3 el d\u00eda del examen,<\/p>\n<p>ah\u00ed est\u00e1 la que estudi\u00f3,<\/p>\n<p>el que dijo \u00abVale, vale\u00bb,<\/p>\n<p>y el que los libros no abri\u00f3.<\/p>\n<p>&nbsp;<\/p>\n<p>En resumen, ah\u00ed est\u00e1n<\/p>\n<p>los que un cero sacar\u00e1n;<\/p>\n<p>solo la que algo estudi\u00f3<\/p>\n<p>sac\u00f3 un cinco y se acab\u00f3.<\/p>\n<p>&nbsp;<\/p>\n<p>Aparcao<\/p>\n<p>&nbsp;<\/p>\n<p style=\"text-align: center\"><strong><span style=\"color: #008000\">Saray<\/span><span style=\"color: #008000\"> \u00c1vila Mart\u00edn\u00a0 (4\u00ba ESO B)<\/span><\/strong><\/p>\n","protected":false},"excerpt":{"rendered":"<p>&nbsp; &nbsp; &nbsp; &nbsp; &nbsp; &nbsp; &nbsp; Cuando dicen \u00abHay examen\u00bb, cuando siembran el terror, ah\u00ed est\u00e1 la tarde antes, ahora s\u00ed empieza la acci\u00f3n. &nbsp; Unos cogen los apuntes, los estudian con vigor;&#46;&#46;&#46;<\/p>\n","protected":false},"author":3,"featured_media":238,"comment_status":"open","ping_status":"open","sticky":false,"template":"","format":"standard","meta":{"jetpack_post_was_ever_published":false,"jetpack_publicize_message":"","jetpack_is_tweetstorm":false,"jetpack_publicize_feature_enabled":true,"jetpack_social_options":[]},"categories":[10],"tags":[23,21],"jetpack_publicize_connections":[],"jetpack_featured_media_url":"https:\/\/www.iessenara.es\/Revista\/wp-content\/uploads\/2014\/02\/h2882_a.jpg","jetpack_sharing_enabled":true,"jetpack_shortlink":"https:\/\/wp.me\/s5mbkp-estudiar","_links":{"self":[{"href":"https:\/\/www.iessenara.es\/Revista\/index.php?rest_route=\/wp\/v2\/posts\/237"}],"collection":[{"href":"https:\/\/www.iessenara.es\/Revista\/index.php?rest_route=\/wp\/v2\/posts"}],"about":[{"href":"https:\/\/www.iessenara.es\/Revista\/index.php?rest_route=\/wp\/v2\/types\/post"}],"author":[{"embeddable":true,"href":"https:\/\/www.iessenara.es\/Revista\/index.php?rest_route=\/wp\/v2\/users\/3"}],"replies":[{"embeddable":true,"href":"https:\/\/www.iessenara.es\/Revista\/index.php?rest_route=%2Fwp%2Fv2%2Fcomments&post=237"}],"version-history":[{"count":6,"href":"https:\/\/www.iessenara.es\/Revista\/index.php?rest_route=\/wp\/v2\/posts\/237\/revisions"}],"predecessor-version":[{"id":249,"href":"https:\/\/www.iessenara.es\/Revista\/index.php?rest_route=\/wp\/v2\/posts\/237\/revisions\/249"}],"wp:featuredmedia":[{"embeddable":true,"href":"https:\/\/www.iessenara.es\/Revista\/index.php?rest_route=\/wp\/v2\/media\/238"}],"wp:attachment":[{"href":"https:\/\/www.iessenara.es\/Revista\/index.php?rest_route=%2Fwp%2Fv2%2Fmedia&parent=237"}],"wp:term":[{"taxonomy":"category","embeddable":true,"href":"https:\/\/www.iessenara.es\/Revista\/index.php?rest_route=%2Fwp%2Fv2%2Fcategories&post=237"},{"taxonomy":"post_tag","embeddable":true,"href":"https:\/\/www.iessenara.es\/Revista\/index.php?rest_route=%2Fwp%2Fv2%2Ftags&post=237"}],"curies":[{"name":"wp","href":"https:\/\/api.w.org\/{rel}","templated":true}]}}