{"id":2435,"date":"2021-05-02T10:54:34","date_gmt":"2021-05-02T10:54:34","guid":{"rendered":"http:\/\/www.iessenara.es\/Revista\/?p=2435"},"modified":"2021-05-02T10:54:35","modified_gmt":"2021-05-02T10:54:35","slug":"sofagate","status":"publish","type":"post","link":"https:\/\/www.iessenara.es\/Revista\/?p=2435","title":{"rendered":"Sofagate"},"content":{"rendered":"\n<p>LUC\u00cdA S\u00c1NCHEZ DE LA TORRE. 2.\u00ba Bachillerato HCS<\/p>\n\n\n\n<figure class=\"wp-block-image size-large\"><img decoding=\"async\" loading=\"lazy\" width=\"1024\" height=\"614\" src=\"http:\/\/www.iessenara.es\/Revista\/wp-content\/uploads\/2021\/05\/28.Sofagate-1024x614.jpg\" alt=\"\" class=\"wp-image-2436\" srcset=\"https:\/\/www.iessenara.es\/Revista\/wp-content\/uploads\/2021\/05\/28.Sofagate-1024x614.jpg 1024w, https:\/\/www.iessenara.es\/Revista\/wp-content\/uploads\/2021\/05\/28.Sofagate-300x180.jpg 300w, https:\/\/www.iessenara.es\/Revista\/wp-content\/uploads\/2021\/05\/28.Sofagate-768x461.jpg 768w, https:\/\/www.iessenara.es\/Revista\/wp-content\/uploads\/2021\/05\/28.Sofagate-1536x922.jpg 1536w, https:\/\/www.iessenara.es\/Revista\/wp-content\/uploads\/2021\/05\/28.Sofagate-2048x1229.jpg 2048w\" sizes=\"(max-width: 1024px) 100vw, 1024px\" \/><figcaption><em>En su discurso sobre el estado de la Uni\u00f3n, la presidenta de la Comisi\u00f3n Europea, \u00darsula von der Leyen, ha expuesto su visi\u00f3n ante la decepcionante sorpresa que vivi\u00f3 en su visita a Turqu\u00eda: dos sillas y tres persona<\/em>s.<\/figcaption><\/figure>\n\n\n\n<figure class=\"wp-block-embed-youtube wp-block-embed is-type-video is-provider-youtube wp-embed-aspect-16-9 wp-has-aspect-ratio\"><div class=\"wp-block-embed__wrapper\">\n<div class=\"video-container\"><iframe loading=\"lazy\" title=\"La presidenta de la Comisi\u00f3n Europea, sobre el Sofagate: &quot;Se me trat\u00f3 as\u00ed por ser mujer&quot;\" width=\"500\" height=\"281\" src=\"https:\/\/www.youtube.com\/embed\/PiRpvf3TuD4?feature=oembed&#038;wmode=opaque\" frameborder=\"0\" allow=\"accelerometer; autoplay; clipboard-write; encrypted-media; gyroscope; picture-in-picture\" allowfullscreen><\/iframe><\/div>\n<\/div><\/figure>\n","protected":false},"excerpt":{"rendered":"<p>LUC\u00cdA S\u00c1NCHEZ DE LA TORRE. 2.\u00ba Bachillerato HCS<\/p>\n","protected":false},"author":3,"featured_media":2436,"comment_status":"open","ping_status":"open","sticky":false,"template":"","format":"standard","meta":{"jetpack_post_was_ever_published":false,"jetpack_publicize_message":"","jetpack_is_tweetstorm":false,"jetpack_publicize_feature_enabled":true,"jetpack_social_options":[]},"categories":[11,8],"tags":[103,237,238],"jetpack_publicize_connections":[],"jetpack_featured_media_url":"https:\/\/www.iessenara.es\/Revista\/wp-content\/uploads\/2021\/05\/28.Sofagate-scaled.jpg","jetpack_sharing_enabled":true,"jetpack_shortlink":"https:\/\/wp.me\/s5mbkp-sofagate","_links":{"self":[{"href":"https:\/\/www.iessenara.es\/Revista\/index.php?rest_route=\/wp\/v2\/posts\/2435"}],"collection":[{"href":"https:\/\/www.iessenara.es\/Revista\/index.php?rest_route=\/wp\/v2\/posts"}],"about":[{"href":"https:\/\/www.iessenara.es\/Revista\/index.php?rest_route=\/wp\/v2\/types\/post"}],"author":[{"embeddable":true,"href":"https:\/\/www.iessenara.es\/Revista\/index.php?rest_route=\/wp\/v2\/users\/3"}],"replies":[{"embeddable":true,"href":"https:\/\/www.iessenara.es\/Revista\/index.php?rest_route=%2Fwp%2Fv2%2Fcomments&post=2435"}],"version-history":[{"count":1,"href":"https:\/\/www.iessenara.es\/Revista\/index.php?rest_route=\/wp\/v2\/posts\/2435\/revisions"}],"predecessor-version":[{"id":2437,"href":"https:\/\/www.iessenara.es\/Revista\/index.php?rest_route=\/wp\/v2\/posts\/2435\/revisions\/2437"}],"wp:featuredmedia":[{"embeddable":true,"href":"https:\/\/www.iessenara.es\/Revista\/index.php?rest_route=\/wp\/v2\/media\/2436"}],"wp:attachment":[{"href":"https:\/\/www.iessenara.es\/Revista\/index.php?rest_route=%2Fwp%2Fv2%2Fmedia&parent=2435"}],"wp:term":[{"taxonomy":"category","embeddable":true,"href":"https:\/\/www.iessenara.es\/Revista\/index.php?rest_route=%2Fwp%2Fv2%2Fcategories&post=2435"},{"taxonomy":"post_tag","embeddable":true,"href":"https:\/\/www.iessenara.es\/Revista\/index.php?rest_route=%2Fwp%2Fv2%2Ftags&post=2435"}],"curies":[{"name":"wp","href":"https:\/\/api.w.org\/{rel}","templated":true}]}}