{"id":2440,"date":"2021-05-13T18:54:43","date_gmt":"2021-05-13T18:54:43","guid":{"rendered":"http:\/\/www.iessenara.es\/Revista\/?p=2440"},"modified":"2021-05-14T11:19:23","modified_gmt":"2021-05-14T11:19:23","slug":"entrevista-a-los-alumnos-de-2-o-de-bachillerato","status":"publish","type":"post","link":"https:\/\/www.iessenara.es\/Revista\/?p=2440","title":{"rendered":"Entrevista a los alumnos de 2.\u00ba de Bachillerato"},"content":{"rendered":"\n<p>MARTA GUTI\u00c9RREZ B\u00c9CARES, 4.\u00ba ESO A, ADRI\u00c1N GARC\u00cdA PAZ, 4.\u00ba ESO B y JOS\u00c9 FERNANDO PABLOS NAVAZO, profesor de Lat\u00edn<\/p>\n\n\n\n<p>Entrevista a los alumnos de 2.\u00ba de Bachillerato del curso 2020\/2021 que terminan sus estudios en el IES Senara de Babilafuente. En ella se pasa revista a la situaci\u00f3n de la pandemia por la COVID-19, sus estudios, amigos, experiencias en el centro y sus expectativas de futuro.<\/p>\n\n\n\n<figure class=\"wp-block-image size-large\"><img decoding=\"async\" loading=\"lazy\" width=\"1024\" height=\"577\" src=\"http:\/\/www.iessenara.es\/Revista\/wp-content\/uploads\/2021\/05\/entrevista-2bach-rectangular-1024x577.jpg\" alt=\"\" class=\"wp-image-2444\" srcset=\"https:\/\/www.iessenara.es\/Revista\/wp-content\/uploads\/2021\/05\/entrevista-2bach-rectangular-1024x577.jpg 1024w, https:\/\/www.iessenara.es\/Revista\/wp-content\/uploads\/2021\/05\/entrevista-2bach-rectangular-300x169.jpg 300w, https:\/\/www.iessenara.es\/Revista\/wp-content\/uploads\/2021\/05\/entrevista-2bach-rectangular-768x432.jpg 768w, https:\/\/www.iessenara.es\/Revista\/wp-content\/uploads\/2021\/05\/entrevista-2bach-rectangular-1536x865.jpg 1536w, https:\/\/www.iessenara.es\/Revista\/wp-content\/uploads\/2021\/05\/entrevista-2bach-rectangular-2048x1153.jpg 2048w\" sizes=\"(max-width: 1024px) 100vw, 1024px\" \/><\/figure>\n\n\n\n<figure class=\"wp-block-embed is-type-rich is-provider-gestor-del-servicio\"><div class=\"wp-block-embed__wrapper\">\n<!--[if lt IE 9]><script>document.createElement('audio');<\/script><![endif]-->\n<audio class=\"wp-audio-shortcode\" id=\"audio-2440-1\" preload=\"none\" style=\"width: 100%;\" controls=\"controls\"><source type=\"audio\/mpeg\" src=\"https:\/\/www.ivoox.com\/entrevista-alumnos-2-bachillerato-2021_md_69993763_wp_1.mp3?_=1\" \/><a href=\"https:\/\/www.ivoox.com\/entrevista-alumnos-2-bachillerato-2021_md_69993763_wp_1.mp3\">https:\/\/www.ivoox.com\/entrevista-alumnos-2-bachillerato-2021_md_69993763_wp_1.mp3<\/a><\/audio>\n<\/div><\/figure>\n\n\n\n<p>FICHA T\u00c9CNICA<\/p>\n\n\n\n<p><strong>Periodistas<\/strong><\/p>\n\n\n\n<p>Marta Guti\u00e9rrez B\u00e9cares; Adri\u00e1n Garc\u00eda Paz<\/p>\n\n\n\n<p><strong>Invitados<\/strong><\/p>\n\n\n\n<p>\u00c1frica Prieto Gonz\u00e1lez; Luc\u00eda S\u00e1nchez de la Torre; David P\u00e9rez S\u00e1nchez; Jorge S\u00e1nchez Ramos.<\/p>\n\n\n\n<p><strong>Sinton\u00eda<\/strong><\/p>\n\n\n\n<p>New Order. <em>Blue Monday.<\/em> <strong>B<\/strong> Music, 1983<\/p>\n\n\n\n<p><strong>Edici\u00f3n<\/strong><\/p>\n\n\n\n<p>Jos\u00e9 Fernando Pablos Navazo<\/p>\n","protected":false},"excerpt":{"rendered":"<p>MARTA GUTI\u00c9RREZ B\u00c9CARES, 4.\u00ba ESO A, ADRI\u00c1N GARC\u00cdA PAZ, 4.\u00ba ESO B y JOS\u00c9 FERNANDO PABLOS NAVAZO, profesor de Lat\u00edn Entrevista a los alumnos de 2.\u00ba de Bachillerato del curso 2020\/2021 que terminan sus&#46;&#46;&#46;<\/p>\n","protected":false},"author":3,"featured_media":2444,"comment_status":"open","ping_status":"open","sticky":false,"template":"","format":"standard","meta":{"jetpack_post_was_ever_published":false,"jetpack_publicize_message":"","jetpack_is_tweetstorm":false,"jetpack_publicize_feature_enabled":true,"jetpack_social_options":[]},"categories":[9],"tags":[164,16,277,98],"jetpack_publicize_connections":[],"jetpack_featured_media_url":"https:\/\/www.iessenara.es\/Revista\/wp-content\/uploads\/2021\/05\/entrevista-2bach-rectangular-scaled.jpg","jetpack_sharing_enabled":true,"jetpack_shortlink":"https:\/\/wp.me\/p5mbkp-Dm","_links":{"self":[{"href":"https:\/\/www.iessenara.es\/Revista\/index.php?rest_route=\/wp\/v2\/posts\/2440"}],"collection":[{"href":"https:\/\/www.iessenara.es\/Revista\/index.php?rest_route=\/wp\/v2\/posts"}],"about":[{"href":"https:\/\/www.iessenara.es\/Revista\/index.php?rest_route=\/wp\/v2\/types\/post"}],"author":[{"embeddable":true,"href":"https:\/\/www.iessenara.es\/Revista\/index.php?rest_route=\/wp\/v2\/users\/3"}],"replies":[{"embeddable":true,"href":"https:\/\/www.iessenara.es\/Revista\/index.php?rest_route=%2Fwp%2Fv2%2Fcomments&post=2440"}],"version-history":[{"count":8,"href":"https:\/\/www.iessenara.es\/Revista\/index.php?rest_route=\/wp\/v2\/posts\/2440\/revisions"}],"predecessor-version":[{"id":2449,"href":"https:\/\/www.iessenara.es\/Revista\/index.php?rest_route=\/wp\/v2\/posts\/2440\/revisions\/2449"}],"wp:featuredmedia":[{"embeddable":true,"href":"https:\/\/www.iessenara.es\/Revista\/index.php?rest_route=\/wp\/v2\/media\/2444"}],"wp:attachment":[{"href":"https:\/\/www.iessenara.es\/Revista\/index.php?rest_route=%2Fwp%2Fv2%2Fmedia&parent=2440"}],"wp:term":[{"taxonomy":"category","embeddable":true,"href":"https:\/\/www.iessenara.es\/Revista\/index.php?rest_route=%2Fwp%2Fv2%2Fcategories&post=2440"},{"taxonomy":"post_tag","embeddable":true,"href":"https:\/\/www.iessenara.es\/Revista\/index.php?rest_route=%2Fwp%2Fv2%2Ftags&post=2440"}],"curies":[{"name":"wp","href":"https:\/\/api.w.org\/{rel}","templated":true}]}}