{"id":2489,"date":"2021-05-20T18:01:06","date_gmt":"2021-05-20T18:01:06","guid":{"rendered":"http:\/\/www.iessenara.es\/Revista\/?p=2489"},"modified":"2021-05-20T18:01:08","modified_gmt":"2021-05-20T18:01:08","slug":"africa-prieto-gonzalez-segunda-en-el-certamen-ciceronianum-2021","status":"publish","type":"post","link":"https:\/\/www.iessenara.es\/Revista\/?p=2489","title":{"rendered":"\u00c1frica Prieto Gonz\u00e1lez, segunda en el Certamen Ciceronianum 2021"},"content":{"rendered":"\n<p>DEPARTAMENTO DE CULTURA CL\u00c1SICA<\/p>\n\n\n\n<p>La alumna de 2.\u00ba de Bachillerato del IES Senara de Babilafuente se alza con el segundo puesto  en la fase de la USAL en el prestigioso certamen internacional, dentro de la X Olimp\u00edada de Lat\u00edn.<\/p>\n\n\n\n<p>El ganador, Mario Luis Dom\u00ednguez, del IES Francisco Salinas de Salamanca, ha quedado quinto en la fase nacional.<\/p>\n\n\n\n<p>Los alumnos se enfrentaron a la traducci\u00f3n de un texto del tratado&nbsp;<em>De amicitia<\/em>&nbsp;de Cicer\u00f3n y a varias cuestiones de sintaxis, l\u00e9xico y literatura, en un ejercicio que dur\u00f3 cuatro horas.<\/p>\n\n\n\n<p>Tanto \u00c1frica Gonz\u00e1lez Prieto como Luc\u00eda S\u00e1nchez de la Torre, cuarta, representaron al centro en la prueba celebrada en la Facultad de Filolog\u00eda de Salamanca el d\u00eda 12 de marzo. La entrega de premios y diplomas se celebr\u00f3 en el Aula Magna de la Facultad de Filolog\u00eda de la USAL el 14 de mayo de 2021.<\/p>\n\n\n\n<div class=\"wp-block-image\"><figure class=\"aligncenter size-large is-resized\"><img decoding=\"async\" loading=\"lazy\" src=\"http:\/\/www.iessenara.es\/Revista\/wp-content\/uploads\/2021\/05\/ciceronianum-1024x576.jpg\" alt=\"\" class=\"wp-image-2490\" width=\"548\" height=\"307\" srcset=\"https:\/\/www.iessenara.es\/Revista\/wp-content\/uploads\/2021\/05\/ciceronianum-1024x576.jpg 1024w, https:\/\/www.iessenara.es\/Revista\/wp-content\/uploads\/2021\/05\/ciceronianum-300x169.jpg 300w, https:\/\/www.iessenara.es\/Revista\/wp-content\/uploads\/2021\/05\/ciceronianum-768x432.jpg 768w, https:\/\/www.iessenara.es\/Revista\/wp-content\/uploads\/2021\/05\/ciceronianum-1536x864.jpg 1536w, https:\/\/www.iessenara.es\/Revista\/wp-content\/uploads\/2021\/05\/ciceronianum.jpg 2016w\" sizes=\"(max-width: 548px) 100vw, 548px\" \/><figcaption>\u00c1frica a la izquierda y Luc\u00eda a la derecha, antes de comenzar el ejercicio. FOTO: JF Pablos.<\/figcaption><\/figure><\/div>\n\n\n\n<div class=\"wp-block-image\"><figure class=\"aligncenter size-large is-resized\"><img decoding=\"async\" loading=\"lazy\" src=\"http:\/\/www.iessenara.es\/Revista\/wp-content\/uploads\/2021\/05\/ciceronianum2021-movil-11-1024x768.jpeg\" alt=\"\" class=\"wp-image-2491\" width=\"553\" height=\"414\" srcset=\"https:\/\/www.iessenara.es\/Revista\/wp-content\/uploads\/2021\/05\/ciceronianum2021-movil-11-1024x768.jpeg 1024w, https:\/\/www.iessenara.es\/Revista\/wp-content\/uploads\/2021\/05\/ciceronianum2021-movil-11-300x225.jpeg 300w, https:\/\/www.iessenara.es\/Revista\/wp-content\/uploads\/2021\/05\/ciceronianum2021-movil-11-768x576.jpeg 768w, https:\/\/www.iessenara.es\/Revista\/wp-content\/uploads\/2021\/05\/ciceronianum2021-movil-11-1536x1152.jpeg 1536w, https:\/\/www.iessenara.es\/Revista\/wp-content\/uploads\/2021\/05\/ciceronianum2021-movil-11.jpeg 2016w\" sizes=\"(max-width: 553px) 100vw, 553px\" \/><figcaption>En el Aula Magna de la Facultad de Filolog\u00eda, primero y segunda en el Certamen Ciceronianum 2021.<\/figcaption><\/figure><\/div>\n\n\n\n<div class=\"wp-block-image\"><figure class=\"aligncenter size-large is-resized\"><img decoding=\"async\" loading=\"lazy\" src=\"http:\/\/www.iessenara.es\/Revista\/wp-content\/uploads\/2021\/05\/ciceronianum2021-movil-1-1024x768.jpeg\" alt=\"\" class=\"wp-image-2492\" width=\"556\" height=\"417\" srcset=\"https:\/\/www.iessenara.es\/Revista\/wp-content\/uploads\/2021\/05\/ciceronianum2021-movil-1-1024x768.jpeg 1024w, https:\/\/www.iessenara.es\/Revista\/wp-content\/uploads\/2021\/05\/ciceronianum2021-movil-1-300x225.jpeg 300w, https:\/\/www.iessenara.es\/Revista\/wp-content\/uploads\/2021\/05\/ciceronianum2021-movil-1-768x576.jpeg 768w, https:\/\/www.iessenara.es\/Revista\/wp-content\/uploads\/2021\/05\/ciceronianum2021-movil-1-1536x1152.jpeg 1536w, https:\/\/www.iessenara.es\/Revista\/wp-content\/uploads\/2021\/05\/ciceronianum2021-movil-1.jpeg 2016w\" sizes=\"(max-width: 556px) 100vw, 556px\" \/><figcaption>Las alumnas galardonadas posan con su profesor Jos\u00e9 Fernando Pablos Navazo, orgulloso de ellas, en el claustro del Palacio de Anaya, sede de la Facultad de Filolog\u00eda. FOTO: MJ GONZ\u00c1LEZ<\/figcaption><\/figure><\/div>\n\n\n\n<figure class=\"wp-block-embed-wordpress wp-block-embed is-type-wp-embed is-provider-salamanca-diario\"><div class=\"wp-block-embed__wrapper\">\n<blockquote class=\"wp-embedded-content\" data-secret=\"pkxbqgg5fL\"><a href=\"https:\/\/salamancadiario.com\/20210514\/la-facultad-de-filologia-entrega-los-premios-de-la-x-olimpiada-de-cultura-clasica-2020-21\/\">La Facultad de Filolog\u00eda entrega los premios de la X Olimpiada de Cultura Cl\u00e1sica 2020-21<\/a><\/blockquote><iframe class=\"wp-embedded-content\" sandbox=\"allow-scripts\" security=\"restricted\" style=\"position: absolute; clip: rect(1px, 1px, 1px, 1px);\" title=\"\u00abLa Facultad de Filolog\u00eda entrega los premios de la X Olimpiada de Cultura Cl\u00e1sica 2020-21\u00bb \u2014 Salamanca Diario\" src=\"https:\/\/salamancadiario.com\/20210514\/la-facultad-de-filologia-entrega-los-premios-de-la-x-olimpiada-de-cultura-clasica-2020-21\/embed\/#?secret=pkxbqgg5fL\" data-secret=\"pkxbqgg5fL\" width=\"500\" height=\"282\" frameborder=\"0\" marginwidth=\"0\" marginheight=\"0\" scrolling=\"no\"><\/iframe>\n<\/div><\/figure>\n\n\n\n<p><\/p>\n","protected":false},"excerpt":{"rendered":"<p>DEPARTAMENTO DE CULTURA CL\u00c1SICA La alumna de 2.\u00ba de Bachillerato del IES Senara de Babilafuente se alza con el segundo puesto en la fase de la USAL en el prestigioso certamen internacional, dentro de&#46;&#46;&#46;<\/p>\n","protected":false},"author":3,"featured_media":2495,"comment_status":"open","ping_status":"open","sticky":false,"template":"","format":"standard","meta":{"jetpack_post_was_ever_published":false,"jetpack_publicize_message":"","jetpack_is_tweetstorm":false,"jetpack_publicize_feature_enabled":true,"jetpack_social_options":[]},"categories":[6],"tags":[268,60,35,59],"jetpack_publicize_connections":[],"jetpack_featured_media_url":"https:\/\/www.iessenara.es\/Revista\/wp-content\/uploads\/2021\/05\/africa.jpeg","jetpack_sharing_enabled":true,"jetpack_shortlink":"https:\/\/wp.me\/p5mbkp-E9","_links":{"self":[{"href":"https:\/\/www.iessenara.es\/Revista\/index.php?rest_route=\/wp\/v2\/posts\/2489"}],"collection":[{"href":"https:\/\/www.iessenara.es\/Revista\/index.php?rest_route=\/wp\/v2\/posts"}],"about":[{"href":"https:\/\/www.iessenara.es\/Revista\/index.php?rest_route=\/wp\/v2\/types\/post"}],"author":[{"embeddable":true,"href":"https:\/\/www.iessenara.es\/Revista\/index.php?rest_route=\/wp\/v2\/users\/3"}],"replies":[{"embeddable":true,"href":"https:\/\/www.iessenara.es\/Revista\/index.php?rest_route=%2Fwp%2Fv2%2Fcomments&post=2489"}],"version-history":[{"count":2,"href":"https:\/\/www.iessenara.es\/Revista\/index.php?rest_route=\/wp\/v2\/posts\/2489\/revisions"}],"predecessor-version":[{"id":2494,"href":"https:\/\/www.iessenara.es\/Revista\/index.php?rest_route=\/wp\/v2\/posts\/2489\/revisions\/2494"}],"wp:featuredmedia":[{"embeddable":true,"href":"https:\/\/www.iessenara.es\/Revista\/index.php?rest_route=\/wp\/v2\/media\/2495"}],"wp:attachment":[{"href":"https:\/\/www.iessenara.es\/Revista\/index.php?rest_route=%2Fwp%2Fv2%2Fmedia&parent=2489"}],"wp:term":[{"taxonomy":"category","embeddable":true,"href":"https:\/\/www.iessenara.es\/Revista\/index.php?rest_route=%2Fwp%2Fv2%2Fcategories&post=2489"},{"taxonomy":"post_tag","embeddable":true,"href":"https:\/\/www.iessenara.es\/Revista\/index.php?rest_route=%2Fwp%2Fv2%2Ftags&post=2489"}],"curies":[{"name":"wp","href":"https:\/\/api.w.org\/{rel}","templated":true}]}}