{"id":251,"date":"2014-03-08T14:47:33","date_gmt":"2014-03-08T14:47:33","guid":{"rendered":"http:\/\/www.iessenara.es\/Revista\/?p=251"},"modified":"2014-03-08T14:47:33","modified_gmt":"2014-03-08T14:47:33","slug":"el-gigante-de-colores","status":"publish","type":"post","link":"https:\/\/www.iessenara.es\/Revista\/?p=251","title":{"rendered":"El gigante de colores"},"content":{"rendered":"<p>\u00c9rase una vez un ni\u00f1o que viv\u00eda solo en el bosque. Todos los d\u00edas sal\u00eda a cortar le\u00f1a. Luego hac\u00eda la lumbre y con ella se hac\u00eda la cena. Hoy tocaba sopa de colores. Cen\u00f3 y se fue a la cama.<\/p>\n<p>Al d\u00eda siguiente sali\u00f3 otra vez a cortar le\u00f1a. Despu\u00e9s de un rato, volvi\u00f3 a casa y se puso a cultivar el huerto. En el huerto ten\u00eda tomates, jud\u00edas, todo tipo de fruta y vegetales. Ten\u00eda un melocotonero y un manzano. Ten\u00eda un mont\u00f3n de melocotones y manzanas dentro de su caba\u00f1a.<\/p>\n<p>\u00c9l viv\u00eda en una caba\u00f1a de madera que se hizo nada m\u00e1s llegar al bosque. Un d\u00eda empez\u00f3 a sentirse solo y crey\u00f3 que estar\u00eda mejor con un amigo; pero no sab\u00eda d\u00f3nde hacer amigos, ya que en el bosque no hab\u00eda nadie.<\/p>\n<p>Por la noche, al hacerse la sopa, se le cayeron muchos alimentos en la cazuela y lo \u00fanico que pudo hacer fue dejarlo. No se lo comi\u00f3, ya que no ten\u00eda buena pinta.<\/p>\n<p>Comi\u00f3 una manzana y se fue a la cama. A la ma\u00f1ana siguiente, al levantarse, vio que dentro de casa ten\u00eda melocotones y manzanas, la lumbre estaba hecha y el huerto cultivado. Pero \u00e9l no hab\u00eda hecho nada, por lo que empez\u00f3 a sospechar que algo pasaba. Cuando observ\u00f3 el caldero donde se le cayeron los alimentos, vio que estaba vac\u00edo y se sorprendi\u00f3 a\u00fan m\u00e1s.<\/p>\n<div id=\"attachment_252\" style=\"width: 310px\" class=\"wp-caption alignright\"><a href=\"http:\/\/www.iessenara.es\/Revista\/wp-content\/uploads\/2014\/03\/Oma.jpg\"><img aria-describedby=\"caption-attachment-252\" decoding=\"async\" loading=\"lazy\" class=\"size-medium wp-image-252\" alt=\"Bosque de Oma (Agust\u00edn Ibarrola)\" src=\"http:\/\/www.iessenara.es\/Revista\/wp-content\/uploads\/2014\/03\/Oma-300x196.jpg\" width=\"300\" height=\"196\" srcset=\"https:\/\/www.iessenara.es\/Revista\/wp-content\/uploads\/2014\/03\/Oma-300x196.jpg 300w, https:\/\/www.iessenara.es\/Revista\/wp-content\/uploads\/2014\/03\/Oma-1024x671.jpg 1024w\" sizes=\"(max-width: 300px) 100vw, 300px\" \/><\/a><p id=\"caption-attachment-252\" class=\"wp-caption-text\">Bosque de Oma (Agust\u00edn Ibarrola)<\/p><\/div>\n<p>Al salir, vio que un gigante de colores estaba cortando le\u00f1a. Se asust\u00f3 y se meti\u00f3 en la caba\u00f1a. Nada m\u00e1s cerrar la puerta, una lluvia de ideas le inund\u00f3 la cabeza: \u201c\u00bfSalgo corriendo? \u00bfMe quedo? \u00bfSer\u00e1 malo? \u00bfSer\u00e1 bueno?&#8230;\u201d.<\/p>\n<p>Al final se decidi\u00f3 a salir. Habl\u00f3 con el gigante y vio que era un gigante bueno.<\/p>\n<p>\u2013Hola \u2013dijo el gigante. Me llamo\u2026 \u00a1espera! \u00a1No s\u00e9 c\u00f3mo me llamo! T\u00fa me has creado, as\u00ed que t\u00fa me pondr\u00e1s nombre.<\/p>\n<p>El chico se par\u00f3 a pensar y dijo:<\/p>\n<p>\u2013Te llamar\u00e1s Coloretes.<\/p>\n<p>\u2013Vale, ese nombre me gusta.<\/p>\n<p>\u2013Mmmm,\u2026 s\u00ed, te llamar\u00e1s Coloretes y ser\u00e1s mi familia.<\/p>\n<p>\u2013Pero yo no puedo ser tu familia. T\u00fa tienes que estar con tu familia de verdad.<\/p>\n<p>\u2013No tengo\u2026 Me perd\u00ed en el bosque y me qued\u00e9 a vivir aqu\u00ed.<\/p>\n<p>\u2013Yo no puedo ser tu familia. Soy un gigante. Acabar\u00eda por hacerte da\u00f1o. Esta noche partir\u00e9. Pero alg\u00fan d\u00eda volver\u00e9.<\/p>\n<p>&nbsp;<\/p>\n<p>El gigante se fue esa misma noche.<\/p>\n<p>&nbsp;<\/p>\n<p style=\"text-align: center\"><span style=\"color: #0000ff\"><strong>TRES A\u00d1OS DESPU\u00c9S\u2026.<\/strong><\/span><\/p>\n<p>&nbsp;<\/p>\n<p>El ni\u00f1o se asom\u00f3 por la ventana y vio a un gigante que ven\u00eda saltando hacia la caba\u00f1a, con gente en la mano.<\/p>\n<p>\u2013\u00a1\u00a1Es Coloretes!!<\/p>\n<p>Cuando Coloretes llam\u00f3 a la puerta y puso a esa gente en el suelo, el ni\u00f1o abri\u00f3 la boca y dijo:<\/p>\n<p>\u2013\u00a1Pap\u00e1! \u00a1Mam\u00e1! \u00a1\u00a1\u00a1Mi familia!!!<\/p>\n<p>El gigante hab\u00eda encontrado a su familia.<\/p>\n<p>Todos, incluido el gigante Coloretes, se quedaron a vivir en el bosque y vivieron felices cultivando el huerto, recogiendo le\u00f1a\u2026<\/p>\n<p>&nbsp;<\/p>\n<p style=\"text-align: right\"><strong><span style=\"color: #ff0000\">Daniel<\/span> <span style=\"color: #008000\">Pablos<\/span> <span style=\"color: #0000ff\">\u00c1lvarez\u00a0<\/span> <span style=\"color: #993300\">(1\u00ba ESO A)<\/span><\/strong><\/p>\n","protected":false},"excerpt":{"rendered":"<p>\u00c9rase una vez un ni\u00f1o que viv\u00eda solo en el bosque. Todos los d\u00edas sal\u00eda a cortar le\u00f1a. Luego hac\u00eda la lumbre y con ella se hac\u00eda la cena. Hoy tocaba sopa de colores.&#46;&#46;&#46;<\/p>\n","protected":false},"author":3,"featured_media":252,"comment_status":"open","ping_status":"open","sticky":false,"template":"","format":"standard","meta":{"jetpack_post_was_ever_published":false,"jetpack_publicize_message":"","jetpack_is_tweetstorm":false,"jetpack_publicize_feature_enabled":true,"jetpack_social_options":[]},"categories":[10],"tags":[15],"jetpack_publicize_connections":[],"jetpack_featured_media_url":"https:\/\/www.iessenara.es\/Revista\/wp-content\/uploads\/2014\/03\/Oma.jpg","jetpack_sharing_enabled":true,"jetpack_shortlink":"https:\/\/wp.me\/p5mbkp-43","_links":{"self":[{"href":"https:\/\/www.iessenara.es\/Revista\/index.php?rest_route=\/wp\/v2\/posts\/251"}],"collection":[{"href":"https:\/\/www.iessenara.es\/Revista\/index.php?rest_route=\/wp\/v2\/posts"}],"about":[{"href":"https:\/\/www.iessenara.es\/Revista\/index.php?rest_route=\/wp\/v2\/types\/post"}],"author":[{"embeddable":true,"href":"https:\/\/www.iessenara.es\/Revista\/index.php?rest_route=\/wp\/v2\/users\/3"}],"replies":[{"embeddable":true,"href":"https:\/\/www.iessenara.es\/Revista\/index.php?rest_route=%2Fwp%2Fv2%2Fcomments&post=251"}],"version-history":[{"count":1,"href":"https:\/\/www.iessenara.es\/Revista\/index.php?rest_route=\/wp\/v2\/posts\/251\/revisions"}],"predecessor-version":[{"id":253,"href":"https:\/\/www.iessenara.es\/Revista\/index.php?rest_route=\/wp\/v2\/posts\/251\/revisions\/253"}],"wp:featuredmedia":[{"embeddable":true,"href":"https:\/\/www.iessenara.es\/Revista\/index.php?rest_route=\/wp\/v2\/media\/252"}],"wp:attachment":[{"href":"https:\/\/www.iessenara.es\/Revista\/index.php?rest_route=%2Fwp%2Fv2%2Fmedia&parent=251"}],"wp:term":[{"taxonomy":"category","embeddable":true,"href":"https:\/\/www.iessenara.es\/Revista\/index.php?rest_route=%2Fwp%2Fv2%2Fcategories&post=251"},{"taxonomy":"post_tag","embeddable":true,"href":"https:\/\/www.iessenara.es\/Revista\/index.php?rest_route=%2Fwp%2Fv2%2Ftags&post=251"}],"curies":[{"name":"wp","href":"https:\/\/api.w.org\/{rel}","templated":true}]}}