{"id":2551,"date":"2021-06-11T17:11:54","date_gmt":"2021-06-11T17:11:54","guid":{"rendered":"http:\/\/www.iessenara.es\/Revista\/?p=2551"},"modified":"2021-06-11T17:11:56","modified_gmt":"2021-06-11T17:11:56","slug":"hablamos-sobre-educacion-y-cambio-climatico-con-el-profesor-camilo-ruiz-mendez","status":"publish","type":"post","link":"https:\/\/www.iessenara.es\/Revista\/?p=2551","title":{"rendered":"Hablamos sobre Educaci\u00f3n y Cambio Clim\u00e1tico con el profesor Camilo Ruiz M\u00e9ndez"},"content":{"rendered":"\n<p>DEPARTAMENTO DE BIOLOG\u00cdA Y GEOLOG\u00cdA<\/p>\n\n\n\n<div class=\"wp-block-image\"><figure class=\"alignleft size-large is-resized\"><img decoding=\"async\" loading=\"lazy\" src=\"http:\/\/www.iessenara.es\/Revista\/wp-content\/uploads\/2021\/06\/1-Foto-Profesor-Camilo-Ruiz.jpg\" alt=\"\" class=\"wp-image-2553\" width=\"362\" height=\"362\" srcset=\"https:\/\/www.iessenara.es\/Revista\/wp-content\/uploads\/2021\/06\/1-Foto-Profesor-Camilo-Ruiz.jpg 225w, https:\/\/www.iessenara.es\/Revista\/wp-content\/uploads\/2021\/06\/1-Foto-Profesor-Camilo-Ruiz-150x150.jpg 150w, https:\/\/www.iessenara.es\/Revista\/wp-content\/uploads\/2021\/06\/1-Foto-Profesor-Camilo-Ruiz-80x80.jpg 80w\" sizes=\"(max-width: 362px) 100vw, 362px\" \/><figcaption><br>Imagen 1: Profesor Doctor Camilo Ruiz M\u00e9ndez<\/figcaption><\/figure><\/div>\n\n\n\n<p>Otra de las actividades organizadas por el Departamento de Biolog\u00eda y Geolog\u00eda, enmarcadas dentro del Plan de Educaci\u00f3n Ambiental de nuestro centro, ha sido la entrevista realizada al Profesor de la Facultad de Educaci\u00f3n de la Universidad de Salamanca, Camilo Ruiz M\u00e9ndez. En esta ocasi\u00f3n abordamos el cambio clim\u00e1tico haciendo hincapi\u00e9 en el tema de la educaci\u00f3n en cambio clim\u00e1tico.<\/p>\n\n\n\n<div class=\"wp-block-image\"><figure class=\"alignright size-large is-resized\"><img decoding=\"async\" loading=\"lazy\" src=\"http:\/\/www.iessenara.es\/Revista\/wp-content\/uploads\/2021\/06\/Logo_Cambio-Climatico-05-789x1024.png\" alt=\"\" class=\"wp-image-2554\" width=\"389\" height=\"504\" srcset=\"https:\/\/www.iessenara.es\/Revista\/wp-content\/uploads\/2021\/06\/Logo_Cambio-Climatico-05-789x1024.png 789w, https:\/\/www.iessenara.es\/Revista\/wp-content\/uploads\/2021\/06\/Logo_Cambio-Climatico-05-231x300.png 231w, https:\/\/www.iessenara.es\/Revista\/wp-content\/uploads\/2021\/06\/Logo_Cambio-Climatico-05-768x997.png 768w, https:\/\/www.iessenara.es\/Revista\/wp-content\/uploads\/2021\/06\/Logo_Cambio-Climatico-05.png 988w\" sizes=\"(max-width: 389px) 100vw, 389px\" \/><figcaption>Imagen 2: Logo del Grupo de Investigaci\u00f3n Reconocido (GIR) <strong>Educaci\u00f3n, Matem\u00e1ticas, Ciencias y Cambio Clim\u00e1tico (EMC3)<\/strong> de la Universidad de Salamanca.<\/figcaption><\/figure><\/div>\n\n\n\n<p>El Doctor Ruiz es F\u00edsico especializado en l\u00e1seres ultracortos y ultraintensos. En la actualidad se dedica a la Educaci\u00f3n en Cambio Clim\u00e1tico. <\/p>\n\n\n\n<p>Es miembro del Grupo de Investigaci\u00f3n Reconocido (GIR) <strong>Educaci\u00f3n, Matem\u00e1ticas, Ciencias y Cambio Clim\u00e1tico (EMC3)<\/strong> de la Universidad de Salamanca: <a href=\"https:\/\/educacioncambioclimatico.usal.es\/\">https:\/\/educacioncambioclimatico.usal.es\/<\/a>. La educaci\u00f3n cient\u00edfica es fundamental para enfrentar la crisis clim\u00e1tica. El grupo EMC3 investiga diferentes aspectos de la educaci\u00f3n y el cambio clim\u00e1tico para hacer que la educaci\u00f3n sea una herramienta fundamental para la mitigaci\u00f3n y adaptaci\u00f3n al cambio clim\u00e1tico.<\/p>\n\n\n\n<p>La actividad fue realizada por los alumnos de 4.\u00ba de ESO A con la materia Biolog\u00eda y Geolog\u00eda y los alumnos de 2.\u00ba de Bachillerato de la materia Ciencias de la Tierra y del Medio Ambiente.<\/p>\n\n\n\n<p>Tras varias sesiones de trabajo, investigaci\u00f3n y profundizaci\u00f3n en el tema del cambio clim\u00e1tico, los alumnos plantearon al profesor Ruiz diversas cuestiones acerca de su trabajo en cambio clim\u00e1tico y educaci\u00f3n. Las preguntas planteadas por los alumnos, todas ellas interesant\u00edsimas, fueron las siguientes:<\/p>\n\n\n\n<ol type=\"1\"><li><em>\u00bfQu\u00e9 es el Grupo de Investigaci\u00f3n Reconocido EMC3 de la Universidad de Salamanca y cu\u00e1les son sus principales objetivos?<\/em><\/li><li><em>Una de las l\u00edneas principales de investigaci\u00f3n de su grupo se centra en la Educaci\u00f3n y el cambio clim\u00e1tico. \u00bfCu\u00e1les son los fines de esta l\u00ednea de investigaci\u00f3n?<\/em><\/li><li><em>T\u00fa eres f\u00edsico de formaci\u00f3n, \u00bfQu\u00e9 te empuj\u00f3 a dedicarte a este tema?<\/em><em><\/em><\/li><li><em>\u00bfQu\u00e9 es el cambio clim\u00e1tico?<\/em><\/li><li><em>\u00bfCu\u00e1les son las principales causas del cambio clim\u00e1tico?<\/em><em><\/em><\/li><li><em>\u00bfSon s\u00f3lidas las evidencias cient\u00edficas acerca del cambio clim\u00e1tico? \u00bfNo ha habido siempre cambios clim\u00e1ticos a lo largo de la historia de la Tierra? \u00bfPor qu\u00e9 es entonces tan preocupante?<\/em><\/li><li><em>\u00bfExisten pruebas que demuestren realmente que el clima est\u00e1 cambiando a causa de las acciones humanas?<\/em><\/li><li><em>\u00bfExisten desacuerdos entre los cient\u00edficos sobre el cambio clim\u00e1tico?<\/em><\/li><li><em>\u00bfCu\u00e1les son o ser\u00e1n las principales consecuencias del cambio clim\u00e1tico? (Agua, Flora y Fauna, Clima, Salud\u2026)<\/em><\/li><li><em>\u00bfCu\u00e1nto m\u00e1s podr\u00eda aumentar la temperatura? <\/em><em>\u00bfC\u00f3mo puede el cambio de uno o dos grados en las temperaturas medias mundiales tener un impacto en nuestras vidas?<\/em><\/li><li><em>\u00bfQui\u00e9nes son los \u201cnegacionistas\u201d del cambio clim\u00e1tico y por qu\u00e9 lo cuestionan?<\/em><\/li><li><em>\u00bfQu\u00e9 opinas sobre lo que algunos pol\u00edticos est\u00e1n diciendo de que el cambio clim\u00e1tico no existe?<\/em><em><\/em><\/li><li><em>\u00bfPodemos frenar el cambio clim\u00e1tico? Si es as\u00ed, \u00bfc\u00f3mo? \u00bfEsto supondr\u00eda un empeoramiento en nuestra calidad de vida?<\/em><em><\/em><\/li><li><em>\u00bfCu\u00e1les son o han sido los principales acuerdos internacionales en materia de cambio clim\u00e1tico?<\/em><\/li><li><em>\u00bfQu\u00e9 podemos hacer desde los pueblos para reducir la contaminaci\u00f3n en estas \u00e1reas?<\/em><em><\/em><\/li><li><em>\u00bfQu\u00e9 medidas deber\u00edamos tomar desde el instituto para cuidar el medio ambiente?<\/em><em><\/em><\/li><li><em>\u00bfQu\u00e9 importancia tiene la educaci\u00f3n en el conocimiento del cambio clim\u00e1tico y en la toma diaria de decisiones personales?<\/em><\/li><li><em>\u00bfQu\u00e9 crees que podemos hacer los adolescentes para frenar el cambio clim\u00e1tico?<\/em><em><\/em><\/li><li><em>\u00bfCrees que las grandes industrias querr\u00e1n reducir su contaminaci\u00f3n?<\/em><em><\/em><\/li><li><em>\u00bfEs posible un futuro medioambiental m\u00e1s sostenible?<\/em><em><\/em><\/li><li><em>\u00bfSe te ocurre alguna idea para hacer que la producci\u00f3n y el consumo de productos sea m\u00e1s respetuoso con el medio ambiente?<\/em><em><\/em><\/li><li><em>\u00bfQu\u00e9 piensas de la situaci\u00f3n del medio ambiente en la zona de Salamanca?<\/em><em><\/em><\/li><li><em>\u00bfCu\u00e1l ser\u00eda el escenario mundial m\u00e1s optimista? \u00bfY el m\u00e1s pesimista?<\/em><\/li><\/ol>\n\n\n\n<p>El Profesor Ruiz respondi\u00f3 muy precisa y detalladamente a todas las cuestiones planteadas, utilizando para ello abundante material gr\u00e1fico. La intervenci\u00f3n completa del Profesor Ruiz pod\u00e9is verla en el siguiente enlace:<\/p>\n\n\n\n<figure class=\"wp-block-embed-youtube wp-block-embed is-type-video is-provider-youtube wp-embed-aspect-16-9 wp-has-aspect-ratio\"><div class=\"wp-block-embed__wrapper\">\n<div class=\"video-container\"><span class=\"embed-youtube\" style=\"text-align:center; display: block;\"><iframe loading=\"lazy\" class=\"youtube-player\" width=\"640\" height=\"360\" src=\"https:\/\/www.youtube.com\/embed\/frtxO87aQnM?version=3&#038;rel=1&#038;showsearch=0&#038;showinfo=1&#038;iv_load_policy=1&#038;fs=1&#038;hl=es-ES&#038;autohide=2&#038;wmode=transparent\" allowfullscreen=\"true\" style=\"border:0;\" sandbox=\"allow-scripts allow-same-origin allow-popups allow-presentation\"><\/iframe><\/span><\/div>\n<\/div><\/figure>\n\n\n\n<p>Cuando los alumnos recibieron el v\u00eddeo con las respuestas del Profesor, lo visualizaron en clase durante un par de sesiones. Seg\u00fan sus opiniones, el v\u00eddeo es muy claro y ameno. Las preguntas est\u00e1n muy bien explicadas y han aprendido muchas cosas nuevas sobre el tema.<\/p>\n\n\n\n<p>Desde aqu\u00ed queremos agradecer al profesor Ruiz su disposici\u00f3n y colaboraci\u00f3n en todo momento y le invitamos a visitar el IES Senara en persona durante el pr\u00f3ximo curso acad\u00e9mico, confiando en que la situaci\u00f3n sanitaria lo permita. \u00a1Muchas gracias, Profesor!<\/p>\n","protected":false},"excerpt":{"rendered":"<p>DEPARTAMENTO DE BIOLOG\u00cdA Y GEOLOG\u00cdA Otra de las actividades organizadas por el Departamento de Biolog\u00eda y Geolog\u00eda, enmarcadas dentro del Plan de Educaci\u00f3n Ambiental de nuestro centro, ha sido la entrevista realizada al Profesor&#46;&#46;&#46;<\/p>\n","protected":false},"author":3,"featured_media":2560,"comment_status":"open","ping_status":"open","sticky":false,"template":"","format":"standard","meta":{"jetpack_post_was_ever_published":false,"jetpack_publicize_message":"","jetpack_is_tweetstorm":false,"jetpack_publicize_feature_enabled":true,"jetpack_social_options":[]},"categories":[9],"tags":[171,193,16,170],"jetpack_publicize_connections":[],"jetpack_featured_media_url":"https:\/\/www.iessenara.es\/Revista\/wp-content\/uploads\/2021\/06\/camilo.ruiz_.mendez.jpg","jetpack_sharing_enabled":true,"jetpack_shortlink":"https:\/\/wp.me\/p5mbkp-F9","_links":{"self":[{"href":"https:\/\/www.iessenara.es\/Revista\/index.php?rest_route=\/wp\/v2\/posts\/2551"}],"collection":[{"href":"https:\/\/www.iessenara.es\/Revista\/index.php?rest_route=\/wp\/v2\/posts"}],"about":[{"href":"https:\/\/www.iessenara.es\/Revista\/index.php?rest_route=\/wp\/v2\/types\/post"}],"author":[{"embeddable":true,"href":"https:\/\/www.iessenara.es\/Revista\/index.php?rest_route=\/wp\/v2\/users\/3"}],"replies":[{"embeddable":true,"href":"https:\/\/www.iessenara.es\/Revista\/index.php?rest_route=%2Fwp%2Fv2%2Fcomments&post=2551"}],"version-history":[{"count":6,"href":"https:\/\/www.iessenara.es\/Revista\/index.php?rest_route=\/wp\/v2\/posts\/2551\/revisions"}],"predecessor-version":[{"id":2559,"href":"https:\/\/www.iessenara.es\/Revista\/index.php?rest_route=\/wp\/v2\/posts\/2551\/revisions\/2559"}],"wp:featuredmedia":[{"embeddable":true,"href":"https:\/\/www.iessenara.es\/Revista\/index.php?rest_route=\/wp\/v2\/media\/2560"}],"wp:attachment":[{"href":"https:\/\/www.iessenara.es\/Revista\/index.php?rest_route=%2Fwp%2Fv2%2Fmedia&parent=2551"}],"wp:term":[{"taxonomy":"category","embeddable":true,"href":"https:\/\/www.iessenara.es\/Revista\/index.php?rest_route=%2Fwp%2Fv2%2Fcategories&post=2551"},{"taxonomy":"post_tag","embeddable":true,"href":"https:\/\/www.iessenara.es\/Revista\/index.php?rest_route=%2Fwp%2Fv2%2Ftags&post=2551"}],"curies":[{"name":"wp","href":"https:\/\/api.w.org\/{rel}","templated":true}]}}