{"id":2614,"date":"2021-06-17T21:23:32","date_gmt":"2021-06-17T21:23:32","guid":{"rendered":"http:\/\/www.iessenara.es\/Revista\/?p=2614"},"modified":"2021-07-06T09:52:19","modified_gmt":"2021-07-06T09:52:19","slug":"revista-cosas-del-senara","status":"publish","type":"post","link":"https:\/\/www.iessenara.es\/Revista\/?p=2614","title":{"rendered":"CS: Balance del curso 2020\/2021"},"content":{"rendered":"\n<p>JOS\u00c9 FERNANDO PABLOS NAVAZO<\/p>\n\n\n\n<p>A punto de terminar el curso 2020\/2021, la Redacci\u00f3n de la Revista <em>Cosas del Senara<\/em> hace balance del a\u00f1o. Las clases comenzaron con todas las medidas de seguridad que exig\u00eda el protocolo marcado por la Junta de Castilla y Le\u00f3n: distancia de seguridad, grupos reducidos, distanciamiento, mascarillas, higiene\u2026 Todo ello condicion\u00f3 tambi\u00e9n la forma de trabajar del equipo de redacci\u00f3n: ya no nos reunir\u00edamos f\u00edsicamente en los recreos, las comunicaciones ser\u00edan <em>online<\/em>\u2026, pero, pese a todo, podemos asegurar que la revista ha seguido gozando de muy buena salud.<\/p>\n\n\n\n<p>Este balance positivo se lo debemos a los departamentos que han colaborado con la redacci\u00f3n de la revista, dando a conocer las actividades que desarrollan con los alumnos, o con art\u00edculos creados <em>ad hoc<\/em>, as\u00ed como con la inestimable colaboraci\u00f3n de Luc\u00eda S\u00e1nchez de la Torre, una alumna de 2.\u00ba de bachillerato de humanidades, que ha compuesto una serie de 34 vi\u00f1etas, una semanal, en las que ha reflejado la vida del instituto, los azares de la pandemia y la actualidad nacional e internacional. Gracias, Luc\u00eda.<\/p>\n\n\n\n<p>Comenzamos el curso con una entrevista en v\u00eddeo al director y a las coordinadoras COVID, en la que mostr\u00e1bamos c\u00f3mo era la vida del instituto durante el estado de alarma, y la terminamos con una entrevista en podcast a los alumnos de 2.\u00ba de bachillerato, quienes nos contaban sus vivencias en el centro y sus expectativas de futuro. Entre medias hemos publicado todo tipo de art\u00edculos: vi\u00f1etas, textos, reportajes, v\u00eddeos y audios.<\/p>\n\n\n\n<p>A la Revista <em>Cosas del Senara<\/em> se ha unido desde este curso su hermana en podcast: este formato nos ha permitido presentar entrevistas, ficci\u00f3n sonora\u2026 y queda abierta la puerta para nuevos programas.<\/p>\n\n\n\n<p>Varios temas han sido los que m\u00e1s nos han ocupado y preocupado: la pandemia generada por el SARS-CoV-2, el cambio clim\u00e1tico y el cuidado del medio ambiente y la igualdad de g\u00e9nero. Han sido protagonistas los alumnos de Formaci\u00f3n Profesional y del Programa para la Mejora del Rendimiento (PMAR) con entrevistas a personalidades destacadas del mundo de la ciencia; el programa de biling\u00fcismo ha tenido una presencia muy destacada; hemos disfrutado con art\u00edculos de m\u00fasica, as\u00ed como con poes\u00edas y relatos de ficci\u00f3n en espa\u00f1ol, ingl\u00e9s y franc\u00e9s. La labor desarrollada en las tutor\u00edas con los alumnos ha encontrado su eco en <em>Cosas del Senara<\/em> y los alumnos nos han recomendado sus lecturas. Y, para quien quiera conocer c\u00f3mo es nuestro centro y no tenga tiempo de leer todos nuestros art\u00edculos, varios profesores y alumnos han elaborado un v\u00eddeo con un recorrido por todo nuestro centro.<\/p>\n\n\n\n<p>Aunque todo balance ha de mostrarse en cifras -mostramos a continuaci\u00f3n algunos n\u00fameros-, el esp\u00edritu colaborador, el entusiasmo puesto en cada art\u00edculo, las ganas de dar a conocer nuestras creaciones, el buen hacer de alumnos y profesores es lo que hace de la Revista <em>Cosas del Senara<\/em> algo especial. Y eso no se cuenta con los dedos.<\/p>\n\n\n\n<p>Muchas gracias a todos. Continuar\u00e1.<\/p>\n\n\n\n<figure class=\"wp-block-image size-large\"><img decoding=\"async\" loading=\"lazy\" width=\"1024\" height=\"399\" src=\"http:\/\/www.iessenara.es\/Revista\/wp-content\/uploads\/2021\/06\/visitas-por-meses-1-1024x399.jpg\" alt=\"\" class=\"wp-image-2621\" srcset=\"https:\/\/www.iessenara.es\/Revista\/wp-content\/uploads\/2021\/06\/visitas-por-meses-1-1024x399.jpg 1024w, https:\/\/www.iessenara.es\/Revista\/wp-content\/uploads\/2021\/06\/visitas-por-meses-1-300x117.jpg 300w, https:\/\/www.iessenara.es\/Revista\/wp-content\/uploads\/2021\/06\/visitas-por-meses-1-768x299.jpg 768w, https:\/\/www.iessenara.es\/Revista\/wp-content\/uploads\/2021\/06\/visitas-por-meses-1.jpg 1530w\" sizes=\"(max-width: 1024px) 100vw, 1024px\" \/><figcaption>Visitas a la Revista Cosas del Senara por meses, desde su creaci\u00f3n en noviembre de 2014. La revista se public\u00f3 en papel el primer curso del instituto (1997\/1998), hasta sacar un total de 8 n\u00fameros. El n\u00ba 8 sali\u00f3 en junio de 2011.<\/figcaption><\/figure>\n\n\n\n<figure class=\"wp-block-image size-large\"><img decoding=\"async\" loading=\"lazy\" width=\"1024\" height=\"692\" src=\"http:\/\/www.iessenara.es\/Revista\/wp-content\/uploads\/2021\/06\/paises.2021-1024x692.jpg\" alt=\"\" class=\"wp-image-2620\" srcset=\"https:\/\/www.iessenara.es\/Revista\/wp-content\/uploads\/2021\/06\/paises.2021-1024x692.jpg 1024w, https:\/\/www.iessenara.es\/Revista\/wp-content\/uploads\/2021\/06\/paises.2021-300x203.jpg 300w, https:\/\/www.iessenara.es\/Revista\/wp-content\/uploads\/2021\/06\/paises.2021-768x519.jpg 768w, https:\/\/www.iessenara.es\/Revista\/wp-content\/uploads\/2021\/06\/paises.2021.jpg 1232w\" sizes=\"(max-width: 1024px) 100vw, 1024px\" \/><figcaption>Lectores por pa\u00edses durante el curso 2020\/2021. La mayor parte de los lectores de <em>Cosas del Senara<\/em> procede de pa\u00edses de habla hispana. <\/figcaption><\/figure>\n","protected":false},"excerpt":{"rendered":"<p>JOS\u00c9 FERNANDO PABLOS NAVAZO A punto de terminar el curso 2020\/2021, la Redacci\u00f3n de la Revista Cosas del Senara hace balance del a\u00f1o. Las clases comenzaron con todas las medidas de seguridad que exig\u00eda&#46;&#46;&#46;<\/p>\n","protected":false},"author":3,"featured_media":2633,"comment_status":"open","ping_status":"open","sticky":false,"template":"","format":"standard","meta":{"jetpack_post_was_ever_published":false,"jetpack_publicize_message":"","jetpack_is_tweetstorm":false,"jetpack_publicize_feature_enabled":true,"jetpack_social_options":[]},"categories":[3],"tags":[286,287,65],"jetpack_publicize_connections":[],"jetpack_featured_media_url":"https:\/\/www.iessenara.es\/Revista\/wp-content\/uploads\/2021\/06\/logos-cs.jpg","jetpack_sharing_enabled":true,"jetpack_shortlink":"https:\/\/wp.me\/p5mbkp-Ga","_links":{"self":[{"href":"https:\/\/www.iessenara.es\/Revista\/index.php?rest_route=\/wp\/v2\/posts\/2614"}],"collection":[{"href":"https:\/\/www.iessenara.es\/Revista\/index.php?rest_route=\/wp\/v2\/posts"}],"about":[{"href":"https:\/\/www.iessenara.es\/Revista\/index.php?rest_route=\/wp\/v2\/types\/post"}],"author":[{"embeddable":true,"href":"https:\/\/www.iessenara.es\/Revista\/index.php?rest_route=\/wp\/v2\/users\/3"}],"replies":[{"embeddable":true,"href":"https:\/\/www.iessenara.es\/Revista\/index.php?rest_route=%2Fwp%2Fv2%2Fcomments&post=2614"}],"version-history":[{"count":7,"href":"https:\/\/www.iessenara.es\/Revista\/index.php?rest_route=\/wp\/v2\/posts\/2614\/revisions"}],"predecessor-version":[{"id":2647,"href":"https:\/\/www.iessenara.es\/Revista\/index.php?rest_route=\/wp\/v2\/posts\/2614\/revisions\/2647"}],"wp:featuredmedia":[{"embeddable":true,"href":"https:\/\/www.iessenara.es\/Revista\/index.php?rest_route=\/wp\/v2\/media\/2633"}],"wp:attachment":[{"href":"https:\/\/www.iessenara.es\/Revista\/index.php?rest_route=%2Fwp%2Fv2%2Fmedia&parent=2614"}],"wp:term":[{"taxonomy":"category","embeddable":true,"href":"https:\/\/www.iessenara.es\/Revista\/index.php?rest_route=%2Fwp%2Fv2%2Fcategories&post=2614"},{"taxonomy":"post_tag","embeddable":true,"href":"https:\/\/www.iessenara.es\/Revista\/index.php?rest_route=%2Fwp%2Fv2%2Ftags&post=2614"}],"curies":[{"name":"wp","href":"https:\/\/api.w.org\/{rel}","templated":true}]}}