{"id":2625,"date":"2021-06-20T17:09:48","date_gmt":"2021-06-20T17:09:48","guid":{"rendered":"http:\/\/www.iessenara.es\/Revista\/?p=2625"},"modified":"2021-06-20T17:09:49","modified_gmt":"2021-06-20T17:09:49","slug":"echar-el-cierre","status":"publish","type":"post","link":"https:\/\/www.iessenara.es\/Revista\/?p=2625","title":{"rendered":"Echar el cierre"},"content":{"rendered":"\n<p>LUC\u00cdA S\u00c1NCHEZ DE LA TORRE. 2.\u00ba Bachillerato HCS<\/p>\n\n\n\n<figure class=\"wp-block-image size-large\"><img decoding=\"async\" loading=\"lazy\" width=\"1024\" height=\"768\" src=\"http:\/\/www.iessenara.es\/Revista\/wp-content\/uploads\/2021\/06\/34.Echar_.el_.cierre-1024x768.jpg\" alt=\"\" class=\"wp-image-2626\" srcset=\"https:\/\/www.iessenara.es\/Revista\/wp-content\/uploads\/2021\/06\/34.Echar_.el_.cierre-1024x768.jpg 1024w, https:\/\/www.iessenara.es\/Revista\/wp-content\/uploads\/2021\/06\/34.Echar_.el_.cierre-300x225.jpg 300w, https:\/\/www.iessenara.es\/Revista\/wp-content\/uploads\/2021\/06\/34.Echar_.el_.cierre-768x576.jpg 768w, https:\/\/www.iessenara.es\/Revista\/wp-content\/uploads\/2021\/06\/34.Echar_.el_.cierre-1536x1152.jpg 1536w, https:\/\/www.iessenara.es\/Revista\/wp-content\/uploads\/2021\/06\/34.Echar_.el_.cierre-2048x1536.jpg 2048w\" sizes=\"(max-width: 1024px) 100vw, 1024px\" \/><\/figure>\n\n\n\n<p class=\"has-drop-cap\">Acompa\u00f1ada por la nostalgia, publico hoy estas \u00faltimas palabras antes de cruzar definitivamente la puerta del Senara y dejar atr\u00e1s nuestro querido refugio de chapa azulada. As\u00ed como el d\u00eda de la graduaci\u00f3n mis ojos no pudieron evitar volverse brillantes, hoy despido la revista del centro con ineludibles aires tristes. Son momentos cargados de emociones varias: incertidumbre y entusiasmo por la nueva etapa que comienzo, y melancol\u00eda y quebranto por este ciclo que cierro.<\/p>\n\n\n\n<p>En cuanto a la revista <em>Cosas del Senara<\/em>, he de confesar que me cost\u00f3 entrar. Quise meter la cabeza en tercero de ESO, pero mi timidez aventajaba a mis ganas. Un curso despu\u00e9s, m\u00e1s suelta, acud\u00ed a la primera reuni\u00f3n de la redacci\u00f3n y propuse a Fernando, capit\u00e1n del barco, dar sonoridad al bolet\u00edn. A\u00fan recuerdo la cara de sorpresa que puso alg\u00fan tripulante\u2026 De esta forma, me sumerg\u00ed en el divertido mar de las entrevistas. Ya en bachillerato y a ra\u00edz de la cuarentena, opt\u00e9 por los relatos y los textos de opini\u00f3n, los cuales me sirvieron para darme cuenta de que la escritura no era solo mi guarida. Finalmente, en este \u00faltimo curso empec\u00e9 con las vi\u00f1etas. Esta tira gr\u00e1fica que hoy finalizo ha sido un alivio dentro de un curso que me ten\u00eda en tensi\u00f3n cada segundo.<\/p>\n\n\n\n<p>Ahora bien, antes de escribir el inevitable punto final, quisiera destacar en estos p\u00e1rrafos a aquellos que han estado mostr\u00e1ndome su apoyo y que, con sus \u00e1nimos y aportaciones, han hecho posible la llegada a la trig\u00e9simo cuarta vi\u00f1eta.<\/p>\n\n\n\n<p>En primer lugar, me gustar\u00eda enviar un afectuoso abrazo a todas aquellas personas que, o bien durante todos estos domingos, o bien durante los tres cursos que he participado en la revista, han le\u00eddo, escuchado o visto mis publicaciones. Gracias a todos vosotros por dedicarme un ratito de vuestro tiempo.<br>Asimismo, debo hacer una menci\u00f3n especial a mi familia, que ha sido fan\u00e1tica de primera fila. Fue ella la que se hizo con una tableta gr\u00e1fica para que yo pudiera convertir mis ideas f\u00edsicas en dibujos digitales, ha sido ella la que me ha encendido la bombilla cuando parec\u00eda fundida y, por supuesto, es ella la que sigue en alerta cada uno de mis pasos para levantarme en cada tropiezo.<br>Tambi\u00e9n deseo saludar a mis amigos, que han seguido la tira de vi\u00f1etas desde la primera hasta la \u00faltima.<\/p>\n\n\n\n<p>Adem\u00e1s, refiri\u00e9ndome a cuestiones educativas, quisiera mostrar mi agradecimiento en esta publicaci\u00f3n a los profesores que me han dado clase durante estos a\u00f1os. Cada uno de ellos ha inspirado en m\u00ed el deseo de ense\u00f1ar, que es una tarea fundamental para la sociedad y una labor muy bonita. Gracias a todos por vuestro trato cercano, por la magia de vuestras tizas y por la pasi\u00f3n latente en cada una de vuestras clases.<br>Ahora bien, en concreto, me gustar\u00eda brindar unas l\u00edneas a Jos\u00e9 Fernando Pablos Navazo, profesor de lat\u00edn y director de la revista <em>Cosas del Senara<\/em>. Gracias a \u00e9l he podido explorar rincones creativos que desconoc\u00eda y he tenido un lugar en el que plasmar mis pensamientos, mi credo y mis emociones, de manera libre y sin presiones de ning\u00fan tipo. Su labor en la revista es meritoria y sus esfuerzos por hacerla crecer son inconcebibles. Gracias, Fernando.<\/p>\n\n\n\n<p>Acerca de esta \u00faltima idea, concluyendo, quisiera dejar un mensaje para aquellos alumnos que se quedan: la revista del instituto es un medio magn\u00edfico para que descubr\u00e1is y os manifest\u00e9is. Tenemos una suerte inmensa de contar con ella y, por ende, debemos mantenerla. Es cierto que el tiempo es oro y que la verg\u00fcenza triunfa; pero hay que respirar hondo, armarse de valor y de ganas, y adornar el Senara con l\u00edneas y palabras. Aqu\u00ed dejo, para vosotros, la llave de esta puerta de chapa que hoy baja. De coraz\u00f3n espero que alguien contin\u00fae y que a \u00e9ste le sigan otros.<\/p>\n\n\n\n<div class=\"wp-block-image\"><figure class=\"aligncenter size-large is-resized\"><img decoding=\"async\" loading=\"lazy\" src=\"http:\/\/www.iessenara.es\/Revista\/wp-content\/uploads\/2021\/06\/34.La_.llave_.jpg\" alt=\"\" class=\"wp-image-2627\" width=\"207\" height=\"207\" srcset=\"https:\/\/www.iessenara.es\/Revista\/wp-content\/uploads\/2021\/06\/34.La_.llave_.jpg 591w, https:\/\/www.iessenara.es\/Revista\/wp-content\/uploads\/2021\/06\/34.La_.llave_-300x300.jpg 300w, https:\/\/www.iessenara.es\/Revista\/wp-content\/uploads\/2021\/06\/34.La_.llave_-150x150.jpg 150w, https:\/\/www.iessenara.es\/Revista\/wp-content\/uploads\/2021\/06\/34.La_.llave_-80x80.jpg 80w, https:\/\/www.iessenara.es\/Revista\/wp-content\/uploads\/2021\/06\/34.La_.llave_-320x320.jpg 320w\" sizes=\"(max-width: 207px) 100vw, 207px\" \/><\/figure><\/div>\n\n\n\n<p>Se me queda peque\u00f1a la hoja en blanco para todo lo que me gustar\u00eda decir, pero ya es hora de despedirse, echar el cierre y partir. Confieso que, despu\u00e9s de un tiempo pintando de colores el Senara, echar\u00e9 de menos abrir el programa de dibujo y bocetear, pintar, delinear\u2026<br>Lo digo mucho \u00faltimamente, ahora me repito: las despedidas siempre se hacen llorosas, puede que demasiado breves tambi\u00e9n, y me encantar\u00eda que esta durara tanto como para no irme jam\u00e1s.<br>Mi tramo en el instituto y en la revista han concluido, y es ahora cuando puedo asegurar que no hubiera sido tan entretenido ni tan pl\u00e1cido sin cada una de las personas que me han acompa\u00f1ado. De nuevo, gracias.<\/p>\n\n\n\n<p>Esto ha sido todo, Senara. Recuerda siempre que, aunque yo me vaya de ti, eternamente t\u00fa estar\u00e1s en m\u00ed.<\/p>\n","protected":false},"excerpt":{"rendered":"<p>LUC\u00cdA S\u00c1NCHEZ DE LA TORRE. 2.\u00ba Bachillerato HCS Acompa\u00f1ada por la nostalgia, publico hoy estas \u00faltimas palabras antes de cruzar definitivamente la puerta del Senara y dejar atr\u00e1s nuestro querido refugio de chapa azulada.&#46;&#46;&#46;<\/p>\n","protected":false},"author":3,"featured_media":2626,"comment_status":"open","ping_status":"open","sticky":false,"template":"","format":"standard","meta":{"jetpack_post_was_ever_published":false,"jetpack_publicize_message":"","jetpack_is_tweetstorm":false,"jetpack_publicize_feature_enabled":true,"jetpack_social_options":[]},"categories":[11,10],"tags":[232,85,237,238],"jetpack_publicize_connections":[],"jetpack_featured_media_url":"https:\/\/www.iessenara.es\/Revista\/wp-content\/uploads\/2021\/06\/34.Echar_.el_.cierre.jpg","jetpack_sharing_enabled":true,"jetpack_shortlink":"https:\/\/wp.me\/p5mbkp-Gl","_links":{"self":[{"href":"https:\/\/www.iessenara.es\/Revista\/index.php?rest_route=\/wp\/v2\/posts\/2625"}],"collection":[{"href":"https:\/\/www.iessenara.es\/Revista\/index.php?rest_route=\/wp\/v2\/posts"}],"about":[{"href":"https:\/\/www.iessenara.es\/Revista\/index.php?rest_route=\/wp\/v2\/types\/post"}],"author":[{"embeddable":true,"href":"https:\/\/www.iessenara.es\/Revista\/index.php?rest_route=\/wp\/v2\/users\/3"}],"replies":[{"embeddable":true,"href":"https:\/\/www.iessenara.es\/Revista\/index.php?rest_route=%2Fwp%2Fv2%2Fcomments&post=2625"}],"version-history":[{"count":2,"href":"https:\/\/www.iessenara.es\/Revista\/index.php?rest_route=\/wp\/v2\/posts\/2625\/revisions"}],"predecessor-version":[{"id":2629,"href":"https:\/\/www.iessenara.es\/Revista\/index.php?rest_route=\/wp\/v2\/posts\/2625\/revisions\/2629"}],"wp:featuredmedia":[{"embeddable":true,"href":"https:\/\/www.iessenara.es\/Revista\/index.php?rest_route=\/wp\/v2\/media\/2626"}],"wp:attachment":[{"href":"https:\/\/www.iessenara.es\/Revista\/index.php?rest_route=%2Fwp%2Fv2%2Fmedia&parent=2625"}],"wp:term":[{"taxonomy":"category","embeddable":true,"href":"https:\/\/www.iessenara.es\/Revista\/index.php?rest_route=%2Fwp%2Fv2%2Fcategories&post=2625"},{"taxonomy":"post_tag","embeddable":true,"href":"https:\/\/www.iessenara.es\/Revista\/index.php?rest_route=%2Fwp%2Fv2%2Ftags&post=2625"}],"curies":[{"name":"wp","href":"https:\/\/api.w.org\/{rel}","templated":true}]}}