{"id":264,"date":"2014-04-01T15:16:35","date_gmt":"2014-04-01T15:16:35","guid":{"rendered":"http:\/\/www.iessenara.es\/Revista\/?p=264"},"modified":"2014-04-01T15:16:35","modified_gmt":"2014-04-01T15:16:35","slug":"la-muerte-en-la-literatura","status":"publish","type":"post","link":"https:\/\/www.iessenara.es\/Revista\/?p=264","title":{"rendered":"La muerte en la literatura"},"content":{"rendered":"<p style=\"text-align: left\" align=\"center\">\n<p style=\"text-align: left\" align=\"center\"><i>Sin duda, la muerte es un tema universal en el arte y en la literatura. En este art\u00edculo se analiza c\u00f3mo se ha contemplado en las distintas \u00e9pocas de la literatura en espa\u00f1ol.<\/i><\/p>\n<p align=\"center\">\n<p style=\"text-align: left\" align=\"center\"><span style=\"color: #800000\"><strong>Edad Media<\/strong><\/span><\/p>\n<p>Los relatos sobre la vida de los caballeros y los santos los presentan enfrent\u00e1ndose a la muerte como un acontecimiento normal o inevitable, y que no se contempla con horror, ya que es el paso necesario hacia otra vida. La muerte est\u00e1 relacionada con t\u00f3picos como <i>Ubi sunt?<\/i>, <i>Homo viator<\/i>, <i>Vita flumen<\/i>, <i>Muerte igualadora<\/i> o <i>Lachrymarum valle<\/i>.<\/p>\n<p>&nbsp;<\/p>\n<h4 style=\"padding-left: 60px\">El Cid, despu\u00e9s de signarse, a Dios se fue a encomendar;<\/h4>\n<h4 style=\"padding-left: 60px\">mucho contento ten\u00eda del sue\u00f1o que fue a so\u00f1ar.<\/h4>\n<h4 style=\"padding-left: 60px\">Otro d\u00eda de ma\u00f1ana empiezan a cabalgar,<\/h4>\n<h4 style=\"padding-left: 60px\">\u00faltimo d\u00eda es del plazo, un d\u00eda queda no m\u00e1s.<\/h4>\n<h4 style=\"padding-left: 60px\">En la sierra de Miedes acampan a descansar,<\/h4>\n<h4 style=\"padding-left: 60px\">a la derecha de Atienza, que es tierra de moros ya.<\/h4>\n<h4 style=\"text-align: center\" align=\"right\">(<i>Cantar de Mio Cid<\/i>)<\/h4>\n<p>&nbsp;<\/p>\n<p style=\"text-align: left\" align=\"center\"><span style=\"color: #800000\"><strong>Siglo XV<\/strong><\/span><\/p>\n<p>Quien mejor ejemplifica la visi\u00f3n de la muerte en este siglo de transici\u00f3n es, probablemente, Jorge Manrique, que nos ofrece dos perspectivas: la muerte en abstracto (<i>Muerte igualadora<\/i>) y la muerte de personajes que alcanzaron la fama en vida (<i>Ubi sunt?<\/i>).<\/p>\n<p>&nbsp;<\/p>\n<h4 style=\"padding-left: 60px\">Recuerde el alma dormida,<br \/>\navive el seso e despierte,<\/h4>\n<h4 style=\"padding-left: 60px\">contemplando<\/h4>\n<h4 style=\"padding-left: 60px\">c\u00f3mo se pasa la vida,<br \/>\nc\u00f3mo se viene la muerte<\/h4>\n<h4 style=\"padding-left: 60px\">tan callando;<\/h4>\n<h4 style=\"padding-left: 60px\">cu\u00e1n presto se va el plazer,<br \/>\nc\u00f3mo, despu\u00e9s de acordado,<\/h4>\n<h4 style=\"padding-left: 60px\">da dolor;<\/h4>\n<h4 style=\"padding-left: 60px\">c\u00f3mo, a nuestro parescer,<br \/>\ncualquiera tiempo passado<\/h4>\n<h4 style=\"padding-left: 60px\">fue mejor.<\/h4>\n<h4 style=\"text-align: center\" align=\"right\">(Jorge Manrique: <i>Coplas a la muerte de su padre<\/i>)<\/h4>\n<p>&nbsp;<\/p>\n<div id=\"attachment_276\" style=\"width: 310px\" class=\"wp-caption aligncenter\"><a href=\"http:\/\/www.iessenara.es\/Revista\/wp-content\/uploads\/2014\/04\/In-ictu-oculi.jpg\"><img aria-describedby=\"caption-attachment-276\" decoding=\"async\" loading=\"lazy\" class=\"size-medium wp-image-276\" alt=\"Vald\u00e9s Leal: In ictu oculi\" src=\"http:\/\/www.iessenara.es\/Revista\/wp-content\/uploads\/2014\/04\/In-ictu-oculi-300x165.jpg\" width=\"300\" height=\"165\" srcset=\"https:\/\/www.iessenara.es\/Revista\/wp-content\/uploads\/2014\/04\/In-ictu-oculi-300x165.jpg 300w, https:\/\/www.iessenara.es\/Revista\/wp-content\/uploads\/2014\/04\/In-ictu-oculi.jpg 589w\" sizes=\"(max-width: 300px) 100vw, 300px\" \/><\/a><p id=\"caption-attachment-276\" class=\"wp-caption-text\">Juan de Vald\u00e9s Leal: <em>In ictu oculi<\/em><\/p><\/div>\n<p>&nbsp;<\/p>\n<p><span style=\"color: #800000\"><strong>Renacimiento<\/strong><\/span><\/p>\n<p>La muerte no es un tema muy importante, ya que se da menor importancia a la posibilidad de que haya otra vida y, por lo tanto, se recomienda disfrutar y aprovechar el momento. Esto se refleja en t\u00f3picos como <i>Carpe diem<\/i>, <i>Locus amoenus<\/i>, o, desde cierto punto de vista<i>, Tempus fugit<\/i>.<\/p>\n<p>&nbsp;<\/p>\n<h4 style=\"padding-left: 60px\">Aquella\u00a0 voluntad honesta y pura,<\/h4>\n<h4 style=\"padding-left: 60px\">ilustre y hermos\u00edsima Mar\u00eda,<\/h4>\n<h4 style=\"padding-left: 60px\">que en m\u00ed de celebrar tu hermosura,<\/h4>\n<h4 style=\"padding-left: 60px\">tu ingenio y tu valor estar sol\u00eda,<\/h4>\n<h4 style=\"padding-left: 60px\">a despecho y pesar de la ventura<\/h4>\n<h4 style=\"padding-left: 60px\">que por otro camino me desv\u00eda,<\/h4>\n<h4 style=\"padding-left: 60px\">est\u00e1 y estar\u00e1 en m\u00ed tanto clavada<\/h4>\n<h4 style=\"padding-left: 60px\">cuanto del cuerpo el alma acompa\u00f1ada.<\/h4>\n<h4 style=\"padding-left: 60px;text-align: center\" align=\"right\">(Garcilaso de la Vega: <i>\u00c9gloga III<\/i>)<\/h4>\n<p>&nbsp;<\/p>\n<p><span style=\"color: #800000\"><strong>Barroco<\/strong><\/span><\/p>\n<p>El regreso al pesimismo y la recuperaci\u00f3n de los grandes motivos medievales, como el de la fugacidad de la vida, hacen que la muerte sea uno de los temas fundamentales, especialmente en la corriente conceptista de Quevedo. Este autor asocia con frecuencia las im\u00e1genes de la cuna y la tumba o, como en este caso, los <i>pa\u00f1ales<\/i> y la <i>mortaja<\/i>:<\/p>\n<p>&nbsp;<\/p>\n<h4 style=\"padding-left: 60px\">Ayer se fue; ma\u00f1ana no ha llegado;<\/h4>\n<h4 style=\"padding-left: 60px\">hoy se est\u00e1 yendo sin parar un punto:<\/h4>\n<h4 style=\"padding-left: 60px\">soy un fue y un ser\u00e1 y un es cansado.<\/h4>\n<h4 style=\"padding-left: 60px\">En el hoy y ma\u00f1ana y ayer junto<\/h4>\n<h4 style=\"padding-left: 60px\">pa\u00f1ales y mortaja, y he quedado<\/h4>\n<h4 style=\"padding-left: 60px\">presentes sucesiones de difunto.<\/h4>\n<h4 style=\"text-align: center\" align=\"right\">(Francisco de Quevedo: soneto <i>\u00a1Ah de la vida!<\/i>)<\/h4>\n<p>&nbsp;<\/p>\n<p><span style=\"color: #800000\"><strong>Romanticismo<\/strong><\/span><\/p>\n<p>En esta etapa la muerte aparece frecuentemente, debido al sentimiento de desolaci\u00f3n de los autores, y se ve desde tres posturas: la muerte como fuerza cruel inevitable, como causa de dolor del poeta y como v\u00eda de escape a la cruda realidad.<\/p>\n<p>&nbsp;<\/p>\n<h4 style=\"padding-left: 60px\">Cuando la muerte vidr\u00ede<br \/>\nde mis ojos el cristal,<br \/>\nmis p\u00e1rpados a\u00fan abiertos,<br \/>\n\u00bfqui\u00e9n los cerrar\u00e1?<\/h4>\n<h4 style=\"padding-left: 60px\">Cuando la campana suene<br \/>\n(si suena, en mi funeral),<br \/>\nuna oraci\u00f3n al o\u00edrla,<br \/>\n\u00bfqui\u00e9n murmurar\u00e1?<\/h4>\n<h4 style=\"padding-left: 60px\">Cuando mis p\u00e1lidos restos<br \/>\noprima la tierra ya,<br \/>\nsobre la olvidada fosa,<br \/>\n\u00bfqui\u00e9n vendr\u00e1 a llorar?<\/h4>\n<h4 style=\"text-align: center\" align=\"right\">(Gustavo Adolfo B\u00e9cquer: <i>Rima LXI<\/i>)<\/h4>\n<p>&nbsp;<\/p>\n<div id=\"attachment_278\" style=\"width: 310px\" class=\"wp-caption aligncenter\"><a href=\"http:\/\/www.iessenara.es\/Revista\/wp-content\/uploads\/2014\/04\/Millais-Ofelia.jpg\"><img aria-describedby=\"caption-attachment-278\" decoding=\"async\" loading=\"lazy\" class=\"size-medium wp-image-278\" alt=\"John E. Millais: Ofelia muerta\" src=\"http:\/\/www.iessenara.es\/Revista\/wp-content\/uploads\/2014\/04\/Millais-Ofelia-300x154.jpg\" width=\"300\" height=\"154\" srcset=\"https:\/\/www.iessenara.es\/Revista\/wp-content\/uploads\/2014\/04\/Millais-Ofelia-300x154.jpg 300w, https:\/\/www.iessenara.es\/Revista\/wp-content\/uploads\/2014\/04\/Millais-Ofelia.jpg 527w\" sizes=\"(max-width: 300px) 100vw, 300px\" \/><\/a><p id=\"caption-attachment-278\" class=\"wp-caption-text\">John E. Millais: <em>Ofelia muerta<\/em><\/p><\/div>\n<p>&nbsp;<\/p>\n<p><span style=\"color: #800000\"><strong>Realismo y naturalismo<\/strong><\/span><\/p>\n<p>La muerte se ve como un aspecto biol\u00f3gico y los autores no le prestan mucha atenci\u00f3n; aunque suele ser el final de muchas grandes obras, una vez que el personaje muere no se mira al pasado. Tambi\u00e9n se describen, a veces con iron\u00eda, las costumbres e hipocres\u00edas que rodean a lo funerario.<\/p>\n<p>&nbsp;<\/p>\n<h4 style=\"padding-left: 60px\">Llevaban los vetustenses los trajes de cristianar; criadas, nodrizas, soldados y enjambres de chiquillos eran la mayor\u00eda de los transe\u00fantes; hablaban a gritos, gesticulaban alegres; de fijo no pensaban en los muertos. Ni\u00f1os y mujeres del pueblo pasaban tambi\u00e9n, cargados de coronas f\u00fanebres baratas, de cirios flacos y otros adornos de sepultura. De vez en cuando un lacayo de librea, un mozo de cordel atravesaban la plaza abrumados por el peso de colosal corona de siemprevivas, de blandones como columnas, y catafalcos port\u00e1tiles. Era el luto oficial de los ricos que sin \u00e1nimo o tiempo para visitar a sus muertos les mandaban aquella especie de besa-la-mano. Las <em>personas decentes<\/em> no llegaban al cementerio; las se\u00f1oritas emperifolladas no ten\u00edan valor para entrar all\u00ed y se quedaban en el Espol\u00f3n paseando, luciendo los trapos y dej\u00e1ndose ver, como los dem\u00e1s d\u00edas del a\u00f1o. Tampoco se acordaban de los difuntos; pero lo disimulaban; los trajes eran obscuros, las conversaciones menos estrepitosas que de costumbre, el gesto algo m\u00e1s compuesto&#8230;<\/h4>\n<h4 style=\"text-align: center\" align=\"right\">(Leopoldo Alas, \u201cClar\u00edn\u201d: <i>La Regenta<\/i>)<\/h4>\n<p>&nbsp;<\/p>\n<p>&nbsp;<\/p>\n<p style=\"text-align: right\">\u00a0<span style=\"color: #800000\"><b>Jos\u00e9 Fidel Gonz\u00e1lez Alfonso\u00a0 (4\u00ba ESO A)<\/b><\/span><\/p>\n","protected":false},"excerpt":{"rendered":"<p>Sin duda, la muerte es un tema universal en el arte y en la literatura. En este art\u00edculo se analiza c\u00f3mo se ha contemplado en las distintas \u00e9pocas de la literatura en espa\u00f1ol. Edad&#46;&#46;&#46;<\/p>\n","protected":false},"author":3,"featured_media":276,"comment_status":"open","ping_status":"open","sticky":false,"template":"","format":"standard","meta":{"jetpack_post_was_ever_published":false,"jetpack_publicize_message":"","jetpack_is_tweetstorm":false,"jetpack_publicize_feature_enabled":true,"jetpack_social_options":[]},"categories":[10,8],"tags":[22,19,18,21],"jetpack_publicize_connections":[],"jetpack_featured_media_url":"https:\/\/www.iessenara.es\/Revista\/wp-content\/uploads\/2014\/04\/In-ictu-oculi.jpg","jetpack_sharing_enabled":true,"jetpack_shortlink":"https:\/\/wp.me\/p5mbkp-4g","_links":{"self":[{"href":"https:\/\/www.iessenara.es\/Revista\/index.php?rest_route=\/wp\/v2\/posts\/264"}],"collection":[{"href":"https:\/\/www.iessenara.es\/Revista\/index.php?rest_route=\/wp\/v2\/posts"}],"about":[{"href":"https:\/\/www.iessenara.es\/Revista\/index.php?rest_route=\/wp\/v2\/types\/post"}],"author":[{"embeddable":true,"href":"https:\/\/www.iessenara.es\/Revista\/index.php?rest_route=\/wp\/v2\/users\/3"}],"replies":[{"embeddable":true,"href":"https:\/\/www.iessenara.es\/Revista\/index.php?rest_route=%2Fwp%2Fv2%2Fcomments&post=264"}],"version-history":[{"count":13,"href":"https:\/\/www.iessenara.es\/Revista\/index.php?rest_route=\/wp\/v2\/posts\/264\/revisions"}],"predecessor-version":[{"id":279,"href":"https:\/\/www.iessenara.es\/Revista\/index.php?rest_route=\/wp\/v2\/posts\/264\/revisions\/279"}],"wp:featuredmedia":[{"embeddable":true,"href":"https:\/\/www.iessenara.es\/Revista\/index.php?rest_route=\/wp\/v2\/media\/276"}],"wp:attachment":[{"href":"https:\/\/www.iessenara.es\/Revista\/index.php?rest_route=%2Fwp%2Fv2%2Fmedia&parent=264"}],"wp:term":[{"taxonomy":"category","embeddable":true,"href":"https:\/\/www.iessenara.es\/Revista\/index.php?rest_route=%2Fwp%2Fv2%2Fcategories&post=264"},{"taxonomy":"post_tag","embeddable":true,"href":"https:\/\/www.iessenara.es\/Revista\/index.php?rest_route=%2Fwp%2Fv2%2Ftags&post=264"}],"curies":[{"name":"wp","href":"https:\/\/api.w.org\/{rel}","templated":true}]}}