{"id":2649,"date":"2021-09-19T22:41:33","date_gmt":"2021-09-19T22:41:33","guid":{"rendered":"http:\/\/www.iessenara.es\/Revista\/?p=2649"},"modified":"2021-09-19T22:41:35","modified_gmt":"2021-09-19T22:41:35","slug":"abrimos","status":"publish","type":"post","link":"https:\/\/www.iessenara.es\/Revista\/?p=2649","title":{"rendered":"&#8230;Abrimos"},"content":{"rendered":"\n<p>JOS\u00c9 FERNANDO PABLOS NAVAZO, coordinador de la revista <em>Cosas del Senara<\/em><\/p>\n\n\n\n<p>Si el curso anterior ech\u00e1bamos el cierre sin saber c\u00f3mo comenzar\u00edamos este, pero satisfechos del trabajo realizado por toda la comunidad educativa, hemos abierto el curso 2021\/2022 llenos de ilusi\u00f3n, con casi todos vacunados con la segunda dosis para hacer frente a la COVID-19. <\/p>\n\n\n\n<p>Os necesitamos a todos, alumnos, profesores, antiguos alumnos y profesores, para que la revista <em>Cosas del Senara<\/em> siga creciendo. Hemos preparado esta presentaci\u00f3n en la que explicamos c\u00f3mo puedes participar. Gracias.<\/p>\n\n\n\n<figure class=\"wp-block-embed is-type-wp-embed is-provider-canva wp-block-embed-canva\"><div class=\"wp-block-embed__wrapper\">\n<iframe class=\"wp-embedded-content\" sandbox=\"allow-scripts\" security=\"restricted\" title=\"Revista\" src=\"https:\/\/www.canva.com\/design\/DAEqd3lxNDY\/view?embed&#038;meta#?secret=wWiyTX6oAz\" data-secret=\"wWiyTX6oAz\" height=\"329\" width=\"500\"><\/iframe>\n<\/div><\/figure>\n","protected":false},"excerpt":{"rendered":"<p>JOS\u00c9 FERNANDO PABLOS NAVAZO, coordinador de la revista Cosas del Senara Si el curso anterior ech\u00e1bamos el cierre sin saber c\u00f3mo comenzar\u00edamos este, pero satisfechos del trabajo realizado por toda la comunidad educativa, hemos&#46;&#46;&#46;<\/p>\n","protected":false},"author":3,"featured_media":2651,"comment_status":"open","ping_status":"open","sticky":false,"template":"","format":"standard","meta":{"jetpack_post_was_ever_published":false,"jetpack_publicize_message":"","jetpack_is_tweetstorm":false,"jetpack_publicize_feature_enabled":true,"jetpack_social_options":[]},"categories":[12],"tags":[65],"jetpack_publicize_connections":[],"jetpack_featured_media_url":"https:\/\/www.iessenara.es\/Revista\/wp-content\/uploads\/2021\/09\/miniatura.jpg","jetpack_sharing_enabled":true,"jetpack_shortlink":"https:\/\/wp.me\/s5mbkp-abrimos","_links":{"self":[{"href":"https:\/\/www.iessenara.es\/Revista\/index.php?rest_route=\/wp\/v2\/posts\/2649"}],"collection":[{"href":"https:\/\/www.iessenara.es\/Revista\/index.php?rest_route=\/wp\/v2\/posts"}],"about":[{"href":"https:\/\/www.iessenara.es\/Revista\/index.php?rest_route=\/wp\/v2\/types\/post"}],"author":[{"embeddable":true,"href":"https:\/\/www.iessenara.es\/Revista\/index.php?rest_route=\/wp\/v2\/users\/3"}],"replies":[{"embeddable":true,"href":"https:\/\/www.iessenara.es\/Revista\/index.php?rest_route=%2Fwp%2Fv2%2Fcomments&post=2649"}],"version-history":[{"count":4,"href":"https:\/\/www.iessenara.es\/Revista\/index.php?rest_route=\/wp\/v2\/posts\/2649\/revisions"}],"predecessor-version":[{"id":2654,"href":"https:\/\/www.iessenara.es\/Revista\/index.php?rest_route=\/wp\/v2\/posts\/2649\/revisions\/2654"}],"wp:featuredmedia":[{"embeddable":true,"href":"https:\/\/www.iessenara.es\/Revista\/index.php?rest_route=\/wp\/v2\/media\/2651"}],"wp:attachment":[{"href":"https:\/\/www.iessenara.es\/Revista\/index.php?rest_route=%2Fwp%2Fv2%2Fmedia&parent=2649"}],"wp:term":[{"taxonomy":"category","embeddable":true,"href":"https:\/\/www.iessenara.es\/Revista\/index.php?rest_route=%2Fwp%2Fv2%2Fcategories&post=2649"},{"taxonomy":"post_tag","embeddable":true,"href":"https:\/\/www.iessenara.es\/Revista\/index.php?rest_route=%2Fwp%2Fv2%2Ftags&post=2649"}],"curies":[{"name":"wp","href":"https:\/\/api.w.org\/{rel}","templated":true}]}}