{"id":2686,"date":"2021-10-31T17:16:37","date_gmt":"2021-10-31T17:16:37","guid":{"rendered":"http:\/\/www.iessenara.es\/Revista\/?p=2686"},"modified":"2021-10-31T17:20:49","modified_gmt":"2021-10-31T17:20:49","slug":"el-descenso-al-infierno-de-orfeo-a-halloween","status":"publish","type":"post","link":"https:\/\/www.iessenara.es\/Revista\/?p=2686","title":{"rendered":"El descenso al infierno: de Orfeo a Halloween"},"content":{"rendered":"\n<p>ALUMNOS de Cultura Cl\u00e1sica de 4.\u00ba de ESO<\/p>\n\n\n\n<div class=\"wp-block-image\"><figure class=\"aligncenter size-large is-resized\"><a href=\"http:\/\/www.iessenara.es\/Revista\/wp-content\/uploads\/2021\/10\/Corot-Orfeo-guiando-a-Euridice-desde-los-Infiernos.jpg\"><img decoding=\"async\" loading=\"lazy\" src=\"http:\/\/www.iessenara.es\/Revista\/wp-content\/uploads\/2021\/10\/Corot-Orfeo-guiando-a-Euridice-desde-los-Infiernos-1024x847.jpg\" alt=\"\" class=\"wp-image-2687\" width=\"567\" height=\"469\" srcset=\"https:\/\/www.iessenara.es\/Revista\/wp-content\/uploads\/2021\/10\/Corot-Orfeo-guiando-a-Euridice-desde-los-Infiernos-1024x847.jpg 1024w, https:\/\/www.iessenara.es\/Revista\/wp-content\/uploads\/2021\/10\/Corot-Orfeo-guiando-a-Euridice-desde-los-Infiernos-300x248.jpg 300w, https:\/\/www.iessenara.es\/Revista\/wp-content\/uploads\/2021\/10\/Corot-Orfeo-guiando-a-Euridice-desde-los-Infiernos-768x636.jpg 768w, https:\/\/www.iessenara.es\/Revista\/wp-content\/uploads\/2021\/10\/Corot-Orfeo-guiando-a-Euridice-desde-los-Infiernos-1536x1271.jpg 1536w, https:\/\/www.iessenara.es\/Revista\/wp-content\/uploads\/2021\/10\/Corot-Orfeo-guiando-a-Euridice-desde-los-Infiernos.jpg 1600w\" sizes=\"(max-width: 567px) 100vw, 567px\" \/><\/a><figcaption>J.B.C. Corot. <em>Orfeo guiando a Eur\u00eddice desde los infiernos<\/em> (1881). Museo de Bellas Artes de Huston, EE.UU.<\/figcaption><\/figure><\/div>\n\n\n\n<p>En ocasiones el mundo de los vivos se mezcla con el mundo de los muertos. A lo largo de la historia de la humanidad hemos venido contando historias de vivos que viajaban al m\u00e1s all\u00e1 o de muertos que se hac\u00edan presentes entre nosotros.<\/p>\n\n\n\n<p>Entre los relatos del mundo cl\u00e1sico destacan el mito de Orfeo, que acude al infierno para recuperar a su amada Eur\u00eddice al mundo de los vivos; el de Pers\u00e9fone, raptada por Hades y buscada por su madre Dem\u00e9ter, que terminar\u00e1 viviendo la mitad del a\u00f1o en cada uno de los mundos; o el Eneas, que bajar\u00e1 al Hades para conocer su destino.<\/p>\n\n\n\n<p class=\"has-black-color has-text-color\">Lope de Vega, G\u00f3ngora, Quevedo, Rilke trataron el mito de Orfeo. Rubens, Corot, Chagal lo pintaron y Canova o Rodin lo esculpieron. En m\u00fasica Monteverdi, Gluck, Berlioz, Offenbach, Liszt o Stravinski versionaron el mito. Y en cine hemos visto las pel\u00edculas de Jean Cocteau o Marcel Camus.<\/p>\n\n\n\n<p>Hoy, pel\u00edculas como <em>Los otros<\/em>, <em>Coco<\/em> o <em>La novia cad\u00e1ver<\/em> y la fiesta de Halloween, cuya celebraci\u00f3n se ha hecho universal, nos hacen concluir que los muertos est\u00e1n m\u00e1s vivos que nunca. Para celebrarlo los alumnos de Cultura Cl\u00e1sica de 4.\u00ba de ESO han puesto voz a un cuento de Maria Angelidou, \u201cOrfeo en el infierno\u201d<em>, <\/em>perteneciente a su libro<em> Mitos griegos<\/em>, publicado por Vicens Vives en 2008. Puedes escucharlo aqu\u00ed o desde nuestro podcast en IVOOX: Revista Cosas del Senara.<\/p>\n\n\n\n<figure class=\"wp-block-embed is-type-rich is-provider-gestor-del-servicio wp-block-embed-gestor-del-servicio\"><div class=\"wp-block-embed__wrapper\">\n<!--[if lt IE 9]><script>document.createElement('audio');<\/script><![endif]-->\n<audio class=\"wp-audio-shortcode\" id=\"audio-2686-1\" preload=\"none\" style=\"width: 100%;\" controls=\"controls\"><source type=\"audio\/mpeg\" src=\"https:\/\/www.ivoox.com\/descenso-al-infierno-orfeo-a-halloween_md_77561783_wp_1.mp3?_=1\" \/><a href=\"https:\/\/www.ivoox.com\/descenso-al-infierno-orfeo-a-halloween_md_77561783_wp_1.mp3\">https:\/\/www.ivoox.com\/descenso-al-infierno-orfeo-a-halloween_md_77561783_wp_1.mp3<\/a><\/audio>\n<\/div><\/figure>\n\n\n\n<p class=\"has-medium-font-size\"><strong>FICHA T\u00c9CNICA<\/strong><\/p>\n\n\n\n<p><strong>Texto<\/strong>:<\/p>\n\n\n\n<p>Maria Angelidou, \u201cOrfeo en el infieno\u201d, en <em>Mitos griegos<\/em>. Vicens Vives, Barcelona, 2016. Texto adaptado por Miguel Trist\u00e1n<\/p>\n\n\n\n<p><strong>Locuci\u00f3n<\/strong> (por orden de aparici\u00f3n):<\/p>\n\n\n\n<p>Arturo Moralejo P\u00e9rez; Antonio Benito Alonso; Marwa Bousada Mahi; Vega Andr\u00e9s Garc\u00eda; David Mart\u00edn M\u00e9ndez; Yoel P\u00e9rez Haro.<\/p>\n\n\n\n<p><strong>M\u00fasica<\/strong>:<\/p>\n\n\n\n<p>C.W. Gluck. <em>Orph\u00e9e et Eurydice. <\/em><em>\u201c<\/em>Ouverture\u201d y \u201cAir de Furies\u201d<em>. <\/em>Marc Minkowski. Les Musiciens du Louvre. Archiv, 2004.<\/p>\n\n\n\n<p><strong>Edici\u00f3n<\/strong>:<\/p>\n\n\n\n<p>Jos\u00e9 Fernando Pablos Navazo, profesor de Cultura Cl\u00e1sica.<\/p>\n","protected":false},"excerpt":{"rendered":"<p>ALUMNOS de Cultura Cl\u00e1sica de 4.\u00ba de ESO En ocasiones el mundo de los vivos se mezcla con el mundo de los muertos. A lo largo de la historia de la humanidad hemos venido&#46;&#46;&#46;<\/p>\n","protected":false},"author":3,"featured_media":2687,"comment_status":"open","ping_status":"open","sticky":false,"template":"","format":"standard","meta":{"jetpack_post_was_ever_published":false,"jetpack_publicize_message":"","jetpack_is_tweetstorm":false,"jetpack_publicize_feature_enabled":true,"jetpack_social_options":[]},"categories":[11,10,8],"tags":[60,239,35,290,15],"jetpack_publicize_connections":[],"jetpack_featured_media_url":"https:\/\/www.iessenara.es\/Revista\/wp-content\/uploads\/2021\/10\/Corot-Orfeo-guiando-a-Euridice-desde-los-Infiernos.jpg","jetpack_sharing_enabled":true,"jetpack_shortlink":"https:\/\/wp.me\/p5mbkp-Hk","_links":{"self":[{"href":"https:\/\/www.iessenara.es\/Revista\/index.php?rest_route=\/wp\/v2\/posts\/2686"}],"collection":[{"href":"https:\/\/www.iessenara.es\/Revista\/index.php?rest_route=\/wp\/v2\/posts"}],"about":[{"href":"https:\/\/www.iessenara.es\/Revista\/index.php?rest_route=\/wp\/v2\/types\/post"}],"author":[{"embeddable":true,"href":"https:\/\/www.iessenara.es\/Revista\/index.php?rest_route=\/wp\/v2\/users\/3"}],"replies":[{"embeddable":true,"href":"https:\/\/www.iessenara.es\/Revista\/index.php?rest_route=%2Fwp%2Fv2%2Fcomments&post=2686"}],"version-history":[{"count":7,"href":"https:\/\/www.iessenara.es\/Revista\/index.php?rest_route=\/wp\/v2\/posts\/2686\/revisions"}],"predecessor-version":[{"id":2694,"href":"https:\/\/www.iessenara.es\/Revista\/index.php?rest_route=\/wp\/v2\/posts\/2686\/revisions\/2694"}],"wp:featuredmedia":[{"embeddable":true,"href":"https:\/\/www.iessenara.es\/Revista\/index.php?rest_route=\/wp\/v2\/media\/2687"}],"wp:attachment":[{"href":"https:\/\/www.iessenara.es\/Revista\/index.php?rest_route=%2Fwp%2Fv2%2Fmedia&parent=2686"}],"wp:term":[{"taxonomy":"category","embeddable":true,"href":"https:\/\/www.iessenara.es\/Revista\/index.php?rest_route=%2Fwp%2Fv2%2Fcategories&post=2686"},{"taxonomy":"post_tag","embeddable":true,"href":"https:\/\/www.iessenara.es\/Revista\/index.php?rest_route=%2Fwp%2Fv2%2Ftags&post=2686"}],"curies":[{"name":"wp","href":"https:\/\/api.w.org\/{rel}","templated":true}]}}