{"id":2725,"date":"2021-12-17T07:59:45","date_gmt":"2021-12-17T06:59:45","guid":{"rendered":"http:\/\/www.iessenara.es\/Revista\/?p=2725"},"modified":"2021-12-17T07:59:46","modified_gmt":"2021-12-17T06:59:46","slug":"entrevista-a-rosa-varas","status":"publish","type":"post","link":"https:\/\/www.iessenara.es\/Revista\/?p=2725","title":{"rendered":"Entrevista a Rosa Varas"},"content":{"rendered":"\n<h3>La profesora de ingl\u00e9s se jubila tras 36 a\u00f1os de docencia<\/h3>\n\n\n\n<p>REDACCI\u00d3N de <em>Cosas del Senara<\/em><\/p>\n\n\n\n<p class=\"has-drop-cap\">R<em>osa Mar\u00eda Varas S\u00e1nchez, profesora del departamento de ingl\u00e9s, con destino definitivo desde el curso 2002\/2003 en el IES Senara, se jubila despu\u00e9s de treinta y seis a\u00f1os entregada a la ense\u00f1anza. La Revista <\/em>Cosas del Senara<em>, a punto de cerrar el primer trimestre le ha hecho una entrevista en la que desglosa su acercamiento a la lengua inglesa, la deuda con sus profesores, la vida de color de los lugares visitados, los momentos amargos, que los hubo, su visi\u00f3n de Las Villas y de un futuro sin <\/em>Teams<em> ni <\/em>Moodle<em>.<\/em><\/p>\n\n\n\n<p><strong>Empezando por tu formaci\u00f3n, \u00bfde d\u00f3nde surge tu pasi\u00f3n por las lenguas en general y por el ingl\u00e9s en particular?<\/strong><\/p>\n\n\n\n<p>Yo ten\u00eda poca edad y un mundo muy peque\u00f1o, sin mirar afuera. Y fue descubrir que la comunicaci\u00f3n entre personas pod\u00eda producirse utilizando una lengua que no era la m\u00eda lo que provoc\u00f3 mi inter\u00e9s por dominar otro idioma.<\/p>\n\n\n\n<p>Mi inter\u00e9s por el ingl\u00e9s surgi\u00f3 del consejo de mi \u00fanico hermano y mayor que yo, que ve\u00eda m\u00e1s all\u00e1 y acert\u00f3 en que en aquellos a\u00f1os, a principios de los 70, el ingl\u00e9s ser\u00eda la lengua del futuro. Como as\u00ed fue. Me dijo que escogiera ingl\u00e9s en el colegio en vez de franc\u00e9s, que era el idioma ofertado hasta entonces.<\/p>\n\n\n\n<p>Luego experiment\u00e9 esa situaci\u00f3n de comunicaci\u00f3n entre dos personas que no se entend\u00edan por hablar ingl\u00e9s y espa\u00f1ol y en la que YO era la soluci\u00f3n. Tendr\u00eda 14 o 15 a\u00f1os y mi ingl\u00e9s era muy malo, pero la comunicaci\u00f3n se pudo llevar a cabo. Esa fue mi primera experiencia con un hablante ingl\u00e9s y la que marc\u00f3 realmente la elecci\u00f3n de mi carrera universitaria.<\/p>\n\n\n\n<div class=\"wp-block-image\"><figure class=\"aligncenter size-large is-resized\"><a href=\"http:\/\/www.iessenara.es\/Revista\/wp-content\/uploads\/2021\/12\/rosa.varas-1.jpg\"><img decoding=\"async\" loading=\"lazy\" src=\"http:\/\/www.iessenara.es\/Revista\/wp-content\/uploads\/2021\/12\/rosa.varas-1-1024x806.jpg\" alt=\"\" class=\"wp-image-2728\" width=\"560\" height=\"440\" srcset=\"https:\/\/www.iessenara.es\/Revista\/wp-content\/uploads\/2021\/12\/rosa.varas-1-1024x806.jpg 1024w, https:\/\/www.iessenara.es\/Revista\/wp-content\/uploads\/2021\/12\/rosa.varas-1-300x236.jpg 300w, https:\/\/www.iessenara.es\/Revista\/wp-content\/uploads\/2021\/12\/rosa.varas-1-768x605.jpg 768w, https:\/\/www.iessenara.es\/Revista\/wp-content\/uploads\/2021\/12\/rosa.varas-1.jpg 1501w\" sizes=\"(max-width: 560px) 100vw, 560px\" \/><\/a><figcaption>Una joven universitaria Rosa Varas se prepara para su carrera docente. FOTO: Archivo familiar de Rosa Mar\u00eda Varas.<\/figcaption><\/figure><\/div>\n\n\n\n<p><strong>\u00bfEn qu\u00e9 momento supiste que la ense\u00f1anza era tu vocaci\u00f3n?<\/strong><\/p>\n\n\n\n<p>Realmente no lo s\u00e9. Me gustaba utilizar el ingl\u00e9s como medio de comunicaci\u00f3n, pero muy joven me present\u00e9 a oposiciones y aprob\u00e9. As\u00ed que entr\u00e9 en la ense\u00f1anza y poco a poco ve\u00eda c\u00f3mo otras personas aprend\u00edan el idioma y me gust\u00f3.<\/p>\n\n\n\n<p><strong>De no haber sido profesora, \u00bfen qu\u00e9 otra profesi\u00f3n te habr\u00edas visto realizada?<\/strong><\/p>\n\n\n\n<p>Antes de terminar los estudios trabaj\u00e9 en Gran Breta\u00f1a con una familia y en hoteles -era muy t\u00edpico- y me gustaba el contacto con hablantes ingleses. Creo que el tema de gesti\u00f3n tur\u00edstica me hubiera gustado. Por ejemplo, llevar un alojamiento peque\u00f1o.<\/p>\n\n\n\n<p><strong>\u00bfHas tenido alg\u00fan profesor que te haya influido especialmente?<\/strong><\/p>\n\n\n\n<p>Recuerdo a casi todos mis profesores de ingl\u00e9s, desde el colegio a la facultad. Creo que no influyeron unos m\u00e1s que otros, pero tengo recuerdos especiales de algunos:<\/p>\n\n\n\n<ul><li>En el colegio fue una profesora de Matem\u00e1ticas, la que me ense\u00f1\u00f3 el verbo TO BE.<\/li><li>Ya en el instituto tengo un recuerdo muy agradable de mi profesor de ingl\u00e9s durante varios cursos de BUP, que casualmente despu\u00e9s fue profesor de mis hijas en la ESO.<\/li><li>Joanna Weatherby, profesora de la Facultad de Filolog\u00eda, que me pareci\u00f3 maravillosa y con la que aprend\u00ed much\u00edsimo.<\/li><\/ul>\n\n\n\n<div class=\"wp-block-image\"><figure class=\"aligncenter size-large is-resized\"><a href=\"http:\/\/www.iessenara.es\/Revista\/wp-content\/uploads\/2021\/12\/rosa.varas-3.jpeg\"><img decoding=\"async\" loading=\"lazy\" src=\"http:\/\/www.iessenara.es\/Revista\/wp-content\/uploads\/2021\/12\/rosa.varas-3-1024x576.jpeg\" alt=\"\" class=\"wp-image-2729\" width=\"661\" height=\"372\" srcset=\"https:\/\/www.iessenara.es\/Revista\/wp-content\/uploads\/2021\/12\/rosa.varas-3-1024x576.jpeg 1024w, https:\/\/www.iessenara.es\/Revista\/wp-content\/uploads\/2021\/12\/rosa.varas-3-300x169.jpeg 300w, https:\/\/www.iessenara.es\/Revista\/wp-content\/uploads\/2021\/12\/rosa.varas-3-768x432.jpeg 768w, https:\/\/www.iessenara.es\/Revista\/wp-content\/uploads\/2021\/12\/rosa.varas-3-1536x864.jpeg 1536w, https:\/\/www.iessenara.es\/Revista\/wp-content\/uploads\/2021\/12\/rosa.varas-3.jpeg 2016w\" sizes=\"(max-width: 661px) 100vw, 661px\" \/><\/a><figcaption>Rosa en el departamento que ha habitado durante veinte a\u00f1os. FOTO: JF Pablos.<\/figcaption><\/figure><\/div>\n\n\n\n<p><strong>De tus compa\u00f1eros de trabajo, \u00bfde qui\u00e9n has aprendido m\u00e1s?<\/strong><\/p>\n\n\n\n<p>Observando y trabajando juntos aprendes cosas o actitudes que debes tener y otras que no. Creo que de todos se aprende, tanto de veteranos, antes que yo, como de los m\u00e1s j\u00f3venes. Apreciar lo positivo de los compa\u00f1eros es algo que siempre puede enriquecer personalmente.<\/p>\n\n\n\n<p><strong>De los lugares que has visitado, \u00bfcu\u00e1les podr\u00edas recomendarnos?<\/strong><\/p>\n\n\n\n<p>Curiosidad por las culturas extranjeras la he tenido siempre, y cuando he podido he viajado, no todo lo que hubiera querido, pues siempre existen circunstancias que se anteponen a un viaje. Me sorprendi\u00f3 mucho Londres -la primera vez que fui hace ya tant\u00edsimos a\u00f1os- por la variedad cultural, que se manifestaba en los colores en la calle. Hoy d\u00eda no llama la atenci\u00f3n, pero cuando yo ten\u00eda aproximadamente 20 a\u00f1os, era impactante.<\/p>\n\n\n\n<p>Yo creo que cualquier lugar distinto a tu cultura es interesante de conocer. Apreciar c\u00f3mo vive la gente y entender por qu\u00e9 viven as\u00ed es lo que siempre me ha interesado cuando he ido a un pa\u00eds. No rechazo los museos y catedrales, pero siempre he encontrado un momento para perderme en las calles y observar.<\/p>\n\n\n\n<div class=\"wp-block-image\"><figure class=\"aligncenter size-large is-resized\"><a href=\"http:\/\/www.iessenara.es\/Revista\/wp-content\/uploads\/2021\/12\/IMG_20160423_133034-scaled.jpg\"><img decoding=\"async\" loading=\"lazy\" src=\"http:\/\/www.iessenara.es\/Revista\/wp-content\/uploads\/2021\/12\/IMG_20160423_133034-1024x768.jpg\" alt=\"\" class=\"wp-image-2738\" width=\"599\" height=\"449\" srcset=\"https:\/\/www.iessenara.es\/Revista\/wp-content\/uploads\/2021\/12\/IMG_20160423_133034-1024x768.jpg 1024w, https:\/\/www.iessenara.es\/Revista\/wp-content\/uploads\/2021\/12\/IMG_20160423_133034-300x225.jpg 300w, https:\/\/www.iessenara.es\/Revista\/wp-content\/uploads\/2021\/12\/IMG_20160423_133034-768x576.jpg 768w, https:\/\/www.iessenara.es\/Revista\/wp-content\/uploads\/2021\/12\/IMG_20160423_133034-1536x1152.jpg 1536w, https:\/\/www.iessenara.es\/Revista\/wp-content\/uploads\/2021\/12\/IMG_20160423_133034-2048x1536.jpg 2048w\" sizes=\"(max-width: 599px) 100vw, 599px\" \/><\/a><figcaption>Camden Town, el multicolor barrio londinense que seduce a sus visitantes. FOTO: RM Varas.<\/figcaption><\/figure><\/div>\n\n\n\n<p><strong>\u00bfHas trabajado en el extranjero? En ese caso, \u00bfc\u00f3mo recuerdas esa experiencia?<\/strong><\/p>\n\n\n\n<p>No he ejercido la docencia en el extranjero. Solo trabaj\u00e9 siendo estudiante de <em>au pair<\/em> y en un hotel durante los veranos, cuando Espa\u00f1a a\u00fan no pertenec\u00eda a la UE y deb\u00edamos pasar por controles distintos a otros pa\u00edses. El periodo de <em>au pair<\/em> fue muy provechoso, aprend\u00ed much\u00edsimo, a\u00fan conservo el cuaderno en el que iba apuntando todas las expresiones que me llamaban la atenci\u00f3n. Y del periodo en el hotel en Londres tambi\u00e9n guardo un recuerdo especial. Experiment\u00e9 lo que es la diversidad cultural, manifestada en el uso de diferentes lenguas y colores por las calles, conoc\u00ed la ciudad como habitante, no como turista, incluso aprend\u00ed a callejear por una urbe tan grande como es Londres. Me encantaba pasear por sus calles sin perderme.<\/p>\n\n\n\n<div class=\"wp-block-image\"><figure class=\"aligncenter size-large is-resized\"><a href=\"http:\/\/www.iessenara.es\/Revista\/wp-content\/uploads\/2021\/12\/rosa.varas-2-scaled.jpg\"><img decoding=\"async\" loading=\"lazy\" src=\"http:\/\/www.iessenara.es\/Revista\/wp-content\/uploads\/2021\/12\/rosa.varas-2-1024x710.jpg\" alt=\"\" class=\"wp-image-2731\" width=\"637\" height=\"441\" srcset=\"https:\/\/www.iessenara.es\/Revista\/wp-content\/uploads\/2021\/12\/rosa.varas-2-1024x710.jpg 1024w, https:\/\/www.iessenara.es\/Revista\/wp-content\/uploads\/2021\/12\/rosa.varas-2-300x208.jpg 300w, https:\/\/www.iessenara.es\/Revista\/wp-content\/uploads\/2021\/12\/rosa.varas-2-768x532.jpg 768w, https:\/\/www.iessenara.es\/Revista\/wp-content\/uploads\/2021\/12\/rosa.varas-2-1536x1065.jpg 1536w, https:\/\/www.iessenara.es\/Revista\/wp-content\/uploads\/2021\/12\/rosa.varas-2-2048x1420.jpg 2048w\" sizes=\"(max-width: 637px) 100vw, 637px\" \/><\/a><figcaption>Con los alumnos del IES Senara, ante Buckingham Palace en abril de 2016. Rosa, primera a la derecha.<\/figcaption><\/figure><\/div>\n\n\n\n<p><strong>\u00bfC\u00f3mo ha cambiado la pedagog\u00eda de las lenguas modernas a lo largo de tu trayectoria profesional?<\/strong><\/p>\n\n\n\n<p>\u00a1Ha cambiado much\u00edsimo!<\/p>\n\n\n\n<p>Creo que empec\u00e9 sin ni siquiera un casete en la clase para audiciones. El idioma se ense\u00f1aba como una materia basada en la gram\u00e1tica y algo de lectura. Afortunadamente llegaron los casetes y aunque carg\u00e1bamos con unos aparatos enormes por los pasillos ya pod\u00edamos escuchar di\u00e1logos y canciones. Luego vinieron los CDs, los USBs y por \u00faltimo el material de audio al alcance de un clic en el ordenador. Han ganado importancia las destrezas comunicativas en detrimento del conocimiento gramatical.<\/p>\n\n\n\n<p>Con las TICs el abanico de materiales aut\u00e9nticos a disposici\u00f3n del profesorado y alumnado es enorme. Aprender idiomas es hoy d\u00eda mucho m\u00e1s bonito que antes.<\/p>\n\n\n\n<div class=\"wp-block-image\"><figure class=\"aligncenter size-large is-resized\"><a href=\"http:\/\/www.iessenara.es\/Revista\/wp-content\/uploads\/2021\/12\/rosa.varas-5.jpeg\"><img decoding=\"async\" loading=\"lazy\" src=\"http:\/\/www.iessenara.es\/Revista\/wp-content\/uploads\/2021\/12\/rosa.varas-5-1024x576.jpeg\" alt=\"\" class=\"wp-image-2732\" width=\"604\" height=\"340\" srcset=\"https:\/\/www.iessenara.es\/Revista\/wp-content\/uploads\/2021\/12\/rosa.varas-5-1024x576.jpeg 1024w, https:\/\/www.iessenara.es\/Revista\/wp-content\/uploads\/2021\/12\/rosa.varas-5-300x169.jpeg 300w, https:\/\/www.iessenara.es\/Revista\/wp-content\/uploads\/2021\/12\/rosa.varas-5-768x432.jpeg 768w, https:\/\/www.iessenara.es\/Revista\/wp-content\/uploads\/2021\/12\/rosa.varas-5-1536x864.jpeg 1536w, https:\/\/www.iessenara.es\/Revista\/wp-content\/uploads\/2021\/12\/rosa.varas-5.jpeg 2016w\" sizes=\"(max-width: 604px) 100vw, 604px\" \/><\/a><figcaption>En la biblioteca del centro. FOTO: JF Pablos<\/figcaption><\/figure><\/div>\n\n\n\n<p><strong>En cuanto a tu trayectoria profesional, antes de llegar al IES Senara, \u00bfqu\u00e9 otros destinos han marcado tu trayectoria profesional?<\/strong><\/p>\n\n\n\n<p>No he pasado por muchos institutos. He cambiado los destinos por razones de distancia. Estuve en la provincia de C\u00e1ceres, de all\u00ed pas\u00e9 a Ciudad Rodrigo y luego me vine aqu\u00ed.<\/p>\n\n\n\n<p><strong>\u00bfC\u00f3mo caracterizar\u00edas a los alumnos y al instituto de Babilafuente?<\/strong><\/p>\n\n\n\n<p>El instituto es peque\u00f1o y familiar, quiz\u00e1 por eso no he querido cambiarme, y el alumnado siente que todo el personal es cercano. En general es un alumnado noble, buena gente. Me gustar\u00eda haberles podido acercar un poquito al mundo que existe m\u00e1s all\u00e1 de sus lugares de origen y de su instituto. Cuando s\u00e9 de alg\u00fan alumno que ya se ha labrado su futuro, me encanta recordar que pas\u00f3 por aqu\u00ed.<\/p>\n\n\n\n<p><strong>Si tuvieses que elegir un momento en el IES Senara, \u00bfcu\u00e1l ser\u00eda?<\/strong><\/p>\n\n\n\n<p>Ser\u00edan muchos, la celebraci\u00f3n del d\u00e9cimo aniversario fue un gran acontecimiento. Tambi\u00e9n permanecen en mi mente otros no tan alegres, pero muy importantes en la vida del Senara. Perdimos a un alumno y tambi\u00e9n a una compa\u00f1era en el departamento de Ingl\u00e9s. Fueron momentos en los que el centro se convirti\u00f3 realmente en una familia, la familia del SENARA.<\/p>\n\n\n\n<div class=\"wp-block-image\"><figure class=\"aligncenter size-large is-resized\"><a href=\"http:\/\/www.iessenara.es\/Revista\/wp-content\/uploads\/2021\/12\/rosa.varas-4.jpeg\"><img decoding=\"async\" loading=\"lazy\" src=\"http:\/\/www.iessenara.es\/Revista\/wp-content\/uploads\/2021\/12\/rosa.varas-4-1024x576.jpeg\" alt=\"\" class=\"wp-image-2733\" width=\"656\" height=\"369\" srcset=\"https:\/\/www.iessenara.es\/Revista\/wp-content\/uploads\/2021\/12\/rosa.varas-4-1024x576.jpeg 1024w, https:\/\/www.iessenara.es\/Revista\/wp-content\/uploads\/2021\/12\/rosa.varas-4-300x169.jpeg 300w, https:\/\/www.iessenara.es\/Revista\/wp-content\/uploads\/2021\/12\/rosa.varas-4-768x432.jpeg 768w, https:\/\/www.iessenara.es\/Revista\/wp-content\/uploads\/2021\/12\/rosa.varas-4-1536x864.jpeg 1536w, https:\/\/www.iessenara.es\/Revista\/wp-content\/uploads\/2021\/12\/rosa.varas-4.jpeg 2016w\" sizes=\"(max-width: 656px) 100vw, 656px\" \/><\/a><figcaption>Entre dos pantallas, anal\u00f3gica y digital, s\u00edmbolos de los tiempos que vivimos. FOTO: JF Pablos.<\/figcaption><\/figure><\/div>\n\n\n\n<p><strong>\u00bfQu\u00e9 planes o proyectos tienes preparados para esta nueva fase de tu vida?<\/strong><\/p>\n\n\n\n<p>Vivir sin horarios de trabajo, sin cartera, sin tareas de las que estar pendiente por las tardes y dedicar el tiempo a estar con los m\u00edos y viajar todo lo posible. Puede que con el tiempo haga voluntariado, pero de momento disfrutar\u00e9 del presente sin reuniones, clases, ex\u00e1menes, tareas de seguimiento\u2026 y \u00a1sin <em>Teams<\/em> ni <em>Moodle<\/em>! \u00a1No los echar\u00e9 de menos!<\/p>\n\n\n\n<p><em>Con la despedida de Rosa perdemos una gran profesora de ingl\u00e9s, que ha vivido veinte de los \u00faltimos veinticinco cursos del IES Senara. Toda una veterana, protagonista de los cambios producidos en la ense\u00f1anza y en el centro en estas dos \u00faltimas d\u00e9cadas. Este curso celebramos el XXV Aniversario del Instituto como centro p\u00fablico: esperamos seguir contando con tus conocimientos y con tu experiencia en la fiesta de la educaci\u00f3n. \u00a1Mucha suerte en tu nueva etapa de la vida, compa\u00f1era! El IES Senara es y ser\u00e1 siempre tu casa.<\/em><\/p>\n","protected":false},"excerpt":{"rendered":"<p>La profesora de ingl\u00e9s se jubila tras 36 a\u00f1os de docencia REDACCI\u00d3N de Cosas del Senara Rosa Mar\u00eda Varas S\u00e1nchez, profesora del departamento de ingl\u00e9s, con destino definitivo desde el curso 2002\/2003 en el&#46;&#46;&#46;<\/p>\n","protected":false},"author":3,"featured_media":2729,"comment_status":"open","ping_status":"open","sticky":false,"template":"","format":"standard","meta":{"jetpack_post_was_ever_published":false,"jetpack_publicize_message":"","jetpack_is_tweetstorm":false,"jetpack_publicize_feature_enabled":true,"jetpack_social_options":[]},"categories":[9],"tags":[16,85,42,151],"jetpack_publicize_connections":[],"jetpack_featured_media_url":"https:\/\/www.iessenara.es\/Revista\/wp-content\/uploads\/2021\/12\/rosa.varas-3.jpeg","jetpack_sharing_enabled":true,"jetpack_shortlink":"https:\/\/wp.me\/p5mbkp-HX","_links":{"self":[{"href":"https:\/\/www.iessenara.es\/Revista\/index.php?rest_route=\/wp\/v2\/posts\/2725"}],"collection":[{"href":"https:\/\/www.iessenara.es\/Revista\/index.php?rest_route=\/wp\/v2\/posts"}],"about":[{"href":"https:\/\/www.iessenara.es\/Revista\/index.php?rest_route=\/wp\/v2\/types\/post"}],"author":[{"embeddable":true,"href":"https:\/\/www.iessenara.es\/Revista\/index.php?rest_route=\/wp\/v2\/users\/3"}],"replies":[{"embeddable":true,"href":"https:\/\/www.iessenara.es\/Revista\/index.php?rest_route=%2Fwp%2Fv2%2Fcomments&post=2725"}],"version-history":[{"count":9,"href":"https:\/\/www.iessenara.es\/Revista\/index.php?rest_route=\/wp\/v2\/posts\/2725\/revisions"}],"predecessor-version":[{"id":2740,"href":"https:\/\/www.iessenara.es\/Revista\/index.php?rest_route=\/wp\/v2\/posts\/2725\/revisions\/2740"}],"wp:featuredmedia":[{"embeddable":true,"href":"https:\/\/www.iessenara.es\/Revista\/index.php?rest_route=\/wp\/v2\/media\/2729"}],"wp:attachment":[{"href":"https:\/\/www.iessenara.es\/Revista\/index.php?rest_route=%2Fwp%2Fv2%2Fmedia&parent=2725"}],"wp:term":[{"taxonomy":"category","embeddable":true,"href":"https:\/\/www.iessenara.es\/Revista\/index.php?rest_route=%2Fwp%2Fv2%2Fcategories&post=2725"},{"taxonomy":"post_tag","embeddable":true,"href":"https:\/\/www.iessenara.es\/Revista\/index.php?rest_route=%2Fwp%2Fv2%2Ftags&post=2725"}],"curies":[{"name":"wp","href":"https:\/\/api.w.org\/{rel}","templated":true}]}}