{"id":2790,"date":"2022-03-11T18:17:05","date_gmt":"2022-03-11T17:17:05","guid":{"rendered":"http:\/\/www.iessenara.es\/Revista\/?p=2790"},"modified":"2022-03-13T20:48:11","modified_gmt":"2022-03-13T19:48:11","slug":"rap-por-la-paz","status":"publish","type":"post","link":"https:\/\/www.iessenara.es\/Revista\/?p=2790","title":{"rendered":"Rap por la Paz"},"content":{"rendered":"\n<p>JOS\u00c9 \u00c1NGEL GONZ\u00c1LEZ MATO, alumno de 2.\u00ba de ESO A<\/p>\n\n\n\n<figure class=\"wp-block-image size-large is-resized\"><a href=\"http:\/\/www.iessenara.es\/Revista\/wp-content\/uploads\/2022\/03\/imagen-blaze-rap-paz.png\"><img decoding=\"async\" loading=\"lazy\" src=\"http:\/\/www.iessenara.es\/Revista\/wp-content\/uploads\/2022\/03\/imagen-blaze-rap-paz-1024x578.png\" alt=\"\" class=\"wp-image-2806\" width=\"640\" height=\"361\" srcset=\"https:\/\/www.iessenara.es\/Revista\/wp-content\/uploads\/2022\/03\/imagen-blaze-rap-paz-1024x578.png 1024w, https:\/\/www.iessenara.es\/Revista\/wp-content\/uploads\/2022\/03\/imagen-blaze-rap-paz-300x169.png 300w, https:\/\/www.iessenara.es\/Revista\/wp-content\/uploads\/2022\/03\/imagen-blaze-rap-paz-768x433.png 768w, https:\/\/www.iessenara.es\/Revista\/wp-content\/uploads\/2022\/03\/imagen-blaze-rap-paz-1536x867.png 1536w, https:\/\/www.iessenara.es\/Revista\/wp-content\/uploads\/2022\/03\/imagen-blaze-rap-paz.png 1602w\" sizes=\"(max-width: 640px) 100vw, 640px\" \/><\/a><figcaption>Blaze -Jos\u00e9 \u00c1ngel Gonz\u00e1lez Mato- clama por la paz en Ucrania. FOTOMONTAJE: JF Pablos<\/figcaption><\/figure>\n\n\n\n<p>Esta es la visi\u00f3n del rapero Blaze de la guerra en Ucrania que el ruso Putin ha desencadenado.<\/p>\n\n\n\n<p>Blaze es un alumno de 2.\u00ba de ESO del IES Senara, Jos\u00e9 \u00c1ngel Gonz\u00e1lez Mato, lleno de talento y con una visi\u00f3n muy cr\u00edtica hacia todo tipo de despotismo.<\/p>\n\n\n\n<p>Puedes escuchar su rap en el reproductor o desde Ivoox: Revista Cosas del Senara.<\/p>\n\n\n\n<p>FICHA T\u00c9CNICA<\/p>\n\n\n\n<p><strong>M\u00fasica<\/strong>: SargyALM<\/p>\n\n\n\n<p><strong>Letra<\/strong>: Blaze<\/p>\n\n\n\n<figure class=\"wp-block-audio\"><audio controls src=\"https:\/\/www.ivoox.com\/_md_83387777_wp_1.mp3\"><\/audio><\/figure>\n","protected":false},"excerpt":{"rendered":"<p>JOS\u00c9 \u00c1NGEL GONZ\u00c1LEZ MATO, alumno de 2.\u00ba de ESO A Esta es la visi\u00f3n del rapero Blaze de la guerra en Ucrania que el ruso Putin ha desencadenado. Blaze es un alumno de 2.\u00ba&#46;&#46;&#46;<\/p>\n","protected":false},"author":3,"featured_media":2806,"comment_status":"open","ping_status":"open","sticky":false,"template":"","format":"standard","meta":{"jetpack_post_was_ever_published":false,"jetpack_publicize_message":"","jetpack_is_tweetstorm":false,"jetpack_publicize_feature_enabled":true,"jetpack_social_options":[]},"categories":[11,1,8],"tags":[296,87,96,297],"jetpack_publicize_connections":[],"jetpack_featured_media_url":"https:\/\/www.iessenara.es\/Revista\/wp-content\/uploads\/2022\/03\/imagen-blaze-rap-paz.png","jetpack_sharing_enabled":true,"jetpack_shortlink":"https:\/\/wp.me\/p5mbkp-J0","_links":{"self":[{"href":"https:\/\/www.iessenara.es\/Revista\/index.php?rest_route=\/wp\/v2\/posts\/2790"}],"collection":[{"href":"https:\/\/www.iessenara.es\/Revista\/index.php?rest_route=\/wp\/v2\/posts"}],"about":[{"href":"https:\/\/www.iessenara.es\/Revista\/index.php?rest_route=\/wp\/v2\/types\/post"}],"author":[{"embeddable":true,"href":"https:\/\/www.iessenara.es\/Revista\/index.php?rest_route=\/wp\/v2\/users\/3"}],"replies":[{"embeddable":true,"href":"https:\/\/www.iessenara.es\/Revista\/index.php?rest_route=%2Fwp%2Fv2%2Fcomments&post=2790"}],"version-history":[{"count":8,"href":"https:\/\/www.iessenara.es\/Revista\/index.php?rest_route=\/wp\/v2\/posts\/2790\/revisions"}],"predecessor-version":[{"id":2823,"href":"https:\/\/www.iessenara.es\/Revista\/index.php?rest_route=\/wp\/v2\/posts\/2790\/revisions\/2823"}],"wp:featuredmedia":[{"embeddable":true,"href":"https:\/\/www.iessenara.es\/Revista\/index.php?rest_route=\/wp\/v2\/media\/2806"}],"wp:attachment":[{"href":"https:\/\/www.iessenara.es\/Revista\/index.php?rest_route=%2Fwp%2Fv2%2Fmedia&parent=2790"}],"wp:term":[{"taxonomy":"category","embeddable":true,"href":"https:\/\/www.iessenara.es\/Revista\/index.php?rest_route=%2Fwp%2Fv2%2Fcategories&post=2790"},{"taxonomy":"post_tag","embeddable":true,"href":"https:\/\/www.iessenara.es\/Revista\/index.php?rest_route=%2Fwp%2Fv2%2Ftags&post=2790"}],"curies":[{"name":"wp","href":"https:\/\/api.w.org\/{rel}","templated":true}]}}