{"id":2798,"date":"2022-03-13T14:25:18","date_gmt":"2022-03-13T13:25:18","guid":{"rendered":"http:\/\/www.iessenara.es\/Revista\/?p=2798"},"modified":"2022-03-13T14:44:26","modified_gmt":"2022-03-13T13:44:26","slug":"idus-de-marzo","status":"publish","type":"post","link":"https:\/\/www.iessenara.es\/Revista\/?p=2798","title":{"rendered":"Idus de marzo"},"content":{"rendered":"\n<h3>Versi\u00f3n sonora del asesinato de Julio C\u00e9sar<\/h3>\n\n\n\n<p>ALUMNOS DE LAT\u00cdN Y CULTURA CL\u00c1SICA<\/p>\n\n\n\n<figure class=\"wp-block-image size-large\"><a href=\"http:\/\/www.iessenara.es\/Revista\/wp-content\/uploads\/2022\/03\/idus-de-marzo.png\"><img decoding=\"async\" loading=\"lazy\" width=\"1024\" height=\"576\" src=\"http:\/\/www.iessenara.es\/Revista\/wp-content\/uploads\/2022\/03\/idus-de-marzo-1024x576.png\" alt=\"\" class=\"wp-image-2799\" srcset=\"https:\/\/www.iessenara.es\/Revista\/wp-content\/uploads\/2022\/03\/idus-de-marzo-1024x576.png 1024w, https:\/\/www.iessenara.es\/Revista\/wp-content\/uploads\/2022\/03\/idus-de-marzo-300x169.png 300w, https:\/\/www.iessenara.es\/Revista\/wp-content\/uploads\/2022\/03\/idus-de-marzo-768x432.png 768w, https:\/\/www.iessenara.es\/Revista\/wp-content\/uploads\/2022\/03\/idus-de-marzo-1536x864.png 1536w, https:\/\/www.iessenara.es\/Revista\/wp-content\/uploads\/2022\/03\/idus-de-marzo.png 2016w\" sizes=\"(max-width: 1024px) 100vw, 1024px\" \/><\/a><figcaption>Elenco del teatro le\u00eddo de <em>Julio C\u00e9sar<\/em> de William Shakespeare. FOTO: JF Pablos.<\/figcaption><\/figure>\n\n\n\n<p>El 15 de marzo del a\u00f1o 44 a. C. -los <em>Idus<\/em>* de marzo- se produjo el mayor magnicidio de la historia. Un grupo de senadores, partidarios de restablecer el orden republicano, planific\u00f3 y asesin\u00f3 al dictador Julio C\u00e9sar. Tras el crimen sobrevino una guerra civil y el ascenso posterior al poder de Roma de Octavio Augusto.<\/p>\n\n\n\n<p>Muchas veces se ha visto representada la muerte de C\u00e9sar, en cine y en teatro. Los alumnos de Cultura Cl\u00e1sica y de Lat\u00edn de 4.\u00ba de ESO, 1.\u00ba y 2.\u00ba de bachillerato, con la colaboraci\u00f3n especial de Diego Prieto, Natalia Barbero y Nerea de la Iglesia, han grabado esta versi\u00f3n sonora, basada en el texto de William Shakespeare.<\/p>\n\n\n\n<p>La escena II del acto II comienza en un cuarto en el Palacio de Julio C\u00e9sar, donde su esposa Calpurnia ha tenido un sue\u00f1o premonitorio. Tras la visita de los conjurados, que vienen para acompa\u00f1ar a C\u00e9sar al Senado, comienza el Acto III en la Curia, donde tendr\u00e1 lugar el magnicidio y los posteriores discursos de Bruto y de Marco Antonio, que provocar\u00e1n una nueva guerra civil.<\/p>\n\n\n\n<p><em>* Los romanos llamaban <\/em>Idus<em> a la fase de luna llena, cuando los meses eran lunares, con una duraci\u00f3n de 28 d\u00edas. Se celebraban el d\u00eda 15 en los meses de marzo, mayo, julio y octubre. El resto de los meses se celebraban el d\u00eda 13. Los Idus de marzo corresponden, pues, al 15 de marzo.<\/em><\/p>\n\n\n\n<figure class=\"wp-block-audio\"><audio controls src=\"https:\/\/www.ivoox.com\/_md_83425878_wp_1.mp3\"><\/audio><figcaption>Puedes escuchar los actos II y III de <em>Julio C\u00e9sar<\/em> en este reproductor o en Ivoox\/Revista Cosas del Senara.<\/figcaption><\/figure>\n\n\n\n<p><strong>FICHA T\u00c9CNICA<\/strong><\/p>\n\n\n\n<p>GUION: William Shakespeare, <em>Julio C\u00e9sar<\/em>, 1599. Traducci\u00f3n de Jos\u00e9 A. M\u00e1rquez, <em>Obras inmortales<\/em>. Edaf, 1975<\/p>\n\n\n\n<p>M\u00daSICA: Miklos R\u00f3szsa, \u201cThey murder Caesar\u201d y The Ides of Mach\u201d. Intrada, 1995<\/p>\n\n\n\n<p>EFECTOS DE SONIDO: Joseph L. Mankiewicz, <em>Julius Caesar<\/em>, 1953<\/p>\n\n\n\n<p>ELENCO<\/p>\n\n\n\n<p><strong>Julio C\u00e9sar<\/strong>: Antonio Benito Alonso. <strong>Criado y Ciudadano 4<\/strong>: Arturo Moralejo P\u00e9rez. <strong>Calpurnia y Ciudadano 1<\/strong>: Andrea Gonz\u00e1lez Ruano. <strong>Decio y Ciudadano 2<\/strong>: Marwa Bousada Mahi. <strong>Publio y Ciudadano 3<\/strong>: Yoel P\u00e9rez Haro. <strong>Bruto<\/strong>: Vega Andr\u00e9s Garc\u00eda. <strong>Marco Antonio<\/strong>: Jos\u00e9 Fernando Pablos Navazo. <strong>Trebonio y Ciudadano<\/strong>: David Mart\u00edn M\u00e9ndez. <strong>Artemidoro<\/strong>: Diego Prieto Barbero. <strong>Casio<\/strong>: Natalia Conde Casc\u00f3n. <strong>Popilio<\/strong>: Judit Gonz\u00e1lez Romero. <strong>Cinna<\/strong>: Nour el Houda Maamri Maamri. <strong>Metelo<\/strong>: Jimena Gonz\u00e1lez Herrero. <strong>Casca<\/strong>: Alba Garc\u00eda de la Fuente y Natalia Barbero Gonz\u00e1lez. <strong>Narradora<\/strong>: Nerea de la Iglesia Prieto.<\/p>\n\n\n\n<p>GRABACI\u00d3N, EDICI\u00d3N Y DIRECCI\u00d3N: Jos\u00e9 Fernando Pablos Navazo<\/p>\n","protected":false},"excerpt":{"rendered":"<p>Versi\u00f3n sonora del asesinato de Julio C\u00e9sar ALUMNOS DE LAT\u00cdN Y CULTURA CL\u00c1SICA El 15 de marzo del a\u00f1o 44 a. C. -los Idus* de marzo- se produjo el mayor magnicidio de la historia.&#46;&#46;&#46;<\/p>\n","protected":false},"author":3,"featured_media":2799,"comment_status":"open","ping_status":"open","sticky":false,"template":"","format":"standard","meta":{"jetpack_post_was_ever_published":false,"jetpack_publicize_message":"","jetpack_is_tweetstorm":false,"jetpack_publicize_feature_enabled":true,"jetpack_social_options":[]},"categories":[11,10],"tags":[60,298,35,36,17],"jetpack_publicize_connections":[],"jetpack_featured_media_url":"https:\/\/www.iessenara.es\/Revista\/wp-content\/uploads\/2022\/03\/idus-de-marzo.png","jetpack_sharing_enabled":true,"jetpack_shortlink":"https:\/\/wp.me\/p5mbkp-J8","_links":{"self":[{"href":"https:\/\/www.iessenara.es\/Revista\/index.php?rest_route=\/wp\/v2\/posts\/2798"}],"collection":[{"href":"https:\/\/www.iessenara.es\/Revista\/index.php?rest_route=\/wp\/v2\/posts"}],"about":[{"href":"https:\/\/www.iessenara.es\/Revista\/index.php?rest_route=\/wp\/v2\/types\/post"}],"author":[{"embeddable":true,"href":"https:\/\/www.iessenara.es\/Revista\/index.php?rest_route=\/wp\/v2\/users\/3"}],"replies":[{"embeddable":true,"href":"https:\/\/www.iessenara.es\/Revista\/index.php?rest_route=%2Fwp%2Fv2%2Fcomments&post=2798"}],"version-history":[{"count":17,"href":"https:\/\/www.iessenara.es\/Revista\/index.php?rest_route=\/wp\/v2\/posts\/2798\/revisions"}],"predecessor-version":[{"id":2821,"href":"https:\/\/www.iessenara.es\/Revista\/index.php?rest_route=\/wp\/v2\/posts\/2798\/revisions\/2821"}],"wp:featuredmedia":[{"embeddable":true,"href":"https:\/\/www.iessenara.es\/Revista\/index.php?rest_route=\/wp\/v2\/media\/2799"}],"wp:attachment":[{"href":"https:\/\/www.iessenara.es\/Revista\/index.php?rest_route=%2Fwp%2Fv2%2Fmedia&parent=2798"}],"wp:term":[{"taxonomy":"category","embeddable":true,"href":"https:\/\/www.iessenara.es\/Revista\/index.php?rest_route=%2Fwp%2Fv2%2Fcategories&post=2798"},{"taxonomy":"post_tag","embeddable":true,"href":"https:\/\/www.iessenara.es\/Revista\/index.php?rest_route=%2Fwp%2Fv2%2Ftags&post=2798"}],"curies":[{"name":"wp","href":"https:\/\/api.w.org\/{rel}","templated":true}]}}