{"id":2854,"date":"2022-04-27T18:08:30","date_gmt":"2022-04-27T17:08:30","guid":{"rendered":"http:\/\/www.iessenara.es\/Revista\/?p=2854"},"modified":"2023-04-29T18:13:35","modified_gmt":"2023-04-29T17:13:35","slug":"xxv-aniversario-25-anos-del-departamento-de-cultura-clasica","status":"publish","type":"post","link":"https:\/\/www.iessenara.es\/Revista\/?p=2854","title":{"rendered":"XXV Aniversario: 25 a\u00f1os del departamento de Cultura Cl\u00e1sica"},"content":{"rendered":"\n<p>JOS\u00c9 FERNANDO PABLOS NAVAZO, jefe del departamento<\/p>\n\n\n\n<p class=\"has-drop-cap\">Este a\u00f1o se cumple el XXV Aniversario de la creaci\u00f3n del IES Senara como centro p\u00fablico. Antes existi\u00f3 como Colegio Libre Asociado. Desde su inauguraci\u00f3n ocupa la sede actual, con sus tejados azules inconfundibles. Con motivo del X Aniversario, los departamentos did\u00e1cticos escribieron sendos art\u00edculos en la revista del centro, en los que resum\u00edan las actividades realizadas y los profesores que hab\u00edan pasado en esos diez a\u00f1os de existencia. No fue el caso del Dpto. de Cultura Cl\u00e1sica; por eso nuestro art\u00edculo versa sobre los primeros 25 a\u00f1os del departamento.<\/p>\n\n\n\n<p>Nuestro trabajo se basa en las fuentes escritas del instituto: actas del departamento, documento org\u00e1nico del centro, memorias finales, archivo fotogr\u00e1fico y revista del instituto.<\/p>\n\n\n\n<h4>Los profesores<\/h4>\n\n\n\n<p>Si empezamos por los profesores que han impartido clase, podemos decir que ha gozado de gran estabilidad. Dos profesores han protagonizado largos per\u00edodos de docencia: Elena Fraile Losa -8 a\u00f1os- y Jos\u00e9 Fernando Pablos Navazo -13 a\u00f1os-, interrumpidos durante su comisi\u00f3n de servicios el curso 2016\/2017. Como puede verse en la <strong>tabla 1<\/strong>, solo durante dos cursos el departamento cont\u00f3 con dos miembros de lat\u00edn: 2009\/2010 y 2015\/2016. El resto de los cursos o bien fue unipersonal o cont\u00f3 con profesores de departamentos \u201cafines\u201d: filosof\u00eda, franc\u00e9s, geograf\u00eda e historia, lengua castellana y literatura, ingl\u00e9s y m\u00fasica.<\/p>\n\n\n\n<figure class=\"wp-block-table\"><table><tbody><tr><td><strong>Curso<\/strong><\/td><td class=\"has-text-align-left\" data-align=\"left\"><strong>Miembros del Departamento<\/strong><\/td><td class=\"has-text-align-left\" data-align=\"left\"><strong>Profesores de Dptos. Afines<\/strong><\/td><\/tr><tr><td><strong>1997\/1998<\/strong><\/td><td class=\"has-text-align-left\" data-align=\"left\">M.\u00aa \u00c1ngeles Mor\u00edn \u00c1lvarez<\/td><td class=\"has-text-align-left\" data-align=\"left\">Susana Dom\u00ednguez Manzano (Dpto. Filosof\u00eda)<\/td><\/tr><tr><td><strong>1998\/1999<\/strong><\/td><td class=\"has-text-align-left\" data-align=\"left\">Adela M.\u00aa del Mar Calvo de las Heras<\/td><td class=\"has-text-align-left\" data-align=\"left\">&nbsp;<\/td><\/tr><tr><td><strong>1999\/2000<\/strong><\/td><td class=\"has-text-align-left\" data-align=\"left\">Elena Fraile Losa<\/td><td class=\"has-text-align-left\" data-align=\"left\">&nbsp;<\/td><\/tr><tr><td><strong>2000\/2001<\/strong><\/td><td class=\"has-text-align-left\" data-align=\"left\">Elena Fraile Losa<\/td><td class=\"has-text-align-left\" data-align=\"left\">&nbsp;<\/td><\/tr><tr><td><strong>2001\/2002<\/strong><\/td><td class=\"has-text-align-left\" data-align=\"left\">Elena Fraile Losa<\/td><td class=\"has-text-align-left\" data-align=\"left\">&nbsp;<\/td><\/tr><tr><td><strong>2002\/2003<\/strong><\/td><td class=\"has-text-align-left\" data-align=\"left\">Elena Fraile Losa<\/td><td class=\"has-text-align-left\" data-align=\"left\">Inmaculada Hern\u00e1ndez L\u00f3pez (Dpto. Franc\u00e9s)<\/td><\/tr><tr><td><strong>2003\/2004<\/strong><\/td><td class=\"has-text-align-left\" data-align=\"left\">Elena Fraile Losa<\/td><td class=\"has-text-align-left\" data-align=\"left\">Fernando Mor\u00e1n Mart\u00edn (Dpto. G.\u00aa e H.\u00aa)<\/td><\/tr><tr><td><strong>2004\/2005<\/strong><\/td><td class=\"has-text-align-left\" data-align=\"left\">Elena Fraile Losa<\/td><td class=\"has-text-align-left\" data-align=\"left\">M.\u00aa Losada Calleja (Dpto. Lengua Castellana y Lit.)<\/td><\/tr><tr><td><strong>2005\/2006<\/strong><\/td><td class=\"has-text-align-left\" data-align=\"left\">Elena Fraile Losa<\/td><td class=\"has-text-align-left\" data-align=\"left\">Beatriz Fern\u00e1ndez S\u00e1nchez (Dpto. Ingl\u00e9s)<\/td><\/tr><tr><td><strong>2006\/2007<\/strong><\/td><td class=\"has-text-align-left\" data-align=\"left\">Elena Fraile Losa<\/td><td class=\"has-text-align-left\" data-align=\"left\">M.\u00aa Jes\u00fas Morales Garc\u00eda (Dpto. Ingl\u00e9s)<\/td><\/tr><tr><td><strong>2007\/2008<\/strong><\/td><td class=\"has-text-align-left\" data-align=\"left\">Adela M.\u00aa del Mar Calvo de las Heras<\/td><td class=\"has-text-align-left\" data-align=\"left\">M\u00f3nica Rodr\u00edguez Garc\u00eda Dpto. Franc\u00e9s) <br>Josefa S\u00e1nchez Sancho (Dpto. Ingl\u00e9s)<\/td><\/tr><tr><td><strong>2008\/2009<\/strong><\/td><td class=\"has-text-align-left\" data-align=\"left\">Jos\u00e9 Fernando Pablos Navazo<\/td><td class=\"has-text-align-left\" data-align=\"left\">Iratxe Tellitu Ant\u00f3n. (Dpto. M\u00fasica) <br>Jos\u00e9 Antonio Mart\u00edn D\u00edaz (Dpto. M\u00fasica)<\/td><\/tr><tr><td><strong>2009\/2010<\/strong><\/td><td class=\"has-text-align-left\" data-align=\"left\">Jos\u00e9 Fernando Pablos Navazo<br>Bego\u00f1a P\u00e9rez C\u00e1ceres<\/td><td class=\"has-text-align-left\" data-align=\"left\">&nbsp;<\/td><\/tr><tr><td><strong>2010\/2011<\/strong><\/td><td class=\"has-text-align-left\" data-align=\"left\">Jos\u00e9 Fernando Pablos Navazo<\/td><td class=\"has-text-align-left\" data-align=\"left\">Inmaculada Hern\u00e1ndez L\u00f3pez (Dpto. Franc\u00e9s)<\/td><\/tr><tr><td><strong>2011\/2012<\/strong><\/td><td class=\"has-text-align-left\" data-align=\"left\">Jos\u00e9 Fernando Pablos Navazo<\/td><td class=\"has-text-align-left\" data-align=\"left\">&nbsp;<\/td><\/tr><tr><td><strong>2012\/2013<\/strong><\/td><td class=\"has-text-align-left\" data-align=\"left\">Jos\u00e9 Fernando Pablos Navazo<\/td><td class=\"has-text-align-left\" data-align=\"left\">&nbsp;<\/td><\/tr><tr><td><strong>2013\/2014<\/strong><\/td><td class=\"has-text-align-left\" data-align=\"left\">Jos\u00e9 Fernando Pablos Navazo<\/td><td class=\"has-text-align-left\" data-align=\"left\">&nbsp;<\/td><\/tr><tr><td><strong>2014\/2015<\/strong><\/td><td class=\"has-text-align-left\" data-align=\"left\">Jos\u00e9 Fernando Pablos Navazo<\/td><td class=\"has-text-align-left\" data-align=\"left\">&nbsp;<\/td><\/tr><tr><td><strong>2015\/2016<\/strong><\/td><td class=\"has-text-align-left\" data-align=\"left\">Jos\u00e9 Fernando Pablos Navazo<br>M.\u00aa Carcavilla de Cabo<\/td><td class=\"has-text-align-left\" data-align=\"left\">&nbsp;<\/td><\/tr><tr><td><strong>2016\/2017<\/strong><\/td><td class=\"has-text-align-left\" data-align=\"left\">Carlos Hern\u00e1ndez-Comendador Corral<\/td><td class=\"has-text-align-left\" data-align=\"left\">&nbsp;<\/td><\/tr><tr><td><strong>2017\/2018<\/strong><\/td><td class=\"has-text-align-left\" data-align=\"left\">Jos\u00e9 Fernando Pablos Navazo<\/td><td class=\"has-text-align-left\" data-align=\"left\">Inmaculada Hern\u00e1ndez Hern\u00e1ndez (Dpto. G.\u00aa e H.\u00aa)<\/td><\/tr><tr><td><strong>2018\/2019<\/strong><\/td><td class=\"has-text-align-left\" data-align=\"left\">Jos\u00e9 Fernando Pablos Navazo<\/td><td class=\"has-text-align-left\" data-align=\"left\">&nbsp;<\/td><\/tr><tr><td><strong>2019\/2020<\/strong><\/td><td class=\"has-text-align-left\" data-align=\"left\">Jos\u00e9 Fernando Pablos Navazo<\/td><td class=\"has-text-align-left\" data-align=\"left\">Enrique Majadas Andray (Dpto. G.\u00aa e H.\u00aa)<\/td><\/tr><tr><td><strong>2020\/2021<\/strong><\/td><td class=\"has-text-align-left\" data-align=\"left\">Jos\u00e9 Fernando Pablos Navazo<\/td><td class=\"has-text-align-left\" data-align=\"left\">Carlos Yuste Yuste (Dpto. G.\u00aa e H.\u00aa)<\/td><\/tr><tr><td><strong>2021\/2022<\/strong><\/td><td class=\"has-text-align-left\" data-align=\"left\">Jos\u00e9 Fernando Pablos Navazo<\/td><td class=\"has-text-align-left\" data-align=\"left\">Jes\u00fas M.\u00aa Payo Puente (Dpto. Filosof\u00eda)<\/td><\/tr><\/tbody><\/table><figcaption class=\"wp-element-caption\">Tabla 1: Profesores del departamento de cultura cl\u00e1sica<\/figcaption><\/figure>\n\n\n\n<p>De todos los acontecimientos vividos por el departamento, sin duda el m\u00e1s luctuoso en estos 25 a\u00f1os fue el fallecimiento por causas naturales de la profesora Bego\u00f1a P\u00e9rez C\u00e1ceres el 2 de junio de 2010 a la edad de 27 a\u00f1os, cuando comenzaba su aventura docente. Su memoria sigue viva en el departamento y en el centro: el Premio de Traducci\u00f3n FONS SALVTIS (Memorial Bego\u00f1a P\u00e9rez C\u00e1ceres), que convoca cada a\u00f1o el departamento de Cultura Cl\u00e1sica lleva su nombre desde su 2.\u00aa edici\u00f3n.<\/p>\n\n\n\n<h4>Nuestras materias: cultura cl\u00e1sica, lat\u00edn y griego<\/h4>\n\n\n\n<p>Una de las mayores preocupaciones que ha vivido el departamento en todos estos a\u00f1os ha sido el n\u00famero de alumnos matriculados en nuestras materias. Por tratarse todas de asignaturas optativas hasta la llegada de la LOMCE, que implant\u00f3 la cultura cl\u00e1sica como obligatoria en 2.\u00ba de ESO, hemos estado siempre dependiendo de si se creaba un grupo o no, por falta de alumnos matriculados o requeridos.<\/p>\n\n\n\n<p>En la <strong>tabla 2<\/strong> se puede ver el n\u00famero de grupos y los alumnos matriculados -entre par\u00e9ntesis- por asignaturas y cursos. En negrita figuran los alumnos matriculados en las ense\u00f1anzas de BUP, anteriores a la LOGSE.<\/p>\n\n\n\n<p>De los 25 a\u00f1os de existencia del centro, tan solo en 13 se imparti\u00f3 la asignatura de griego y, de estos, solo en 9 en 2.\u00ba de bachillerato. Desde 2012 ning\u00fan alumno matriculado en el IES Senara ha podido cursar griego. Mejor suerte ha tenido el lat\u00edn, que dej\u00f3 de impartirse durante tres cursos en 4.\u00ba de ESO, 1.\u00ba y 2.\u00ba de bachillerato, gracias a la intervenci\u00f3n de la jefatura el curso 2011\/2012 y la posterior ceguera de la inspecci\u00f3n educativa.<\/p>\n\n\n\n<figure class=\"wp-block-table\"><table><tbody><tr><td class=\"has-text-align-center\" data-align=\"center\"><\/td><td class=\"has-text-align-center\" data-align=\"center\"><strong>Cultura<\/strong><\/td><td class=\"has-text-align-center\" data-align=\"center\"><strong>&nbsp;<\/strong><\/td><td class=\"has-text-align-center\" data-align=\"center\"><strong>Cl\u00e1sica<\/strong><\/td><td class=\"has-text-align-center\" data-align=\"center\"><strong>LA<\/strong><\/td><td class=\"has-text-align-center\" data-align=\"center\"><strong>T<\/strong><\/td><td class=\"has-text-align-center\" data-align=\"center\"><strong>\u00cdN<\/strong><\/td><td class=\"has-text-align-center\" data-align=\"center\"><strong>GRI<\/strong><\/td><td class=\"has-text-align-center\" data-align=\"center\"><strong>EGO<\/strong><\/td><\/tr><tr><td class=\"has-text-align-center\" data-align=\"center\"><strong>Curso<\/strong><strong><\/strong><\/td><td class=\"has-text-align-center\" data-align=\"center\">2.\u00ba ESO<\/td><td class=\"has-text-align-center\" data-align=\"center\">3.\u00ba ESO<\/td><td class=\"has-text-align-center\" data-align=\"center\">4.\u00ba ESO<\/td><td class=\"has-text-align-center\" data-align=\"center\"><strong>2.\u00ba BUP<\/strong> 4.\u00ba ESO<\/td><td class=\"has-text-align-center\" data-align=\"center\"><strong>3.\u00ba BUP<\/strong> 1.\u00ba Bach<\/td><td class=\"has-text-align-center\" data-align=\"center\">2.\u00ba Bach<\/td><td class=\"has-text-align-center\" data-align=\"center\">1.\u00ba Bach<\/td><td class=\"has-text-align-center\" data-align=\"center\">2.\u00ba Bach<\/td><\/tr><tr><td class=\"has-text-align-center\" data-align=\"center\"><strong>1997\/1998<\/strong><\/td><td class=\"has-text-align-center\" data-align=\"center\">&nbsp;<\/td><td class=\"has-text-align-center\" data-align=\"center\">1 (9)<\/td><td class=\"has-text-align-center\" data-align=\"center\">&nbsp;<\/td><td class=\"has-text-align-center\" data-align=\"center\"><strong>1 (6)<\/strong><\/td><td class=\"has-text-align-center\" data-align=\"center\"><strong>1 (2)<\/strong><\/td><td class=\"has-text-align-center\" data-align=\"center\">&nbsp;<\/td><td class=\"has-text-align-center\" data-align=\"center\">&nbsp;<\/td><td class=\"has-text-align-center\" data-align=\"center\">&nbsp;<\/td><\/tr><tr><td class=\"has-text-align-center\" data-align=\"center\"><strong>1998\/1999<\/strong><\/td><td class=\"has-text-align-center\" data-align=\"center\">&nbsp;<\/td><td class=\"has-text-align-center\" data-align=\"center\">1 (10)<\/td><td class=\"has-text-align-center\" data-align=\"center\">2 (12-7)<\/td><td class=\"has-text-align-center\" data-align=\"center\">&nbsp;<\/td><td class=\"has-text-align-center\" data-align=\"center\"><strong>1 (1)<\/strong><\/td><td class=\"has-text-align-center\" data-align=\"center\">&nbsp;<\/td><td class=\"has-text-align-center\" data-align=\"center\">&nbsp;<\/td><td class=\"has-text-align-center\" data-align=\"center\">&nbsp;<\/td><\/tr><tr><td class=\"has-text-align-center\" data-align=\"center\"><strong>1999\/2000<\/strong><\/td><td class=\"has-text-align-center\" data-align=\"center\">&nbsp;<\/td><td class=\"has-text-align-center\" data-align=\"center\">&nbsp;<\/td><td class=\"has-text-align-center\" data-align=\"center\">2 (10-11)<\/td><td class=\"has-text-align-center\" data-align=\"center\">&nbsp;<\/td><td class=\"has-text-align-center\" data-align=\"center\">2 (2-3)<\/td><td class=\"has-text-align-center\" data-align=\"center\">&nbsp;<\/td><td class=\"has-text-align-center\" data-align=\"center\">1 (2)<\/td><td class=\"has-text-align-center\" data-align=\"center\">&nbsp;<\/td><\/tr><tr><td class=\"has-text-align-center\" data-align=\"center\"><strong>2000\/2001<\/strong><\/td><td class=\"has-text-align-center\" data-align=\"center\">&nbsp;<\/td><td class=\"has-text-align-center\" data-align=\"center\">&nbsp;<\/td><td class=\"has-text-align-center\" data-align=\"center\">1 (15)<\/td><td class=\"has-text-align-center\" data-align=\"center\">&nbsp;<\/td><td class=\"has-text-align-center\" data-align=\"center\">1 (1)<\/td><td class=\"has-text-align-center\" data-align=\"center\">1 (3)<\/td><td class=\"has-text-align-center\" data-align=\"center\">1 (5)<\/td><td class=\"has-text-align-center\" data-align=\"center\">&nbsp;<\/td><\/tr><tr><td class=\"has-text-align-center\" data-align=\"center\"><strong>2001\/2002<\/strong><\/td><td class=\"has-text-align-center\" data-align=\"center\">&nbsp;<\/td><td class=\"has-text-align-center\" data-align=\"center\">&nbsp;<\/td><td class=\"has-text-align-center\" data-align=\"center\">1 (20)<\/td><td class=\"has-text-align-center\" data-align=\"center\">&nbsp;<\/td><td class=\"has-text-align-center\" data-align=\"center\">1 (18)<\/td><td class=\"has-text-align-center\" data-align=\"center\">1 (5)<\/td><td class=\"has-text-align-center\" data-align=\"center\">1 (10)<\/td><td class=\"has-text-align-center\" data-align=\"center\">&nbsp;<\/td><\/tr><tr><td class=\"has-text-align-center\" data-align=\"center\"><strong>2002\/2003<\/strong><\/td><td class=\"has-text-align-center\" data-align=\"center\">&nbsp;<\/td><td class=\"has-text-align-center\" data-align=\"center\">1 (21)<\/td><td class=\"has-text-align-center\" data-align=\"center\">1 (15)<\/td><td class=\"has-text-align-center\" data-align=\"center\">&nbsp;<\/td><td class=\"has-text-align-center\" data-align=\"center\">1 (6)<\/td><td class=\"has-text-align-center\" data-align=\"center\">1 (7)<\/td><td class=\"has-text-align-center\" data-align=\"center\">1 (6)<\/td><td class=\"has-text-align-center\" data-align=\"center\">&nbsp;<\/td><\/tr><tr><td class=\"has-text-align-center\" data-align=\"center\"><strong>2003\/2004<\/strong><\/td><td class=\"has-text-align-center\" data-align=\"center\">&nbsp;<\/td><td class=\"has-text-align-center\" data-align=\"center\">1 (7)<\/td><td class=\"has-text-align-center\" data-align=\"center\">1 (13)<\/td><td class=\"has-text-align-center\" data-align=\"center\">&nbsp;<\/td><td class=\"has-text-align-center\" data-align=\"center\">1 (1)<\/td><td class=\"has-text-align-center\" data-align=\"center\">1 (4)<\/td><td class=\"has-text-align-center\" data-align=\"center\">1 (6)<\/td><td class=\"has-text-align-center\" data-align=\"center\">1 (4)<\/td><\/tr><tr><td class=\"has-text-align-center\" data-align=\"center\"><strong>2004\/2005<\/strong><\/td><td class=\"has-text-align-center\" data-align=\"center\">&nbsp;<\/td><td class=\"has-text-align-center\" data-align=\"center\">1 (7)<\/td><td class=\"has-text-align-center\" data-align=\"center\">&nbsp;<\/td><td class=\"has-text-align-center\" data-align=\"center\">&nbsp;<\/td><td class=\"has-text-align-center\" data-align=\"center\">1 (5)<\/td><td class=\"has-text-align-center\" data-align=\"center\">1 (7)<\/td><td class=\"has-text-align-center\" data-align=\"center\">1 (5)<\/td><td class=\"has-text-align-center\" data-align=\"center\">1 (5)<\/td><\/tr><tr><td class=\"has-text-align-center\" data-align=\"center\"><strong>2005\/2006<\/strong><\/td><td class=\"has-text-align-center\" data-align=\"center\">&nbsp;<\/td><td class=\"has-text-align-center\" data-align=\"center\">1 (9)<\/td><td class=\"has-text-align-center\" data-align=\"center\">&nbsp;<\/td><td class=\"has-text-align-center\" data-align=\"center\">&nbsp;<\/td><td class=\"has-text-align-center\" data-align=\"center\">1 (8)<\/td><td class=\"has-text-align-center\" data-align=\"center\">1 (7)<\/td><td class=\"has-text-align-center\" data-align=\"center\">1 (6)<\/td><td class=\"has-text-align-center\" data-align=\"center\">1 (6)<\/td><\/tr><tr><td class=\"has-text-align-center\" data-align=\"center\"><strong>2006\/2007<\/strong><\/td><td class=\"has-text-align-center\" data-align=\"center\">&nbsp;<\/td><td class=\"has-text-align-center\" data-align=\"center\">1 (6)<\/td><td class=\"has-text-align-center\" data-align=\"center\">&nbsp;<\/td><td class=\"has-text-align-center\" data-align=\"center\">&nbsp;<\/td><td class=\"has-text-align-center\" data-align=\"center\">1 (8)<\/td><td class=\"has-text-align-center\" data-align=\"center\">1 (8)<\/td><td class=\"has-text-align-center\" data-align=\"center\">1 (7)<\/td><td class=\"has-text-align-center\" data-align=\"center\">1 (6)<\/td><\/tr><tr><td class=\"has-text-align-center\" data-align=\"center\"><strong>2007\/2008<\/strong><\/td><td class=\"has-text-align-center\" data-align=\"center\">&nbsp;<\/td><td class=\"has-text-align-center\" data-align=\"center\">1 (9)<\/td><td class=\"has-text-align-center\" data-align=\"center\">1 (8)<\/td><td class=\"has-text-align-center\" data-align=\"center\">&nbsp;<\/td><td class=\"has-text-align-center\" data-align=\"center\">1 (3)<\/td><td class=\"has-text-align-center\" data-align=\"center\">1 (8)<\/td><td class=\"has-text-align-center\" data-align=\"center\">1 (2)<\/td><td class=\"has-text-align-center\" data-align=\"center\">1 (4)<\/td><\/tr><tr><td class=\"has-text-align-center\" data-align=\"center\"><strong>2008\/2009<\/strong><\/td><td class=\"has-text-align-center\" data-align=\"center\">&nbsp;<\/td><td class=\"has-text-align-center\" data-align=\"center\">1 (2)<\/td><td class=\"has-text-align-center\" data-align=\"center\">&nbsp;<\/td><td class=\"has-text-align-center\" data-align=\"center\">1 (16)<\/td><td class=\"has-text-align-center\" data-align=\"center\">1 (3)<\/td><td class=\"has-text-align-center\" data-align=\"center\">1 (4)<\/td><td class=\"has-text-align-center\" data-align=\"center\">1 (3)<\/td><td class=\"has-text-align-center\" data-align=\"center\">1 (2)<\/td><\/tr><tr><td class=\"has-text-align-center\" data-align=\"center\"><strong>2009\/2010<\/strong><\/td><td class=\"has-text-align-center\" data-align=\"center\">&nbsp;<\/td><td class=\"has-text-align-center\" data-align=\"center\">1 (6)<\/td><td class=\"has-text-align-center\" data-align=\"center\">&nbsp;<\/td><td class=\"has-text-align-center\" data-align=\"center\">1 (5)<\/td><td class=\"has-text-align-center\" data-align=\"center\">1 (6)<\/td><td class=\"has-text-align-center\" data-align=\"center\">1 (4)<\/td><td class=\"has-text-align-center\" data-align=\"center\">1 (5)<\/td><td class=\"has-text-align-center\" data-align=\"center\">1 (3)<\/td><\/tr><tr><td class=\"has-text-align-center\" data-align=\"center\"><strong>2010\/2011<\/strong><\/td><td class=\"has-text-align-center\" data-align=\"center\">&nbsp;<\/td><td class=\"has-text-align-center\" data-align=\"center\">1 (9)<\/td><td class=\"has-text-align-center\" data-align=\"center\">&nbsp;<\/td><td class=\"has-text-align-center\" data-align=\"center\">&nbsp;<\/td><td class=\"has-text-align-center\" data-align=\"center\">1 (5)<\/td><td class=\"has-text-align-center\" data-align=\"center\">1 (3)<\/td><td class=\"has-text-align-center\" data-align=\"center\">1 (5)<\/td><td class=\"has-text-align-center\" data-align=\"center\">1 (2)<\/td><\/tr><tr><td class=\"has-text-align-center\" data-align=\"center\"><strong>2011\/2012<\/strong><\/td><td class=\"has-text-align-center\" data-align=\"center\">&nbsp;<\/td><td class=\"has-text-align-center\" data-align=\"center\">1 (5)<\/td><td class=\"has-text-align-center\" data-align=\"center\">&nbsp;<\/td><td class=\"has-text-align-center\" data-align=\"center\">&nbsp;<\/td><td class=\"has-text-align-center\" data-align=\"center\">&nbsp;<\/td><td class=\"has-text-align-center\" data-align=\"center\">1 (3)<\/td><td class=\"has-text-align-center\" data-align=\"center\">&nbsp;<\/td><td class=\"has-text-align-center\" data-align=\"center\">1 (3)<\/td><\/tr><tr><td class=\"has-text-align-center\" data-align=\"center\"><strong>2012\/2013<\/strong><\/td><td class=\"has-text-align-center\" data-align=\"center\">&nbsp;<\/td><td class=\"has-text-align-center\" data-align=\"center\">1 (6)<\/td><td class=\"has-text-align-center\" data-align=\"center\">&nbsp;<\/td><td class=\"has-text-align-center\" data-align=\"center\">&nbsp;<\/td><td class=\"has-text-align-center\" data-align=\"center\">&nbsp;<\/td><td class=\"has-text-align-center\" data-align=\"center\">&nbsp;<\/td><td class=\"has-text-align-center\" data-align=\"center\">&nbsp;<\/td><td class=\"has-text-align-center\" data-align=\"center\">&nbsp;<\/td><\/tr><tr><td class=\"has-text-align-center\" data-align=\"center\"><strong>2013\/2014<\/strong><\/td><td class=\"has-text-align-center\" data-align=\"center\">&nbsp;<\/td><td class=\"has-text-align-center\" data-align=\"center\">1 (9)<\/td><td class=\"has-text-align-center\" data-align=\"center\">&nbsp;<\/td><td class=\"has-text-align-center\" data-align=\"center\">1 (5)<\/td><td class=\"has-text-align-center\" data-align=\"center\">&nbsp;<\/td><td class=\"has-text-align-center\" data-align=\"center\">&nbsp;<\/td><td class=\"has-text-align-center\" data-align=\"center\">&nbsp;<\/td><td class=\"has-text-align-center\" data-align=\"center\">&nbsp;<\/td><\/tr><tr><td class=\"has-text-align-center\" data-align=\"center\"><strong>2014\/2015<\/strong><\/td><td class=\"has-text-align-center\" data-align=\"center\">&nbsp;<\/td><td class=\"has-text-align-center\" data-align=\"center\">1 (9)<\/td><td class=\"has-text-align-center\" data-align=\"center\">&nbsp;<\/td><td class=\"has-text-align-center\" data-align=\"center\">1 (6)<\/td><td class=\"has-text-align-center\" data-align=\"center\">1 (6)<\/td><td class=\"has-text-align-center\" data-align=\"center\">&nbsp;<\/td><td class=\"has-text-align-center\" data-align=\"center\">&nbsp;<\/td><td class=\"has-text-align-center\" data-align=\"center\">&nbsp;<\/td><\/tr><tr><td class=\"has-text-align-center\" data-align=\"center\"><strong>2015\/2016<\/strong><\/td><td class=\"has-text-align-center\" data-align=\"center\">&nbsp;<\/td><td class=\"has-text-align-center\" data-align=\"center\">&nbsp;<\/td><td class=\"has-text-align-center\" data-align=\"center\">&nbsp;<\/td><td class=\"has-text-align-center\" data-align=\"center\">1 (6)<\/td><td class=\"has-text-align-center\" data-align=\"center\">1 (6)<\/td><td class=\"has-text-align-center\" data-align=\"center\">1 (5)<\/td><td class=\"has-text-align-center\" data-align=\"center\">&nbsp;<\/td><td class=\"has-text-align-center\" data-align=\"center\">&nbsp;<\/td><\/tr><tr><td class=\"has-text-align-center\" data-align=\"center\"><strong>2016\/2017<\/strong><\/td><td class=\"has-text-align-center\" data-align=\"center\">2 (20-24)<\/td><td class=\"has-text-align-center\" data-align=\"center\">&nbsp;<\/td><td class=\"has-text-align-center\" data-align=\"center\">&nbsp;<\/td><td class=\"has-text-align-center\" data-align=\"center\">1 (8)<\/td><td class=\"has-text-align-center\" data-align=\"center\">1 (9)<\/td><td class=\"has-text-align-center\" data-align=\"center\">1 (5)<\/td><td class=\"has-text-align-center\" data-align=\"center\">&nbsp;<\/td><td class=\"has-text-align-center\" data-align=\"center\">&nbsp;<\/td><\/tr><tr><td class=\"has-text-align-center\" data-align=\"center\"><strong>2017\/2018<\/strong><\/td><td class=\"has-text-align-center\" data-align=\"center\">2 (24-26)<\/td><td class=\"has-text-align-center\" data-align=\"center\">&nbsp;<\/td><td class=\"has-text-align-center\" data-align=\"center\">&nbsp;<\/td><td class=\"has-text-align-center\" data-align=\"center\">1 (8)<\/td><td class=\"has-text-align-center\" data-align=\"center\">1 (6)<\/td><td class=\"has-text-align-center\" data-align=\"center\">1 (7)<\/td><td class=\"has-text-align-center\" data-align=\"center\">&nbsp;<\/td><td class=\"has-text-align-center\" data-align=\"center\">&nbsp;<\/td><\/tr><tr><td class=\"has-text-align-center\" data-align=\"center\"><strong>2018\/2019<\/strong><\/td><td class=\"has-text-align-center\" data-align=\"center\">2 (17-24)<\/td><td class=\"has-text-align-center\" data-align=\"center\">&nbsp;<\/td><td class=\"has-text-align-center\" data-align=\"center\">&nbsp;<\/td><td class=\"has-text-align-center\" data-align=\"center\">1 (8)<\/td><td class=\"has-text-align-center\" data-align=\"center\">1 (5)<\/td><td class=\"has-text-align-center\" data-align=\"center\">1 (6)<\/td><td class=\"has-text-align-center\" data-align=\"center\">&nbsp;<\/td><td class=\"has-text-align-center\" data-align=\"center\">&nbsp;<\/td><\/tr><tr><td class=\"has-text-align-center\" data-align=\"center\"><strong>2019\/2020<\/strong><\/td><td class=\"has-text-align-center\" data-align=\"center\">2 (21-23)<\/td><td class=\"has-text-align-center\" data-align=\"center\">&nbsp;<\/td><td class=\"has-text-align-center\" data-align=\"center\">1 (13)<\/td><td class=\"has-text-align-center\" data-align=\"center\">1 (9)<\/td><td class=\"has-text-align-center\" data-align=\"center\">1 (3)<\/td><td class=\"has-text-align-center\" data-align=\"center\">1 (5)<\/td><td class=\"has-text-align-center\" data-align=\"center\">&nbsp;<\/td><td class=\"has-text-align-center\" data-align=\"center\">&nbsp;<\/td><\/tr><tr><td class=\"has-text-align-center\" data-align=\"center\"><strong>2020\/2021<\/strong><\/td><td class=\"has-text-align-center\" data-align=\"center\">2 (19-20)<\/td><td class=\"has-text-align-center\" data-align=\"center\">&nbsp;<\/td><td class=\"has-text-align-center\" data-align=\"center\">1 (14)<\/td><td class=\"has-text-align-center\" data-align=\"center\">1 (12)<\/td><td class=\"has-text-align-center\" data-align=\"center\">1 (4)<\/td><td class=\"has-text-align-center\" data-align=\"center\">1 (3)<\/td><td class=\"has-text-align-center\" data-align=\"center\">&nbsp;<\/td><td class=\"has-text-align-center\" data-align=\"center\">&nbsp;<\/td><\/tr><tr><td class=\"has-text-align-center\" data-align=\"center\"><strong>2021\/2022<\/strong><\/td><td class=\"has-text-align-center\" data-align=\"center\">2 (24-25)<\/td><td class=\"has-text-align-center\" data-align=\"center\">&nbsp;<\/td><td class=\"has-text-align-center\" data-align=\"center\">1 (6)<\/td><td class=\"has-text-align-center\" data-align=\"center\">1 (4)<\/td><td class=\"has-text-align-center\" data-align=\"center\">1 (3)<\/td><td class=\"has-text-align-center\" data-align=\"center\">1 (3)<\/td><td class=\"has-text-align-center\" data-align=\"center\">&nbsp;<\/td><td class=\"has-text-align-center\" data-align=\"center\">&nbsp;<\/td><\/tr><\/tbody><\/table><figcaption class=\"wp-element-caption\">Tabla 2: Alumnos matriculados por asignaturas y cursos.<\/figcaption><\/figure>\n\n\n\n<h4>Actividades complementarias y extraescolares<\/h4>\n\n\n\n<p>De las fuentes mencionadas <em>supra <\/em>hemos extra\u00eddo la relaci\u00f3n completa de actividades complementarias y extraescolares realizadas. Responden a un programa que podemos agrupar en: ciudades del imperio, villas romanas, enclaves prerromanos, calzada de la Plata, exposiciones del legado romano y premio de traducci\u00f3n FONS SALVTIS. En la <strong>tabla 3<\/strong> aparecen ordenadas por cursos con la fecha de realizaci\u00f3n.<\/p>\n\n\n\n<figure class=\"wp-block-table\"><table><tbody><tr><td class=\"has-text-align-left\" data-align=\"left\"><strong>Curso<\/strong><\/td><td class=\"has-text-align-left\" data-align=\"left\"><strong>Actividades complementarias y extraescolares<\/strong><\/td><\/tr><tr><td class=\"has-text-align-left\" data-align=\"left\"><strong>1998\/1999<\/strong><\/td><td class=\"has-text-align-left\" data-align=\"left\">Visita a M\u00e9rida y asistencia a las <em>Troyanas<\/em> de Eur\u00edpides. 29\/04\/1999 <br>Recorrido por la Salamanca literaria.<\/td><\/tr><tr><td class=\"has-text-align-left\" data-align=\"left\"><strong>1999\/2000<\/strong><\/td><td class=\"has-text-align-left\" data-align=\"left\">Visita al Museo del Prado (Madrid): Pervivencia de la cultura cl\u00e1sica en la pintura<\/td><\/tr><tr><td class=\"has-text-align-left\" data-align=\"left\"><strong>2008\/2009<\/strong><\/td><td class=\"has-text-align-left\" data-align=\"left\">Visita a M\u00e9rida y asistencia a las <em>Avispas<\/em> de Arist\u00f3fanes. 22\/04\/2009<\/td><\/tr><tr><td class=\"has-text-align-left\" data-align=\"left\"><strong>2009\/2010<\/strong><\/td><td class=\"has-text-align-left\" data-align=\"left\">Visita al Castro de Yecla y aula arqueol\u00f3gica, con Ricardo Mart\u00edn Valls. 16\/10\/2009 <br>Visita a Segovia: Museo, Acueducto y Exposici\u00f3n \u201cRostros de Roma\u201d. 30\/03\/2010<br>I Premio de Traducci\u00f3n FONS SALVTIS<\/td><\/tr><tr><td class=\"has-text-align-left\" data-align=\"left\"><strong>2010\/2011<\/strong><\/td><td class=\"has-text-align-left\" data-align=\"left\">II Premio de Traducci\u00f3n FONS SALVTIS (Memorial Bego\u00f1a P\u00e9rez C\u00e1ceres)<\/td><\/tr><tr><td class=\"has-text-align-left\" data-align=\"left\"><strong>2011\/2012<\/strong><\/td><td class=\"has-text-align-left\" data-align=\"left\">Visita a la Villa Romana de Almenara-Puras (Valladolid) y al Museo de Villas Romanas. 10\/02\/2012 <br>III Premio de Traducci\u00f3n FONS SALVTIS (Memorial Bego\u00f1a P\u00e9rez C\u00e1ceres)<\/td><\/tr><tr><td class=\"has-text-align-left\" data-align=\"left\"><strong>2012\/2013<\/strong><\/td><td class=\"has-text-align-left\" data-align=\"left\">Recorrido a pie por la Calzada de la Plata: Mansio Caelionicco-Puente de la Malena. 22\/03\/2013<\/td><\/tr><tr><td class=\"has-text-align-left\" data-align=\"left\"><strong>2013\/2014<\/strong><\/td><td class=\"has-text-align-left\" data-align=\"left\">Visita a M\u00e9rida en colaboraci\u00f3n con el Dpto. de Artes Pl\u00e1sticas y asistencia a <em>Miles gloriosus<\/em> de Plauto. 2\/04\/2014<\/td><\/tr><tr><td class=\"has-text-align-left\" data-align=\"left\"><strong>2014\/2015<\/strong><\/td><td class=\"has-text-align-left\" data-align=\"left\">Recorrido a pie por la Calzada de la Plata: Puente de la Malena-Calzada de B\u00e9jar. 28\/10\/2014 <br>Viaje a Roma en colaboraci\u00f3n con el Dpto. de Religi\u00f3n. 20 al 24\/03\/2015 <br>IV Premio de Traducci\u00f3n FONS SALVTIS (Memorial Bego\u00f1a P\u00e9rez C\u00e1ceres)<\/td><\/tr><tr><td class=\"has-text-align-left\" data-align=\"left\"><strong>2015\/2016<\/strong><\/td><td class=\"has-text-align-left\" data-align=\"left\">Recorrido a pie por la Calzada de la Plata: Calzada de B\u00e9jar-Mansio Ad Lippos. 12\/11\/2015 <br>V\u00eddeo con expresiones latinas \u201cVerba volant\u201d. 14\/04\/2015 <br>V Premio de Traducci\u00f3n FONS SALVTIS (Memorial Bego\u00f1a P\u00e9rez C\u00e1ceres)<\/td><\/tr><tr><td class=\"has-text-align-left\" data-align=\"left\"><strong>2016\/2017<\/strong><\/td><td class=\"has-text-align-left\" data-align=\"left\">Visita a M\u00e9rida y asistencia al teatro. 04\/2017 <br>VI Premio de Traducci\u00f3n FONS SALVTIS (Memorial Bego\u00f1a P\u00e9rez C\u00e1ceres)<\/td><\/tr><tr><td class=\"has-text-align-left\" data-align=\"left\"><strong>2017\/2018<\/strong><\/td><td class=\"has-text-align-left\" data-align=\"left\">Recorrido a pie por la Calzada de la Plata en colaboraci\u00f3n con el Dpto. de Religi\u00f3n: Mansio Caelionicco-Puente de la Malena. 20\/10\/2017 <br>Viaje a Roma en colaboraci\u00f3n con el Dpto. de Religi\u00f3n. 21 al 25\/03\/2018 <br>VII Premio de Traducci\u00f3n FONS SALVTIS (Memorial Bego\u00f1a P\u00e9rez C\u00e1ceres)<\/td><\/tr><tr><td class=\"has-text-align-left\" data-align=\"left\"><strong>2018\/2019<\/strong><\/td><td class=\"has-text-align-left\" data-align=\"left\">Exposici\u00f3n \u201cEl legado romano: construcciones e infraestructuras\u201d 15\/03 al 5\/04\/2019 <br>Coordinaci\u00f3n de la Revista \u201cCosas del Senara\u201d <br>VIII Premio de Traducci\u00f3n FONS SALVTIS (Memorial Bego\u00f1a P\u00e9rez C\u00e1ceres)<\/td><\/tr><tr><td class=\"has-text-align-left\" data-align=\"left\"><strong>2019\/2020<\/strong><\/td><td class=\"has-text-align-left\" data-align=\"left\">Visita a la Villa Romana de Almenara-Puras (Valladolid) y al Museo de Valladolid. 14\/11\/2019 <br>Exposici\u00f3n \u201cEl legado romano: el lat\u00edn y las lenguas romances\u201d 21\/11 al 13\/12\/2019 <br>Coordinaci\u00f3n de la Revista \u201cCosas del Senara\u201d<\/td><\/tr><tr><td class=\"has-text-align-left\" data-align=\"left\"><strong>2020\/2021<\/strong><\/td><td class=\"has-text-align-left\" data-align=\"left\">Fase nacional <em>Certamen Ciceronianum<\/em> 2021. \u201cTextos sobre la virtud y la amistad\u201d. 12\/03\/2021 <br>Coordinaci\u00f3n de la Revista \u201cCosas del Senara\u201d <br>IX Premio de Traducci\u00f3n FONS SALVTIS (Memorial Bego\u00f1a P\u00e9rez C\u00e1ceres)<\/td><\/tr><tr><td class=\"has-text-align-left\" data-align=\"left\"><strong>2021\/2022<\/strong><\/td><td class=\"has-text-align-left\" data-align=\"left\">Coordinaci\u00f3n de la Revista \u201cCosas del Senara\u201d <br>Teatro le\u00eddo: W. Shakespeare, <em>Julio C\u00e9sar<\/em> <br>Visita a la Villa Romana de Almenara-Puras (Valladolid) y al Museo de Villas Romanas. 21\/04\/2022 <br>X Premio de Traducci\u00f3n FONS SALVTIS (Memorial Bego\u00f1a P\u00e9rez C\u00e1ceres)<\/td><\/tr><\/tbody><\/table><figcaption class=\"wp-element-caption\">Tabla 3: Relaci\u00f3n de actividades complementarias y extraescolares por cursos.<\/figcaption><\/figure>\n\n\n\n<div class=\"wp-block-jetpack-slideshow aligncenter\" data-effect=\"slide\"><div class=\"wp-block-jetpack-slideshow_container swiper-container\"><ul class=\"wp-block-jetpack-slideshow_swiper-wrapper swiper-wrapper\"><li class=\"wp-block-jetpack-slideshow_slide swiper-slide\"><figure><img decoding=\"async\" loading=\"lazy\" width=\"1024\" height=\"683\" alt=\"\" class=\"wp-block-jetpack-slideshow_image wp-image-2885\" data-id=\"2885\" src=\"http:\/\/www.iessenara.es\/Revista\/wp-content\/uploads\/2022\/04\/01.Romanos_2015-1024x683.jpg\" srcset=\"https:\/\/www.iessenara.es\/Revista\/wp-content\/uploads\/2022\/04\/01.Romanos_2015-1024x683.jpg 1024w, https:\/\/www.iessenara.es\/Revista\/wp-content\/uploads\/2022\/04\/01.Romanos_2015-300x200.jpg 300w, https:\/\/www.iessenara.es\/Revista\/wp-content\/uploads\/2022\/04\/01.Romanos_2015-768x512.jpg 768w, https:\/\/www.iessenara.es\/Revista\/wp-content\/uploads\/2022\/04\/01.Romanos_2015-1536x1024.jpg 1536w, https:\/\/www.iessenara.es\/Revista\/wp-content\/uploads\/2022\/04\/01.Romanos_2015-2048x1365.jpg 2048w\" sizes=\"(max-width: 1024px) 100vw, 1024px\" \/><\/figure><\/li><li class=\"wp-block-jetpack-slideshow_slide swiper-slide\"><figure><img decoding=\"async\" loading=\"lazy\" width=\"1024\" height=\"576\" alt=\"\" class=\"wp-block-jetpack-slideshow_image wp-image-2886\" data-id=\"2886\" src=\"http:\/\/www.iessenara.es\/Revista\/wp-content\/uploads\/2022\/04\/02.Merida-1999-1024x576.jpg\" srcset=\"https:\/\/www.iessenara.es\/Revista\/wp-content\/uploads\/2022\/04\/02.Merida-1999-1024x576.jpg 1024w, https:\/\/www.iessenara.es\/Revista\/wp-content\/uploads\/2022\/04\/02.Merida-1999-300x169.jpg 300w, https:\/\/www.iessenara.es\/Revista\/wp-content\/uploads\/2022\/04\/02.Merida-1999-768x432.jpg 768w, https:\/\/www.iessenara.es\/Revista\/wp-content\/uploads\/2022\/04\/02.Merida-1999-1536x864.jpg 1536w, https:\/\/www.iessenara.es\/Revista\/wp-content\/uploads\/2022\/04\/02.Merida-1999-2048x1152.jpg 2048w\" sizes=\"(max-width: 1024px) 100vw, 1024px\" \/><\/figure><\/li><li class=\"wp-block-jetpack-slideshow_slide swiper-slide\"><figure><img decoding=\"async\" loading=\"lazy\" width=\"1024\" height=\"576\" alt=\"\" class=\"wp-block-jetpack-slideshow_image wp-image-2887\" data-id=\"2887\" src=\"http:\/\/www.iessenara.es\/Revista\/wp-content\/uploads\/2022\/04\/03.Salamanca.1999-1024x576.jpg\" srcset=\"https:\/\/www.iessenara.es\/Revista\/wp-content\/uploads\/2022\/04\/03.Salamanca.1999-1024x576.jpg 1024w, https:\/\/www.iessenara.es\/Revista\/wp-content\/uploads\/2022\/04\/03.Salamanca.1999-300x169.jpg 300w, https:\/\/www.iessenara.es\/Revista\/wp-content\/uploads\/2022\/04\/03.Salamanca.1999-768x432.jpg 768w, https:\/\/www.iessenara.es\/Revista\/wp-content\/uploads\/2022\/04\/03.Salamanca.1999-1536x864.jpg 1536w, https:\/\/www.iessenara.es\/Revista\/wp-content\/uploads\/2022\/04\/03.Salamanca.1999-2048x1152.jpg 2048w\" sizes=\"(max-width: 1024px) 100vw, 1024px\" \/><\/figure><\/li><li class=\"wp-block-jetpack-slideshow_slide swiper-slide\"><figure><img decoding=\"async\" loading=\"lazy\" width=\"1024\" height=\"576\" alt=\"\" class=\"wp-block-jetpack-slideshow_image wp-image-2888\" data-id=\"2888\" src=\"http:\/\/www.iessenara.es\/Revista\/wp-content\/uploads\/2022\/04\/04.Merida-2009-1024x576.jpg\" srcset=\"https:\/\/www.iessenara.es\/Revista\/wp-content\/uploads\/2022\/04\/04.Merida-2009-1024x576.jpg 1024w, https:\/\/www.iessenara.es\/Revista\/wp-content\/uploads\/2022\/04\/04.Merida-2009-300x169.jpg 300w, https:\/\/www.iessenara.es\/Revista\/wp-content\/uploads\/2022\/04\/04.Merida-2009-768x432.jpg 768w, https:\/\/www.iessenara.es\/Revista\/wp-content\/uploads\/2022\/04\/04.Merida-2009-1536x864.jpg 1536w, https:\/\/www.iessenara.es\/Revista\/wp-content\/uploads\/2022\/04\/04.Merida-2009-2048x1152.jpg 2048w\" sizes=\"(max-width: 1024px) 100vw, 1024px\" \/><\/figure><\/li><li class=\"wp-block-jetpack-slideshow_slide swiper-slide\"><figure><img decoding=\"async\" loading=\"lazy\" width=\"1024\" height=\"576\" alt=\"\" class=\"wp-block-jetpack-slideshow_image wp-image-2889\" data-id=\"2889\" src=\"http:\/\/www.iessenara.es\/Revista\/wp-content\/uploads\/2022\/04\/05.Yecla_.2009-1024x576.jpg\" srcset=\"https:\/\/www.iessenara.es\/Revista\/wp-content\/uploads\/2022\/04\/05.Yecla_.2009-1024x576.jpg 1024w, https:\/\/www.iessenara.es\/Revista\/wp-content\/uploads\/2022\/04\/05.Yecla_.2009-300x169.jpg 300w, https:\/\/www.iessenara.es\/Revista\/wp-content\/uploads\/2022\/04\/05.Yecla_.2009-768x432.jpg 768w, https:\/\/www.iessenara.es\/Revista\/wp-content\/uploads\/2022\/04\/05.Yecla_.2009-1536x864.jpg 1536w, https:\/\/www.iessenara.es\/Revista\/wp-content\/uploads\/2022\/04\/05.Yecla_.2009-2048x1152.jpg 2048w\" sizes=\"(max-width: 1024px) 100vw, 1024px\" \/><\/figure><\/li><li class=\"wp-block-jetpack-slideshow_slide swiper-slide\"><figure><img decoding=\"async\" loading=\"lazy\" width=\"1024\" height=\"576\" alt=\"\" class=\"wp-block-jetpack-slideshow_image wp-image-2890\" data-id=\"2890\" src=\"http:\/\/www.iessenara.es\/Revista\/wp-content\/uploads\/2022\/04\/06.Segovia.2010-1024x576.jpg\" srcset=\"https:\/\/www.iessenara.es\/Revista\/wp-content\/uploads\/2022\/04\/06.Segovia.2010-1024x576.jpg 1024w, https:\/\/www.iessenara.es\/Revista\/wp-content\/uploads\/2022\/04\/06.Segovia.2010-300x169.jpg 300w, https:\/\/www.iessenara.es\/Revista\/wp-content\/uploads\/2022\/04\/06.Segovia.2010-768x432.jpg 768w, https:\/\/www.iessenara.es\/Revista\/wp-content\/uploads\/2022\/04\/06.Segovia.2010-1536x864.jpg 1536w, https:\/\/www.iessenara.es\/Revista\/wp-content\/uploads\/2022\/04\/06.Segovia.2010.jpg 1624w\" sizes=\"(max-width: 1024px) 100vw, 1024px\" \/><\/figure><\/li><li class=\"wp-block-jetpack-slideshow_slide swiper-slide\"><figure><img decoding=\"async\" loading=\"lazy\" width=\"1024\" height=\"576\" alt=\"\" class=\"wp-block-jetpack-slideshow_image wp-image-2891\" data-id=\"2891\" src=\"http:\/\/www.iessenara.es\/Revista\/wp-content\/uploads\/2022\/04\/07.Salutis.2010-1024x576.jpg\" srcset=\"https:\/\/www.iessenara.es\/Revista\/wp-content\/uploads\/2022\/04\/07.Salutis.2010-1024x576.jpg 1024w, https:\/\/www.iessenara.es\/Revista\/wp-content\/uploads\/2022\/04\/07.Salutis.2010-300x169.jpg 300w, https:\/\/www.iessenara.es\/Revista\/wp-content\/uploads\/2022\/04\/07.Salutis.2010-768x432.jpg 768w, https:\/\/www.iessenara.es\/Revista\/wp-content\/uploads\/2022\/04\/07.Salutis.2010-1536x863.jpg 1536w, https:\/\/www.iessenara.es\/Revista\/wp-content\/uploads\/2022\/04\/07.Salutis.2010-2048x1151.jpg 2048w\" sizes=\"(max-width: 1024px) 100vw, 1024px\" \/><\/figure><\/li><li class=\"wp-block-jetpack-slideshow_slide swiper-slide\"><figure><img decoding=\"async\" loading=\"lazy\" width=\"1024\" height=\"576\" alt=\"\" class=\"wp-block-jetpack-slideshow_image wp-image-2892\" data-id=\"2892\" src=\"http:\/\/www.iessenara.es\/Revista\/wp-content\/uploads\/2022\/04\/08.Salutis.2011-1024x576.jpg\" srcset=\"https:\/\/www.iessenara.es\/Revista\/wp-content\/uploads\/2022\/04\/08.Salutis.2011-1024x576.jpg 1024w, https:\/\/www.iessenara.es\/Revista\/wp-content\/uploads\/2022\/04\/08.Salutis.2011-300x169.jpg 300w, https:\/\/www.iessenara.es\/Revista\/wp-content\/uploads\/2022\/04\/08.Salutis.2011-768x432.jpg 768w, https:\/\/www.iessenara.es\/Revista\/wp-content\/uploads\/2022\/04\/08.Salutis.2011-1536x864.jpg 1536w, https:\/\/www.iessenara.es\/Revista\/wp-content\/uploads\/2022\/04\/08.Salutis.2011-2048x1152.jpg 2048w\" sizes=\"(max-width: 1024px) 100vw, 1024px\" \/><\/figure><\/li><li class=\"wp-block-jetpack-slideshow_slide swiper-slide\"><figure><img decoding=\"async\" loading=\"lazy\" width=\"1024\" height=\"576\" alt=\"\" class=\"wp-block-jetpack-slideshow_image wp-image-2893\" data-id=\"2893\" src=\"http:\/\/www.iessenara.es\/Revista\/wp-content\/uploads\/2022\/04\/09.Almenara.2012-1024x576.jpg\" srcset=\"https:\/\/www.iessenara.es\/Revista\/wp-content\/uploads\/2022\/04\/09.Almenara.2012-1024x576.jpg 1024w, https:\/\/www.iessenara.es\/Revista\/wp-content\/uploads\/2022\/04\/09.Almenara.2012-300x169.jpg 300w, https:\/\/www.iessenara.es\/Revista\/wp-content\/uploads\/2022\/04\/09.Almenara.2012-768x432.jpg 768w, https:\/\/www.iessenara.es\/Revista\/wp-content\/uploads\/2022\/04\/09.Almenara.2012-1536x864.jpg 1536w, https:\/\/www.iessenara.es\/Revista\/wp-content\/uploads\/2022\/04\/09.Almenara.2012-2048x1152.jpg 2048w\" sizes=\"(max-width: 1024px) 100vw, 1024px\" \/><\/figure><\/li><li class=\"wp-block-jetpack-slideshow_slide swiper-slide\"><figure><img decoding=\"async\" loading=\"lazy\" width=\"1024\" height=\"576\" alt=\"\" class=\"wp-block-jetpack-slideshow_image wp-image-2894\" data-id=\"2894\" src=\"http:\/\/www.iessenara.es\/Revista\/wp-content\/uploads\/2022\/04\/10.Salutis.2012-1024x576.jpg\" srcset=\"https:\/\/www.iessenara.es\/Revista\/wp-content\/uploads\/2022\/04\/10.Salutis.2012-1024x576.jpg 1024w, https:\/\/www.iessenara.es\/Revista\/wp-content\/uploads\/2022\/04\/10.Salutis.2012-300x169.jpg 300w, https:\/\/www.iessenara.es\/Revista\/wp-content\/uploads\/2022\/04\/10.Salutis.2012-768x432.jpg 768w, https:\/\/www.iessenara.es\/Revista\/wp-content\/uploads\/2022\/04\/10.Salutis.2012-1536x864.jpg 1536w, https:\/\/www.iessenara.es\/Revista\/wp-content\/uploads\/2022\/04\/10.Salutis.2012-2048x1152.jpg 2048w\" sizes=\"(max-width: 1024px) 100vw, 1024px\" \/><\/figure><\/li><li class=\"wp-block-jetpack-slideshow_slide swiper-slide\"><figure><img decoding=\"async\" loading=\"lazy\" width=\"1024\" height=\"576\" alt=\"\" class=\"wp-block-jetpack-slideshow_image wp-image-2895\" data-id=\"2895\" src=\"http:\/\/www.iessenara.es\/Revista\/wp-content\/uploads\/2022\/04\/11.Calzada-2013-1024x576.jpg\" srcset=\"https:\/\/www.iessenara.es\/Revista\/wp-content\/uploads\/2022\/04\/11.Calzada-2013-1024x576.jpg 1024w, https:\/\/www.iessenara.es\/Revista\/wp-content\/uploads\/2022\/04\/11.Calzada-2013-300x169.jpg 300w, https:\/\/www.iessenara.es\/Revista\/wp-content\/uploads\/2022\/04\/11.Calzada-2013-768x432.jpg 768w, https:\/\/www.iessenara.es\/Revista\/wp-content\/uploads\/2022\/04\/11.Calzada-2013-1536x864.jpg 1536w, https:\/\/www.iessenara.es\/Revista\/wp-content\/uploads\/2022\/04\/11.Calzada-2013-2048x1152.jpg 2048w\" sizes=\"(max-width: 1024px) 100vw, 1024px\" \/><\/figure><\/li><li class=\"wp-block-jetpack-slideshow_slide swiper-slide\"><figure><img decoding=\"async\" loading=\"lazy\" width=\"1024\" height=\"576\" alt=\"\" class=\"wp-block-jetpack-slideshow_image wp-image-2896\" data-id=\"2896\" src=\"http:\/\/www.iessenara.es\/Revista\/wp-content\/uploads\/2022\/04\/12.Merida-2014-1024x576.jpg\" srcset=\"https:\/\/www.iessenara.es\/Revista\/wp-content\/uploads\/2022\/04\/12.Merida-2014-1024x576.jpg 1024w, https:\/\/www.iessenara.es\/Revista\/wp-content\/uploads\/2022\/04\/12.Merida-2014-300x169.jpg 300w, https:\/\/www.iessenara.es\/Revista\/wp-content\/uploads\/2022\/04\/12.Merida-2014-768x432.jpg 768w, https:\/\/www.iessenara.es\/Revista\/wp-content\/uploads\/2022\/04\/12.Merida-2014-1536x864.jpg 1536w, https:\/\/www.iessenara.es\/Revista\/wp-content\/uploads\/2022\/04\/12.Merida-2014-2048x1152.jpg 2048w\" sizes=\"(max-width: 1024px) 100vw, 1024px\" \/><\/figure><\/li><li class=\"wp-block-jetpack-slideshow_slide swiper-slide\"><figure><img decoding=\"async\" loading=\"lazy\" width=\"1024\" height=\"576\" alt=\"\" class=\"wp-block-jetpack-slideshow_image wp-image-2897\" data-id=\"2897\" src=\"http:\/\/www.iessenara.es\/Revista\/wp-content\/uploads\/2022\/04\/13.Calzada-2014-1024x576.jpg\" srcset=\"https:\/\/www.iessenara.es\/Revista\/wp-content\/uploads\/2022\/04\/13.Calzada-2014-1024x576.jpg 1024w, https:\/\/www.iessenara.es\/Revista\/wp-content\/uploads\/2022\/04\/13.Calzada-2014-300x169.jpg 300w, https:\/\/www.iessenara.es\/Revista\/wp-content\/uploads\/2022\/04\/13.Calzada-2014-768x432.jpg 768w, https:\/\/www.iessenara.es\/Revista\/wp-content\/uploads\/2022\/04\/13.Calzada-2014-1536x864.jpg 1536w, https:\/\/www.iessenara.es\/Revista\/wp-content\/uploads\/2022\/04\/13.Calzada-2014-2048x1152.jpg 2048w\" sizes=\"(max-width: 1024px) 100vw, 1024px\" \/><\/figure><\/li><li class=\"wp-block-jetpack-slideshow_slide swiper-slide\"><figure><img decoding=\"async\" loading=\"lazy\" width=\"1024\" height=\"576\" alt=\"\" class=\"wp-block-jetpack-slideshow_image wp-image-2898\" data-id=\"2898\" src=\"http:\/\/www.iessenara.es\/Revista\/wp-content\/uploads\/2022\/04\/14.Roma-2015-1024x576.jpg\" srcset=\"https:\/\/www.iessenara.es\/Revista\/wp-content\/uploads\/2022\/04\/14.Roma-2015-1024x576.jpg 1024w, https:\/\/www.iessenara.es\/Revista\/wp-content\/uploads\/2022\/04\/14.Roma-2015-300x169.jpg 300w, https:\/\/www.iessenara.es\/Revista\/wp-content\/uploads\/2022\/04\/14.Roma-2015-768x432.jpg 768w, https:\/\/www.iessenara.es\/Revista\/wp-content\/uploads\/2022\/04\/14.Roma-2015-1536x864.jpg 1536w, https:\/\/www.iessenara.es\/Revista\/wp-content\/uploads\/2022\/04\/14.Roma-2015-2048x1152.jpg 2048w\" sizes=\"(max-width: 1024px) 100vw, 1024px\" \/><\/figure><\/li><li class=\"wp-block-jetpack-slideshow_slide swiper-slide\"><figure><img decoding=\"async\" loading=\"lazy\" width=\"1024\" height=\"576\" alt=\"\" class=\"wp-block-jetpack-slideshow_image wp-image-2899\" data-id=\"2899\" src=\"http:\/\/www.iessenara.es\/Revista\/wp-content\/uploads\/2022\/04\/15.Salutis.2015-1024x576.jpg\" srcset=\"https:\/\/www.iessenara.es\/Revista\/wp-content\/uploads\/2022\/04\/15.Salutis.2015-1024x576.jpg 1024w, https:\/\/www.iessenara.es\/Revista\/wp-content\/uploads\/2022\/04\/15.Salutis.2015-300x169.jpg 300w, https:\/\/www.iessenara.es\/Revista\/wp-content\/uploads\/2022\/04\/15.Salutis.2015-768x432.jpg 768w, https:\/\/www.iessenara.es\/Revista\/wp-content\/uploads\/2022\/04\/15.Salutis.2015.jpg 1501w\" sizes=\"(max-width: 1024px) 100vw, 1024px\" \/><\/figure><\/li><li class=\"wp-block-jetpack-slideshow_slide swiper-slide\"><figure><img decoding=\"async\" loading=\"lazy\" width=\"1024\" height=\"576\" alt=\"\" class=\"wp-block-jetpack-slideshow_image wp-image-2900\" data-id=\"2900\" src=\"http:\/\/www.iessenara.es\/Revista\/wp-content\/uploads\/2022\/04\/16.Calzada.2015-1024x576.jpg\" srcset=\"https:\/\/www.iessenara.es\/Revista\/wp-content\/uploads\/2022\/04\/16.Calzada.2015-1024x576.jpg 1024w, https:\/\/www.iessenara.es\/Revista\/wp-content\/uploads\/2022\/04\/16.Calzada.2015-300x169.jpg 300w, https:\/\/www.iessenara.es\/Revista\/wp-content\/uploads\/2022\/04\/16.Calzada.2015-768x432.jpg 768w, https:\/\/www.iessenara.es\/Revista\/wp-content\/uploads\/2022\/04\/16.Calzada.2015-1536x864.jpg 1536w, https:\/\/www.iessenara.es\/Revista\/wp-content\/uploads\/2022\/04\/16.Calzada.2015-2048x1152.jpg 2048w\" sizes=\"(max-width: 1024px) 100vw, 1024px\" \/><\/figure><\/li><li class=\"wp-block-jetpack-slideshow_slide swiper-slide\"><figure><img decoding=\"async\" loading=\"lazy\" width=\"720\" height=\"405\" alt=\"\" class=\"wp-block-jetpack-slideshow_image wp-image-2902\" data-id=\"2902\" src=\"http:\/\/www.iessenara.es\/Revista\/wp-content\/uploads\/2022\/04\/17.Verba-volant-2015.jpg\" srcset=\"https:\/\/www.iessenara.es\/Revista\/wp-content\/uploads\/2022\/04\/17.Verba-volant-2015.jpg 720w, https:\/\/www.iessenara.es\/Revista\/wp-content\/uploads\/2022\/04\/17.Verba-volant-2015-300x169.jpg 300w\" sizes=\"(max-width: 720px) 100vw, 720px\" \/><\/figure><\/li><li class=\"wp-block-jetpack-slideshow_slide swiper-slide\"><figure><img decoding=\"async\" loading=\"lazy\" width=\"1024\" height=\"576\" alt=\"\" class=\"wp-block-jetpack-slideshow_image wp-image-2903\" data-id=\"2903\" src=\"http:\/\/www.iessenara.es\/Revista\/wp-content\/uploads\/2022\/04\/18.Salutis.2016-1024x576.jpg\" srcset=\"https:\/\/www.iessenara.es\/Revista\/wp-content\/uploads\/2022\/04\/18.Salutis.2016-1024x576.jpg 1024w, https:\/\/www.iessenara.es\/Revista\/wp-content\/uploads\/2022\/04\/18.Salutis.2016-300x169.jpg 300w, https:\/\/www.iessenara.es\/Revista\/wp-content\/uploads\/2022\/04\/18.Salutis.2016-768x432.jpg 768w, https:\/\/www.iessenara.es\/Revista\/wp-content\/uploads\/2022\/04\/18.Salutis.2016-1536x864.jpg 1536w, https:\/\/www.iessenara.es\/Revista\/wp-content\/uploads\/2022\/04\/18.Salutis.2016.jpg 1598w\" sizes=\"(max-width: 1024px) 100vw, 1024px\" \/><\/figure><\/li><li class=\"wp-block-jetpack-slideshow_slide swiper-slide\"><figure><img decoding=\"async\" loading=\"lazy\" width=\"1024\" height=\"576\" alt=\"\" class=\"wp-block-jetpack-slideshow_image wp-image-2908\" data-id=\"2908\" src=\"http:\/\/www.iessenara.es\/Revista\/wp-content\/uploads\/2022\/04\/19.Salutis-2017-1-1024x576.jpg\" srcset=\"https:\/\/www.iessenara.es\/Revista\/wp-content\/uploads\/2022\/04\/19.Salutis-2017-1-1024x576.jpg 1024w, https:\/\/www.iessenara.es\/Revista\/wp-content\/uploads\/2022\/04\/19.Salutis-2017-1-300x169.jpg 300w, https:\/\/www.iessenara.es\/Revista\/wp-content\/uploads\/2022\/04\/19.Salutis-2017-1-768x432.jpg 768w, https:\/\/www.iessenara.es\/Revista\/wp-content\/uploads\/2022\/04\/19.Salutis-2017-1-1536x864.jpg 1536w, https:\/\/www.iessenara.es\/Revista\/wp-content\/uploads\/2022\/04\/19.Salutis-2017-1-2048x1152.jpg 2048w\" sizes=\"(max-width: 1024px) 100vw, 1024px\" \/><\/figure><\/li><li class=\"wp-block-jetpack-slideshow_slide swiper-slide\"><figure><img decoding=\"async\" loading=\"lazy\" width=\"1024\" height=\"575\" alt=\"\" class=\"wp-block-jetpack-slideshow_image wp-image-2909\" data-id=\"2909\" src=\"http:\/\/www.iessenara.es\/Revista\/wp-content\/uploads\/2022\/04\/20.Calzada-2017-1-1024x575.jpg\" srcset=\"https:\/\/www.iessenara.es\/Revista\/wp-content\/uploads\/2022\/04\/20.Calzada-2017-1-1024x575.jpg 1024w, https:\/\/www.iessenara.es\/Revista\/wp-content\/uploads\/2022\/04\/20.Calzada-2017-1-300x169.jpg 300w, https:\/\/www.iessenara.es\/Revista\/wp-content\/uploads\/2022\/04\/20.Calzada-2017-1-768x432.jpg 768w, https:\/\/www.iessenara.es\/Revista\/wp-content\/uploads\/2022\/04\/20.Calzada-2017-1-1536x863.jpg 1536w, https:\/\/www.iessenara.es\/Revista\/wp-content\/uploads\/2022\/04\/20.Calzada-2017-1.jpg 2045w\" sizes=\"(max-width: 1024px) 100vw, 1024px\" \/><\/figure><\/li><li class=\"wp-block-jetpack-slideshow_slide swiper-slide\"><figure><img decoding=\"async\" loading=\"lazy\" width=\"1024\" height=\"576\" alt=\"\" class=\"wp-block-jetpack-slideshow_image wp-image-2911\" data-id=\"2911\" src=\"http:\/\/www.iessenara.es\/Revista\/wp-content\/uploads\/2022\/04\/21.Roma_.2018-1024x576.jpg\" srcset=\"https:\/\/www.iessenara.es\/Revista\/wp-content\/uploads\/2022\/04\/21.Roma_.2018-1024x576.jpg 1024w, https:\/\/www.iessenara.es\/Revista\/wp-content\/uploads\/2022\/04\/21.Roma_.2018-300x169.jpg 300w, https:\/\/www.iessenara.es\/Revista\/wp-content\/uploads\/2022\/04\/21.Roma_.2018-768x432.jpg 768w, https:\/\/www.iessenara.es\/Revista\/wp-content\/uploads\/2022\/04\/21.Roma_.2018-1536x864.jpg 1536w, https:\/\/www.iessenara.es\/Revista\/wp-content\/uploads\/2022\/04\/21.Roma_.2018-2048x1152.jpg 2048w\" sizes=\"(max-width: 1024px) 100vw, 1024px\" \/><\/figure><\/li><li class=\"wp-block-jetpack-slideshow_slide swiper-slide\"><figure><img decoding=\"async\" loading=\"lazy\" width=\"1024\" height=\"576\" alt=\"\" class=\"wp-block-jetpack-slideshow_image wp-image-2912\" data-id=\"2912\" src=\"http:\/\/www.iessenara.es\/Revista\/wp-content\/uploads\/2022\/04\/22.Salutis-2018-1024x576.jpg\" srcset=\"https:\/\/www.iessenara.es\/Revista\/wp-content\/uploads\/2022\/04\/22.Salutis-2018-1024x576.jpg 1024w, https:\/\/www.iessenara.es\/Revista\/wp-content\/uploads\/2022\/04\/22.Salutis-2018-300x169.jpg 300w, https:\/\/www.iessenara.es\/Revista\/wp-content\/uploads\/2022\/04\/22.Salutis-2018-768x432.jpg 768w, https:\/\/www.iessenara.es\/Revista\/wp-content\/uploads\/2022\/04\/22.Salutis-2018-1536x864.jpg 1536w, https:\/\/www.iessenara.es\/Revista\/wp-content\/uploads\/2022\/04\/22.Salutis-2018.jpg 1600w\" sizes=\"(max-width: 1024px) 100vw, 1024px\" \/><\/figure><\/li><li class=\"wp-block-jetpack-slideshow_slide swiper-slide\"><figure><img decoding=\"async\" loading=\"lazy\" width=\"1024\" height=\"576\" alt=\"\" class=\"wp-block-jetpack-slideshow_image wp-image-2913\" data-id=\"2913\" src=\"http:\/\/www.iessenara.es\/Revista\/wp-content\/uploads\/2022\/04\/23.Legado-2018-1024x576.jpg\" srcset=\"https:\/\/www.iessenara.es\/Revista\/wp-content\/uploads\/2022\/04\/23.Legado-2018-1024x576.jpg 1024w, https:\/\/www.iessenara.es\/Revista\/wp-content\/uploads\/2022\/04\/23.Legado-2018-300x169.jpg 300w, https:\/\/www.iessenara.es\/Revista\/wp-content\/uploads\/2022\/04\/23.Legado-2018-768x432.jpg 768w, https:\/\/www.iessenara.es\/Revista\/wp-content\/uploads\/2022\/04\/23.Legado-2018-1536x864.jpg 1536w, https:\/\/www.iessenara.es\/Revista\/wp-content\/uploads\/2022\/04\/23.Legado-2018-2048x1152.jpg 2048w\" sizes=\"(max-width: 1024px) 100vw, 1024px\" \/><\/figure><\/li><li class=\"wp-block-jetpack-slideshow_slide swiper-slide\"><figure><img decoding=\"async\" loading=\"lazy\" width=\"1024\" height=\"576\" alt=\"\" class=\"wp-block-jetpack-slideshow_image wp-image-2914\" data-id=\"2914\" src=\"http:\/\/www.iessenara.es\/Revista\/wp-content\/uploads\/2022\/04\/24.Cosas-de-senara-2019-1024x576.jpg\" srcset=\"https:\/\/www.iessenara.es\/Revista\/wp-content\/uploads\/2022\/04\/24.Cosas-de-senara-2019-1024x576.jpg 1024w, https:\/\/www.iessenara.es\/Revista\/wp-content\/uploads\/2022\/04\/24.Cosas-de-senara-2019-300x169.jpg 300w, https:\/\/www.iessenara.es\/Revista\/wp-content\/uploads\/2022\/04\/24.Cosas-de-senara-2019-768x432.jpg 768w, https:\/\/www.iessenara.es\/Revista\/wp-content\/uploads\/2022\/04\/24.Cosas-de-senara-2019.jpg 1280w\" sizes=\"(max-width: 1024px) 100vw, 1024px\" \/><\/figure><\/li><li class=\"wp-block-jetpack-slideshow_slide swiper-slide\"><figure><img decoding=\"async\" loading=\"lazy\" width=\"918\" height=\"517\" alt=\"\" class=\"wp-block-jetpack-slideshow_image wp-image-2915\" data-id=\"2915\" src=\"http:\/\/www.iessenara.es\/Revista\/wp-content\/uploads\/2022\/04\/25.Salutis-2019.jpg\" srcset=\"https:\/\/www.iessenara.es\/Revista\/wp-content\/uploads\/2022\/04\/25.Salutis-2019.jpg 918w, https:\/\/www.iessenara.es\/Revista\/wp-content\/uploads\/2022\/04\/25.Salutis-2019-300x169.jpg 300w, https:\/\/www.iessenara.es\/Revista\/wp-content\/uploads\/2022\/04\/25.Salutis-2019-768x433.jpg 768w\" sizes=\"(max-width: 918px) 100vw, 918px\" \/><\/figure><\/li><li class=\"wp-block-jetpack-slideshow_slide swiper-slide\"><figure><img decoding=\"async\" loading=\"lazy\" width=\"1024\" height=\"576\" alt=\"\" class=\"wp-block-jetpack-slideshow_image wp-image-2916\" data-id=\"2916\" src=\"http:\/\/www.iessenara.es\/Revista\/wp-content\/uploads\/2022\/04\/26.Almenara-2019-1024x576.jpg\" srcset=\"https:\/\/www.iessenara.es\/Revista\/wp-content\/uploads\/2022\/04\/26.Almenara-2019-1024x576.jpg 1024w, https:\/\/www.iessenara.es\/Revista\/wp-content\/uploads\/2022\/04\/26.Almenara-2019-300x169.jpg 300w, https:\/\/www.iessenara.es\/Revista\/wp-content\/uploads\/2022\/04\/26.Almenara-2019-768x432.jpg 768w, https:\/\/www.iessenara.es\/Revista\/wp-content\/uploads\/2022\/04\/26.Almenara-2019-1536x864.jpg 1536w, https:\/\/www.iessenara.es\/Revista\/wp-content\/uploads\/2022\/04\/26.Almenara-2019.jpg 1882w\" sizes=\"(max-width: 1024px) 100vw, 1024px\" \/><\/figure><\/li><li class=\"wp-block-jetpack-slideshow_slide swiper-slide\"><figure><img decoding=\"async\" loading=\"lazy\" width=\"1024\" height=\"576\" alt=\"\" class=\"wp-block-jetpack-slideshow_image wp-image-2917\" data-id=\"2917\" src=\"http:\/\/www.iessenara.es\/Revista\/wp-content\/uploads\/2022\/04\/27.Legado-2019-1024x576.jpg\" srcset=\"https:\/\/www.iessenara.es\/Revista\/wp-content\/uploads\/2022\/04\/27.Legado-2019-1024x576.jpg 1024w, https:\/\/www.iessenara.es\/Revista\/wp-content\/uploads\/2022\/04\/27.Legado-2019-300x169.jpg 300w, https:\/\/www.iessenara.es\/Revista\/wp-content\/uploads\/2022\/04\/27.Legado-2019-768x432.jpg 768w, https:\/\/www.iessenara.es\/Revista\/wp-content\/uploads\/2022\/04\/27.Legado-2019-1536x864.jpg 1536w, https:\/\/www.iessenara.es\/Revista\/wp-content\/uploads\/2022\/04\/27.Legado-2019.jpg 2016w\" sizes=\"(max-width: 1024px) 100vw, 1024px\" \/><\/figure><\/li><li class=\"wp-block-jetpack-slideshow_slide swiper-slide\"><figure><img decoding=\"async\" loading=\"lazy\" width=\"1024\" height=\"576\" alt=\"\" class=\"wp-block-jetpack-slideshow_image wp-image-2919\" data-id=\"2919\" src=\"http:\/\/www.iessenara.es\/Revista\/wp-content\/uploads\/2022\/04\/28.Ciceronianum-2021-1024x576.jpg\" srcset=\"https:\/\/www.iessenara.es\/Revista\/wp-content\/uploads\/2022\/04\/28.Ciceronianum-2021-1024x576.jpg 1024w, https:\/\/www.iessenara.es\/Revista\/wp-content\/uploads\/2022\/04\/28.Ciceronianum-2021-300x169.jpg 300w, https:\/\/www.iessenara.es\/Revista\/wp-content\/uploads\/2022\/04\/28.Ciceronianum-2021-768x432.jpg 768w, https:\/\/www.iessenara.es\/Revista\/wp-content\/uploads\/2022\/04\/28.Ciceronianum-2021-1536x864.jpg 1536w, https:\/\/www.iessenara.es\/Revista\/wp-content\/uploads\/2022\/04\/28.Ciceronianum-2021.jpg 2016w\" sizes=\"(max-width: 1024px) 100vw, 1024px\" \/><\/figure><\/li><li class=\"wp-block-jetpack-slideshow_slide swiper-slide\"><figure><img decoding=\"async\" loading=\"lazy\" width=\"1024\" height=\"577\" alt=\"\" class=\"wp-block-jetpack-slideshow_image wp-image-2920\" data-id=\"2920\" src=\"http:\/\/www.iessenara.es\/Revista\/wp-content\/uploads\/2022\/04\/29.Cosas-del-senara-2021-1024x577.jpg\" srcset=\"https:\/\/www.iessenara.es\/Revista\/wp-content\/uploads\/2022\/04\/29.Cosas-del-senara-2021-1024x577.jpg 1024w, https:\/\/www.iessenara.es\/Revista\/wp-content\/uploads\/2022\/04\/29.Cosas-del-senara-2021-300x169.jpg 300w, https:\/\/www.iessenara.es\/Revista\/wp-content\/uploads\/2022\/04\/29.Cosas-del-senara-2021-768x432.jpg 768w, https:\/\/www.iessenara.es\/Revista\/wp-content\/uploads\/2022\/04\/29.Cosas-del-senara-2021-1536x865.jpg 1536w, https:\/\/www.iessenara.es\/Revista\/wp-content\/uploads\/2022\/04\/29.Cosas-del-senara-2021-2048x1153.jpg 2048w\" sizes=\"(max-width: 1024px) 100vw, 1024px\" \/><\/figure><\/li><li class=\"wp-block-jetpack-slideshow_slide swiper-slide\"><figure><img decoding=\"async\" loading=\"lazy\" width=\"1024\" height=\"576\" alt=\"\" class=\"wp-block-jetpack-slideshow_image wp-image-2921\" data-id=\"2921\" src=\"http:\/\/www.iessenara.es\/Revista\/wp-content\/uploads\/2022\/04\/30.Salutis-2021-1024x576.jpg\" srcset=\"https:\/\/www.iessenara.es\/Revista\/wp-content\/uploads\/2022\/04\/30.Salutis-2021-1024x576.jpg 1024w, https:\/\/www.iessenara.es\/Revista\/wp-content\/uploads\/2022\/04\/30.Salutis-2021-300x169.jpg 300w, https:\/\/www.iessenara.es\/Revista\/wp-content\/uploads\/2022\/04\/30.Salutis-2021-768x432.jpg 768w, https:\/\/www.iessenara.es\/Revista\/wp-content\/uploads\/2022\/04\/30.Salutis-2021-1536x864.jpg 1536w, https:\/\/www.iessenara.es\/Revista\/wp-content\/uploads\/2022\/04\/30.Salutis-2021.jpg 2004w\" sizes=\"(max-width: 1024px) 100vw, 1024px\" \/><\/figure><\/li><li class=\"wp-block-jetpack-slideshow_slide swiper-slide\"><figure><img decoding=\"async\" loading=\"lazy\" width=\"1024\" height=\"576\" alt=\"\" class=\"wp-block-jetpack-slideshow_image wp-image-2922\" data-id=\"2922\" src=\"http:\/\/www.iessenara.es\/Revista\/wp-content\/uploads\/2022\/04\/31.Idus-2022-1024x576.jpg\" srcset=\"https:\/\/www.iessenara.es\/Revista\/wp-content\/uploads\/2022\/04\/31.Idus-2022-1024x576.jpg 1024w, https:\/\/www.iessenara.es\/Revista\/wp-content\/uploads\/2022\/04\/31.Idus-2022-300x169.jpg 300w, https:\/\/www.iessenara.es\/Revista\/wp-content\/uploads\/2022\/04\/31.Idus-2022-768x432.jpg 768w, https:\/\/www.iessenara.es\/Revista\/wp-content\/uploads\/2022\/04\/31.Idus-2022-1536x864.jpg 1536w, https:\/\/www.iessenara.es\/Revista\/wp-content\/uploads\/2022\/04\/31.Idus-2022.jpg 2016w\" sizes=\"(max-width: 1024px) 100vw, 1024px\" \/><\/figure><\/li><li class=\"wp-block-jetpack-slideshow_slide swiper-slide\"><figure><img decoding=\"async\" loading=\"lazy\" width=\"1024\" height=\"576\" alt=\"\" class=\"wp-block-jetpack-slideshow_image wp-image-2923\" data-id=\"2923\" src=\"http:\/\/www.iessenara.es\/Revista\/wp-content\/uploads\/2022\/04\/32.Almenara-2022-1024x576.jpg\" srcset=\"https:\/\/www.iessenara.es\/Revista\/wp-content\/uploads\/2022\/04\/32.Almenara-2022-1024x576.jpg 1024w, https:\/\/www.iessenara.es\/Revista\/wp-content\/uploads\/2022\/04\/32.Almenara-2022-300x169.jpg 300w, https:\/\/www.iessenara.es\/Revista\/wp-content\/uploads\/2022\/04\/32.Almenara-2022-768x432.jpg 768w, https:\/\/www.iessenara.es\/Revista\/wp-content\/uploads\/2022\/04\/32.Almenara-2022-1536x863.jpg 1536w, https:\/\/www.iessenara.es\/Revista\/wp-content\/uploads\/2022\/04\/32.Almenara-2022.jpg 1665w\" sizes=\"(max-width: 1024px) 100vw, 1024px\" \/><\/figure><\/li><li class=\"wp-block-jetpack-slideshow_slide swiper-slide\"><figure><img decoding=\"async\" loading=\"lazy\" width=\"1024\" height=\"576\" alt=\"\" class=\"wp-block-jetpack-slideshow_image wp-image-2932\" data-id=\"2932\" src=\"http:\/\/www.iessenara.es\/Revista\/wp-content\/uploads\/2022\/04\/33.Logos_-1024x576.jpg\" srcset=\"https:\/\/www.iessenara.es\/Revista\/wp-content\/uploads\/2022\/04\/33.Logos_-1024x576.jpg 1024w, https:\/\/www.iessenara.es\/Revista\/wp-content\/uploads\/2022\/04\/33.Logos_-300x169.jpg 300w, https:\/\/www.iessenara.es\/Revista\/wp-content\/uploads\/2022\/04\/33.Logos_-768x432.jpg 768w, https:\/\/www.iessenara.es\/Revista\/wp-content\/uploads\/2022\/04\/33.Logos_.jpg 1280w\" sizes=\"(max-width: 1024px) 100vw, 1024px\" \/><\/figure><\/li><\/ul><a class=\"wp-block-jetpack-slideshow_button-prev swiper-button-prev swiper-button-white\" role=\"button\"><\/a><a class=\"wp-block-jetpack-slideshow_button-next swiper-button-next swiper-button-white\" role=\"button\"><\/a><a aria-label=\"Pause Slideshow\" class=\"wp-block-jetpack-slideshow_button-pause\" role=\"button\"><\/a><div class=\"wp-block-jetpack-slideshow_pagination swiper-pagination swiper-pagination-white\"><\/div><\/div><\/div>\n\n\n\n<h4>Premio de Traducci\u00f3n FONS SALVTIS (Memorial Bego\u00f1a P\u00e9rez C\u00e1ceres)<\/h4>\n\n\n\n<p>Durante el curso 2009\/2010 los miembros del departamento decidimos convocar un premio de traducci\u00f3n de un autor grecolatino -hasta el momento siempre ha sido latino-, a semejanza de otros premios convocados en el centro de poes\u00eda, relato o fotograf\u00eda, pues la traducci\u00f3n no deja de ser un arte que tambi\u00e9n ha de ser reconocido. El primer texto propuesto fue el c\u00e9lebre epigrama de MARCIAL, <em>Epigramas<\/em>, X, 47 \u201c<em>Vitam quae faciant beatiorem<\/em>\u201d y a \u00e9l siguieron autores como Virgilio, Catulo, S\u00e9neca u Horacio. Este a\u00f1o celebramos el XXV Aniversario del centro con la X edici\u00f3n del Premio FONS SALVTIS.<\/p>\n\n\n\n<p>De las diez ediciones del premio, dos han sido de \u00e1mbito provincial, dirigido a todos los estudiantes de lat\u00edn de Salamanca, y otras dos al \u00e1mbito de la USAL (\u00c1vila, Salamanca y Zamora). El resto se ha dirigido a los estudiantes del IES Senara. En la <strong>tabla 4<\/strong> figuran los autores traducidos, los ganadores y quienes obtuvieron un <em>accesit<\/em>. Tan solo en la VIII edici\u00f3n qued\u00f3 desierto el primer premio y en la IX obtuvieron el primer premio <em>ex aequo<\/em> dos alumnas, cuyos nombres deben figurar expresamente en estas l\u00edneas: \u00c1frica Gonz\u00e1lez Prieto y Luc\u00eda S\u00e1nchez de la Torre.<\/p>\n\n\n\n<figure class=\"wp-block-table\"><table><tbody><tr><td class=\"has-text-align-center\" data-align=\"center\"><strong>Curso<\/strong><\/td><td class=\"has-text-align-center\" data-align=\"center\"><strong>Convocatoria<\/strong><\/td><td class=\"has-text-align-center\" data-align=\"center\"><strong>\u00c1mbito<\/strong><\/td><td class=\"has-text-align-center\" data-align=\"center\"><strong>Autor<\/strong><\/td><td class=\"has-text-align-center\" data-align=\"center\"><strong>1<sup>er<\/sup>. premio<\/strong><\/td><td class=\"has-text-align-center\" data-align=\"center\"><strong><em>Accesit<\/em><\/strong><\/td><\/tr><tr><td class=\"has-text-align-center\" data-align=\"center\">2009\/2010<\/td><td class=\"has-text-align-center\" data-align=\"center\">I Premio<\/td><td class=\"has-text-align-center\" data-align=\"center\">IES Senara<\/td><td class=\"has-text-align-center\" data-align=\"center\">Marcial<\/td><td class=\"has-text-align-center\" data-align=\"center\">Ana S\u00e1nchez Hern\u00e1ndez<\/td><td class=\"has-text-align-center\" data-align=\"center\">Sara Chamorro Chamoso<\/td><\/tr><tr><td class=\"has-text-align-center\" data-align=\"center\">2010\/2011<\/td><td class=\"has-text-align-center\" data-align=\"center\">II Premio<\/td><td class=\"has-text-align-center\" data-align=\"center\">Provincial<\/td><td class=\"has-text-align-center\" data-align=\"center\">Virgilio<\/td><td class=\"has-text-align-center\" data-align=\"center\">Elena L\u00f3pez Rodr\u00edguez (IES Fco. Salinas de Salamanca)<\/td><td class=\"has-text-align-center\" data-align=\"center\">Sara Chamorro Chamoso <br>Yurema P\u00e9rez G\u00f3mez (IES Senara)<\/td><\/tr><tr><td class=\"has-text-align-center\" data-align=\"center\">2011\/2012<\/td><td class=\"has-text-align-center\" data-align=\"center\">III Premio<\/td><td class=\"has-text-align-center\" data-align=\"center\">Provincial<\/td><td class=\"has-text-align-center\" data-align=\"center\">Catulo<\/td><td class=\"has-text-align-center\" data-align=\"center\">Estrella Hern\u00e1ndez Velasco (IES Campo Charro de La Fuente de San Esteban)<\/td><td class=\"has-text-align-center\" data-align=\"center\">Silvia de Fr\u00edas Vicente (Colegio Antonio Machado de Salamanca)<br>Leticia Ant\u00f3n Garc\u00eda (IES Senara)<\/td><\/tr><tr><td class=\"has-text-align-center\" data-align=\"center\">2012\/2013<\/td><td class=\"has-text-align-center\" data-align=\"center\">&nbsp;<\/td><td class=\"has-text-align-center\" data-align=\"center\">&nbsp;<\/td><td class=\"has-text-align-center\" data-align=\"center\">&nbsp;<\/td><td class=\"has-text-align-center\" data-align=\"center\">&nbsp;<\/td><td class=\"has-text-align-center\" data-align=\"center\">&nbsp;<\/td><\/tr><tr><td class=\"has-text-align-center\" data-align=\"center\">2013\/2014<\/td><td class=\"has-text-align-center\" data-align=\"center\">&nbsp;<\/td><td class=\"has-text-align-center\" data-align=\"center\">&nbsp;<\/td><td class=\"has-text-align-center\" data-align=\"center\">&nbsp;<\/td><td class=\"has-text-align-center\" data-align=\"center\">&nbsp;<\/td><td class=\"has-text-align-center\" data-align=\"center\">&nbsp;<\/td><\/tr><tr><td class=\"has-text-align-center\" data-align=\"center\">2014\/2015<\/td><td class=\"has-text-align-center\" data-align=\"center\">IV Premio<\/td><td class=\"has-text-align-center\" data-align=\"center\">IES Senara<\/td><td class=\"has-text-align-center\" data-align=\"center\">Luis Vives<\/td><td class=\"has-text-align-center\" data-align=\"center\">Patricia Barrios Vaquero<\/td><td class=\"has-text-align-center\" data-align=\"center\">Paloma Marcos S\u00e1nchez<\/td><\/tr><tr><td class=\"has-text-align-center\" data-align=\"center\">2015\/2016<\/td><td class=\"has-text-align-center\" data-align=\"center\">V Premio<\/td><td class=\"has-text-align-center\" data-align=\"center\">USAL<\/td><td class=\"has-text-align-center\" data-align=\"center\">S\u00e9neca<\/td><td class=\"has-text-align-center\" data-align=\"center\">Amanda Sastre Gonz\u00e1lez (IES Isabel de Castilla de \u00c1vila)<\/td><td class=\"has-text-align-center\" data-align=\"center\">Patricia Barrios Vaquero (IES Senara)<br>Andrea P\u00e9rez Hern\u00e1ndez (IES Fco. Salinas de Salamanca)<\/td><\/tr><tr><td class=\"has-text-align-center\" data-align=\"center\">2016\/2017<\/td><td class=\"has-text-align-center\" data-align=\"center\">VI Premio<\/td><td class=\"has-text-align-center\" data-align=\"center\">USAL<\/td><td class=\"has-text-align-center\" data-align=\"center\">Catulo<\/td><td class=\"has-text-align-center\" data-align=\"center\">Luc\u00eda Samitier P\u00e9rez (IES Federico Garc\u00eda Bernalt de Salamanca)<\/td><td class=\"has-text-align-center\" data-align=\"center\">Paloma Marcos S\u00e1nchez (IES Senara)<\/td><\/tr><tr><td class=\"has-text-align-center\" data-align=\"center\">2017\/2018<\/td><td class=\"has-text-align-center\" data-align=\"center\">VII Premio<\/td><td class=\"has-text-align-center\" data-align=\"center\">IES Senara<\/td><td class=\"has-text-align-center\" data-align=\"center\">Marcial<\/td><td class=\"has-text-align-center\" data-align=\"center\">Jes\u00fas Mart\u00edn Chamorro<\/td><td class=\"has-text-align-center\" data-align=\"center\">Mario Cabrera<br>Barajas<br>Bego\u00f1a Galiano Alonso<\/td><\/tr><tr><td class=\"has-text-align-center\" data-align=\"center\">2018\/2019<\/td><td class=\"has-text-align-center\" data-align=\"center\">VIII Premio<\/td><td class=\"has-text-align-center\" data-align=\"center\">IES Senara<\/td><td class=\"has-text-align-center\" data-align=\"center\">Horacio<\/td><td class=\"has-text-align-center\" data-align=\"center\">Desierto<\/td><td class=\"has-text-align-center\" data-align=\"center\">Mar\u00eda del Castillo Garc\u00eda<br>Clara Mar\u00eda Puerta Hidalgo<\/td><\/tr><tr><td class=\"has-text-align-center\" data-align=\"center\">2019\/2020<\/td><td class=\"has-text-align-center\" data-align=\"center\">&nbsp;<\/td><td class=\"has-text-align-center\" data-align=\"center\">&nbsp;<\/td><td class=\"has-text-align-center\" data-align=\"center\">&nbsp;<\/td><td class=\"has-text-align-center\" data-align=\"center\">&nbsp;<\/td><td class=\"has-text-align-center\" data-align=\"center\">&nbsp;<\/td><\/tr><tr><td class=\"has-text-align-center\" data-align=\"center\">2020\/2021<\/td><td class=\"has-text-align-center\" data-align=\"center\">IX Premio<\/td><td class=\"has-text-align-center\" data-align=\"center\">IES Senara<\/td><td class=\"has-text-align-center\" data-align=\"center\">S\u00e9neca<\/td><td class=\"has-text-align-center\" data-align=\"center\">\u00c1frica Prieto Gonz\u00e1lez <br>Luc\u00eda S\u00e1nchez de la Torre<em> <\/em><br><em>Ex aequo<\/em><\/td><td class=\"has-text-align-center\" data-align=\"center\">&nbsp;<\/td><\/tr><tr><td class=\"has-text-align-center\" data-align=\"center\">2021\/2022<\/td><td class=\"has-text-align-center\" data-align=\"center\">X Premio<\/td><td class=\"has-text-align-center\" data-align=\"center\">IES Senara<\/td><td class=\"has-text-align-center\" data-align=\"center\">Quintiliano<\/td><td class=\"has-text-align-center\" data-align=\"center\">&nbsp;<\/td><td class=\"has-text-align-center\" data-align=\"center\">&nbsp;<\/td><\/tr><\/tbody><\/table><figcaption class=\"wp-element-caption\">Tabla 4: Premio de Traducci\u00f3n FONS SALVTIS (Memorial Bego\u00f1a P\u00e9rez C\u00e1ceres). Durante los cursos 2012\/2013 y 2013\/2014 no se convoc\u00f3 el premio por falta de alumnos matriculados y se suspendi\u00f3 por la declaraci\u00f3n del estado de alarma durante el curso 2019\/2020.<\/figcaption><\/figure>\n\n\n\n<p>El objeto de este art\u00edculo ha sido recoger por escrito la historia de los primeros 25 a\u00f1os del departamento de cultura cl\u00e1sica. La hemos resumido en cuatro tablas y un pu\u00f1ado de im\u00e1genes, pero la historia personal, esa que cada uno lleva en su recuerdo, es una mezcla de nombres -Miriam, Emilio, Ana, Adri\u00e1n, Patricia, Miguel, Paloma, Marcos, Mario, Adriana, Selena, Manuel, \u00c1frica, Luc\u00eda- que con los a\u00f1os se solapan y cree uno a veces que los ha tenido alguna vez en la misma aula. No se enfaden los alumnos actuales a quienes no menciono, mis <em>lat\u00edn lovers<\/em>: son algo m\u00e1s que un recuerdo.<\/p>\n\n\n\n<p>Han sido experiencias muy enriquecedoras, viajes llenos de sorpresas -un cumplea\u00f1os feliz cantado por todo el Coliseo romano, treinta alumnos en pijama regal\u00e1ndote bombones en tu habitaci\u00f3n -, amigos de viaje -Luis, Ricardo-, \u00c1frica y Luc\u00eda recogiendo el 2.\u00ba y 4.\u00ba premio en la fase USAL del <em>Certamen Ciceronianum<\/em> 2021, el aprecio de tus alumnos&#8230; Ni el m\u00e1s ilustre guionista podr\u00eda haberlo hecho mejor. Por eso celebramos con alegr\u00eda el XXV Aniversario del IES Senara y con \u00e9l los 25 a\u00f1os del departamento de cultura cl\u00e1sica.<\/p>\n","protected":false},"excerpt":{"rendered":"<p>JOS\u00c9 FERNANDO PABLOS NAVAZO, jefe del departamento Este a\u00f1o se cumple el XXV Aniversario de la creaci\u00f3n del IES Senara como centro p\u00fablico. Antes existi\u00f3 como Colegio Libre Asociado. Desde su inauguraci\u00f3n ocupa la&#46;&#46;&#46;<\/p>\n","protected":false},"author":3,"featured_media":2929,"comment_status":"open","ping_status":"open","sticky":false,"template":"","format":"standard","meta":{"jetpack_post_was_ever_published":false,"jetpack_publicize_message":"","jetpack_is_tweetstorm":false,"jetpack_publicize_feature_enabled":true,"jetpack_social_options":[]},"categories":[6,10],"tags":[305,60,169,35,304],"jetpack_publicize_connections":[],"jetpack_featured_media_url":"https:\/\/www.iessenara.es\/Revista\/wp-content\/uploads\/2022\/04\/XXV-clasicas-scaled.jpg","jetpack_sharing_enabled":true,"jetpack_shortlink":"https:\/\/wp.me\/p5mbkp-K2","_links":{"self":[{"href":"https:\/\/www.iessenara.es\/Revista\/index.php?rest_route=\/wp\/v2\/posts\/2854"}],"collection":[{"href":"https:\/\/www.iessenara.es\/Revista\/index.php?rest_route=\/wp\/v2\/posts"}],"about":[{"href":"https:\/\/www.iessenara.es\/Revista\/index.php?rest_route=\/wp\/v2\/types\/post"}],"author":[{"embeddable":true,"href":"https:\/\/www.iessenara.es\/Revista\/index.php?rest_route=\/wp\/v2\/users\/3"}],"replies":[{"embeddable":true,"href":"https:\/\/www.iessenara.es\/Revista\/index.php?rest_route=%2Fwp%2Fv2%2Fcomments&post=2854"}],"version-history":[{"count":28,"href":"https:\/\/www.iessenara.es\/Revista\/index.php?rest_route=\/wp\/v2\/posts\/2854\/revisions"}],"predecessor-version":[{"id":3936,"href":"https:\/\/www.iessenara.es\/Revista\/index.php?rest_route=\/wp\/v2\/posts\/2854\/revisions\/3936"}],"wp:featuredmedia":[{"embeddable":true,"href":"https:\/\/www.iessenara.es\/Revista\/index.php?rest_route=\/wp\/v2\/media\/2929"}],"wp:attachment":[{"href":"https:\/\/www.iessenara.es\/Revista\/index.php?rest_route=%2Fwp%2Fv2%2Fmedia&parent=2854"}],"wp:term":[{"taxonomy":"category","embeddable":true,"href":"https:\/\/www.iessenara.es\/Revista\/index.php?rest_route=%2Fwp%2Fv2%2Fcategories&post=2854"},{"taxonomy":"post_tag","embeddable":true,"href":"https:\/\/www.iessenara.es\/Revista\/index.php?rest_route=%2Fwp%2Fv2%2Ftags&post=2854"}],"curies":[{"name":"wp","href":"https:\/\/api.w.org\/{rel}","templated":true}]}}