{"id":296,"date":"2014-05-22T07:49:38","date_gmt":"2014-05-22T07:49:38","guid":{"rendered":"http:\/\/www.iessenara.es\/Revista\/?p=296"},"modified":"2015-01-09T18:28:52","modified_gmt":"2015-01-09T18:28:52","slug":"manuel-huerta-me-gusta-y-me-satisface-el-trabajo-de-administracion","status":"publish","type":"post","link":"https:\/\/www.iessenara.es\/Revista\/?p=296","title":{"rendered":"Manuel Huerta: \u00abMe gusta y me satisface el trabajo de administraci\u00f3n\u00bb"},"content":{"rendered":"<p><a href=\"http:\/\/www.iessenara.es\/Revista\/wp-content\/uploads\/2014\/05\/20140520_124546.jpg\"><img decoding=\"async\" loading=\"lazy\" class=\"alignright size-medium wp-image-300\" src=\"http:\/\/www.iessenara.es\/Revista\/wp-content\/uploads\/2014\/05\/20140520_124546-300x168.jpg\" alt=\"20140520_124546\" width=\"300\" height=\"168\" srcset=\"https:\/\/www.iessenara.es\/Revista\/wp-content\/uploads\/2014\/05\/20140520_124546-300x168.jpg 300w, https:\/\/www.iessenara.es\/Revista\/wp-content\/uploads\/2014\/05\/20140520_124546-1024x576.jpg 1024w\" sizes=\"(max-width: 300px) 100vw, 300px\" \/><\/a><\/p>\n<p><span style=\"color: #0000ff\"><strong>Manuel Huerta Gonz\u00e1lez<\/strong><\/span> <span style=\"color: #000000\">es, desde hace a\u00f1os, el responsable de administraci\u00f3n en nuestro instituto. En esta entrevista nos habla sobre su trabajo y sobre c\u00f3mo lleg\u00f3 hasta aqu\u00ed.<\/span><\/p>\n<p>&nbsp;<\/p>\n<p><span style=\"color: #800000\"><strong>Bego\u00f1a y Andrea: \u00bfDe verdad quer\u00edas trabajar aqu\u00ed, o ten\u00edas otra meta?<\/strong><\/span><\/p>\n<p><span style=\"color: #000000\"><strong>Manuel:<\/strong> No, al principio mi objetivo era otro.<\/span><\/p>\n<p>&nbsp;<\/p>\n<p><strong><span style=\"color: #800000\">B y A: \u00bfCu\u00e1l era?<\/span><\/strong><\/p>\n<p><span style=\"color: #000000\"><strong>M:<\/strong> Pensaba trabajar en la Caja de \u00c1vila, donde hice las pr\u00e1cticas y estuve durante dos a\u00f1os. Pero no me qued\u00e9 all\u00ed porque tuve la \u201cmala suerte\u201d de aprobar a la primera las oposiciones a administrativo de la Junta de Castilla y Le\u00f3n.<\/span><\/p>\n<p>&nbsp;<\/p>\n<p><strong><span style=\"color: #800000\">B y A: \u00bfCu\u00e1nto tiempo llevas en este trabajo?<\/span><\/strong><\/p>\n<p><span style=\"color: #000000\"><strong>M:<\/strong> Llevo ya veintid\u00f3s a\u00f1os en la administraci\u00f3n, y ocho en este instituto.<\/span><\/p>\n<p>&nbsp;<\/p>\n<p><span style=\"color: #800000\"><strong>B y A: \u00bfQu\u00e9 funciones realizas aqu\u00ed?<\/strong><\/span><\/p>\n<p><span style=\"color: #000000\"><strong>M:<\/strong> Trabajo exclusivamente como administrativo: tengo que hacer matr\u00edculas, solicitar las ayudas para libros, registrar los documentos, apoyar al secretario en su trabajo&#8230; Es decir, muchas labores del d\u00eda a d\u00eda.<\/span><\/p>\n<p>&nbsp;<\/p>\n<p><strong><span style=\"color: #800000\">B y A: \u00bfTe gusta tu trabajo?<\/span><\/strong><\/p>\n<p><span style=\"color: #000000\"><strong>M:<\/strong> S\u00ed, me gusta y me satisface mucho. Sobre todo porque tengo un trato y una relaci\u00f3n muy cercana con los alumnos y con el resto de la comunidad educativa.<\/span><\/p>\n<p>&nbsp;<\/p>\n<p><span style=\"color: #800000\"><strong>B y A: Muchas gracias por responder a nuestra entrevista.<\/strong><\/span><\/p>\n<p><span style=\"color: #000000\"><strong>M:<\/strong> Gracias a vosotras.<\/span><\/p>\n<p>&nbsp;<\/p>\n<p style=\"text-align: right\"><span style=\"color: #800000\"><strong>Bego\u00f1a Galiano Alonso<\/strong><\/span><\/p>\n<p style=\"text-align: right\"><span style=\"color: #800000\"><strong>Andrea Mart\u00edn Pav\u00f3n<\/strong><\/span><\/p>\n<p style=\"text-align: right\"><span style=\"color: #800000\"><strong>(2\u00ba de ESO A)<\/strong><\/span><\/p>\n<p style=\"text-align: right\">\n","protected":false},"excerpt":{"rendered":"<p>Manuel Huerta Gonz\u00e1lez es, desde hace a\u00f1os, el responsable de administraci\u00f3n en nuestro instituto. En esta entrevista nos habla sobre su trabajo y sobre c\u00f3mo lleg\u00f3 hasta aqu\u00ed. &nbsp; Bego\u00f1a y Andrea: \u00bfDe verdad&#46;&#46;&#46;<\/p>\n","protected":false},"author":3,"featured_media":300,"comment_status":"open","ping_status":"open","sticky":false,"template":"","format":"standard","meta":{"jetpack_post_was_ever_published":false,"jetpack_publicize_message":"","jetpack_is_tweetstorm":false,"jetpack_publicize_feature_enabled":true,"jetpack_social_options":[]},"categories":[9],"tags":[16],"jetpack_publicize_connections":[],"jetpack_featured_media_url":"https:\/\/www.iessenara.es\/Revista\/wp-content\/uploads\/2014\/05\/20140520_124546.jpg","jetpack_sharing_enabled":true,"jetpack_shortlink":"https:\/\/wp.me\/p5mbkp-4M","_links":{"self":[{"href":"https:\/\/www.iessenara.es\/Revista\/index.php?rest_route=\/wp\/v2\/posts\/296"}],"collection":[{"href":"https:\/\/www.iessenara.es\/Revista\/index.php?rest_route=\/wp\/v2\/posts"}],"about":[{"href":"https:\/\/www.iessenara.es\/Revista\/index.php?rest_route=\/wp\/v2\/types\/post"}],"author":[{"embeddable":true,"href":"https:\/\/www.iessenara.es\/Revista\/index.php?rest_route=\/wp\/v2\/users\/3"}],"replies":[{"embeddable":true,"href":"https:\/\/www.iessenara.es\/Revista\/index.php?rest_route=%2Fwp%2Fv2%2Fcomments&post=296"}],"version-history":[{"count":7,"href":"https:\/\/www.iessenara.es\/Revista\/index.php?rest_route=\/wp\/v2\/posts\/296\/revisions"}],"predecessor-version":[{"id":397,"href":"https:\/\/www.iessenara.es\/Revista\/index.php?rest_route=\/wp\/v2\/posts\/296\/revisions\/397"}],"wp:featuredmedia":[{"embeddable":true,"href":"https:\/\/www.iessenara.es\/Revista\/index.php?rest_route=\/wp\/v2\/media\/300"}],"wp:attachment":[{"href":"https:\/\/www.iessenara.es\/Revista\/index.php?rest_route=%2Fwp%2Fv2%2Fmedia&parent=296"}],"wp:term":[{"taxonomy":"category","embeddable":true,"href":"https:\/\/www.iessenara.es\/Revista\/index.php?rest_route=%2Fwp%2Fv2%2Fcategories&post=296"},{"taxonomy":"post_tag","embeddable":true,"href":"https:\/\/www.iessenara.es\/Revista\/index.php?rest_route=%2Fwp%2Fv2%2Ftags&post=296"}],"curies":[{"name":"wp","href":"https:\/\/api.w.org\/{rel}","templated":true}]}}