{"id":2977,"date":"2022-05-06T22:24:31","date_gmt":"2022-05-06T21:24:31","guid":{"rendered":"http:\/\/www.iessenara.es\/Revista\/?p=2977"},"modified":"2022-05-06T22:24:32","modified_gmt":"2022-05-06T21:24:32","slug":"dreams-come-true","status":"publish","type":"post","link":"https:\/\/www.iessenara.es\/Revista\/?p=2977","title":{"rendered":"Dreams come true"},"content":{"rendered":"\n<p>MARTA GUTI\u00c9RREZ B\u00c9CARES, 1.\u00ba Bachillerato CIE<\/p>\n\n\n\n<p>En el v\u00eddeo (junto a la melod\u00eda que he compuesto), muestro c\u00f3mo creo que se siente una persona (de una forma algo abstracta), tras haber logrado sus sue\u00f1os. La melod\u00eda y la imagen tienen un t\u00edtulo: \u201cDreams Come True\u201d, traducido al espa\u00f1ol como \u201cLos sue\u00f1os se hacen realidad\u201d.<\/p>\n\n\n\n<p>Hay varias partes de la melod\u00eda que son lentas y m\u00e1s tranquilas, como si fueran sue\u00f1os tranquilos y relajantes que solemos tener las personas, mientras que luego tiene una parte un tanto \u201cm\u00e1s acelerada\/agresiva\u201d, en la cual siento como que ese sue\u00f1o tranquilo se empieza a tornar un poco en pesadilla (la cual asocio con que la persona no est\u00e1 motivada o desanimada), aunque a su vez tiene toques suaves, lo cual asocio a que todav\u00eda no se ha dado por vencida esa persona para lograr sus objetivos. Por \u00faltimo, vuelve a ser calmada la melod\u00eda ya que ese sue\u00f1o se ha hecho realidad.<\/p>\n\n\n\n<p>Con esto quiero expresar y mandar un mensaje a todas esas personas que se dan por vencidas y tienen que renunciar a sus sue\u00f1os, pero si se lucha contra esa \u201cpesadilla\u201d, todos podemos hacer nuestros sue\u00f1os realidad.<\/p>\n\n\n\n<figure class=\"wp-block-embed is-type-video is-provider-youtube wp-block-embed-youtube wp-embed-aspect-4-3 wp-has-aspect-ratio\"><div class=\"wp-block-embed__wrapper\">\n<div class=\"video-container\"><span class=\"embed-youtube\" style=\"text-align:center; display: block;\"><iframe loading=\"lazy\" class=\"youtube-player\" width=\"640\" height=\"360\" src=\"https:\/\/www.youtube.com\/embed\/vwehXwD0TsI?version=3&#038;rel=1&#038;showsearch=0&#038;showinfo=1&#038;iv_load_policy=1&#038;fs=1&#038;hl=es-ES&#038;autohide=2&#038;wmode=transparent\" allowfullscreen=\"true\" style=\"border:0;\" sandbox=\"allow-scripts allow-same-origin allow-popups allow-presentation\"><\/iframe><\/span><\/div>\n<\/div><\/figure>\n\n\n\n<p>CR\u00c9DITOS<\/p>\n\n\n\n<p><strong>Dibujo, m\u00fasica y v\u00eddeo<\/strong>: Marta Guti\u00e9rrez B\u00e9cares<\/p>\n\n\n\n<p><strong>Twitter &amp; Instagram<\/strong>: @yk_280705<\/p>\n","protected":false},"excerpt":{"rendered":"<p>MARTA GUTI\u00c9RREZ B\u00c9CARES, 1.\u00ba Bachillerato CIE En el v\u00eddeo (junto a la melod\u00eda que he compuesto), muestro c\u00f3mo creo que se siente una persona (de una forma algo abstracta), tras haber logrado sus sue\u00f1os.&#46;&#46;&#46;<\/p>\n","protected":false},"author":3,"featured_media":2979,"comment_status":"open","ping_status":"open","sticky":false,"template":"","format":"standard","meta":{"jetpack_post_was_ever_published":false,"jetpack_publicize_message":"","jetpack_is_tweetstorm":true,"jetpack_publicize_feature_enabled":true,"jetpack_social_options":[]},"categories":[11],"tags":[135,307],"jetpack_publicize_connections":[],"jetpack_featured_media_url":"https:\/\/www.iessenara.es\/Revista\/wp-content\/uploads\/2022\/05\/dreams-come-true-horizontal.jpg","jetpack_sharing_enabled":true,"jetpack_shortlink":"https:\/\/wp.me\/p5mbkp-M1","_links":{"self":[{"href":"https:\/\/www.iessenara.es\/Revista\/index.php?rest_route=\/wp\/v2\/posts\/2977"}],"collection":[{"href":"https:\/\/www.iessenara.es\/Revista\/index.php?rest_route=\/wp\/v2\/posts"}],"about":[{"href":"https:\/\/www.iessenara.es\/Revista\/index.php?rest_route=\/wp\/v2\/types\/post"}],"author":[{"embeddable":true,"href":"https:\/\/www.iessenara.es\/Revista\/index.php?rest_route=\/wp\/v2\/users\/3"}],"replies":[{"embeddable":true,"href":"https:\/\/www.iessenara.es\/Revista\/index.php?rest_route=%2Fwp%2Fv2%2Fcomments&post=2977"}],"version-history":[{"count":3,"href":"https:\/\/www.iessenara.es\/Revista\/index.php?rest_route=\/wp\/v2\/posts\/2977\/revisions"}],"predecessor-version":[{"id":2981,"href":"https:\/\/www.iessenara.es\/Revista\/index.php?rest_route=\/wp\/v2\/posts\/2977\/revisions\/2981"}],"wp:featuredmedia":[{"embeddable":true,"href":"https:\/\/www.iessenara.es\/Revista\/index.php?rest_route=\/wp\/v2\/media\/2979"}],"wp:attachment":[{"href":"https:\/\/www.iessenara.es\/Revista\/index.php?rest_route=%2Fwp%2Fv2%2Fmedia&parent=2977"}],"wp:term":[{"taxonomy":"category","embeddable":true,"href":"https:\/\/www.iessenara.es\/Revista\/index.php?rest_route=%2Fwp%2Fv2%2Fcategories&post=2977"},{"taxonomy":"post_tag","embeddable":true,"href":"https:\/\/www.iessenara.es\/Revista\/index.php?rest_route=%2Fwp%2Fv2%2Ftags&post=2977"}],"curies":[{"name":"wp","href":"https:\/\/api.w.org\/{rel}","templated":true}]}}