{"id":3144,"date":"2022-05-16T10:19:56","date_gmt":"2022-05-16T09:19:56","guid":{"rendered":"http:\/\/www.iessenara.es\/Revista\/?p=3144"},"modified":"2022-05-16T10:19:56","modified_gmt":"2022-05-16T09:19:56","slug":"ii-encuentro-de-ajedrez-intercentros","status":"publish","type":"post","link":"https:\/\/www.iessenara.es\/Revista\/?p=3144","title":{"rendered":"II Encuentro de Ajedrez Intercentros"},"content":{"rendered":"\n<p>FRANCISCO TORRES RODERO, profesor de ingl\u00e9s<\/p>\n\n\n\n<p class=\"has-drop-cap\">El pasado viernes, 13 de mayo, seis de nuestros alumnos apasionados del ajedrez representaron a nuestro instituto en el <strong><a href=\"https:\/\/salamancartvaldia.es\/noticia\/2022-05-14-escolares-de-varios-centros-de-salamanca-participan-en-el-ii-encuentro-de-ajedrez-intercentros-296282\">II Encuentro de Ajedrez Intercentros<\/a><\/strong> de la provincia de Salamanca. Juan Fincias, Gonzalo Bonal, Hugo Gonz\u00e1lez y Dar\u00edo Ramos de 1.\u00ba ESO, Daniel del Pozo de 3.\u00ba ESO y Antonio Benito de 4.\u00ba ESO fueron los componentes del equipo del Senara que durante toda la ma\u00f1ana midieron sus habilidades ajedrec\u00edsticas con once equipos de otros cinco centros de Secundaria (Luc\u00eda de Medrano, Fernando de Rojas y Mart\u00ednez Uribarri de Salamanca; Leonardo da Vinci, de Alba de Tormes y Calisto y Melibea, de Santa Marta.<\/p>\n\n\n\n<figure class=\"wp-block-image size-large\"><a href=\"http:\/\/www.iessenara.es\/Revista\/wp-content\/uploads\/2022\/05\/II-encuentro-ajedrez.jpg\"><img decoding=\"async\" loading=\"lazy\" width=\"1024\" height=\"576\" src=\"http:\/\/www.iessenara.es\/Revista\/wp-content\/uploads\/2022\/05\/II-encuentro-ajedrez-1024x576.jpg\" alt=\"\" class=\"wp-image-3145\" srcset=\"https:\/\/www.iessenara.es\/Revista\/wp-content\/uploads\/2022\/05\/II-encuentro-ajedrez-1024x576.jpg 1024w, https:\/\/www.iessenara.es\/Revista\/wp-content\/uploads\/2022\/05\/II-encuentro-ajedrez-300x169.jpg 300w, https:\/\/www.iessenara.es\/Revista\/wp-content\/uploads\/2022\/05\/II-encuentro-ajedrez-768x432.jpg 768w, https:\/\/www.iessenara.es\/Revista\/wp-content\/uploads\/2022\/05\/II-encuentro-ajedrez-1536x864.jpg 1536w, https:\/\/www.iessenara.es\/Revista\/wp-content\/uploads\/2022\/05\/II-encuentro-ajedrez.jpg 2048w\" sizes=\"(max-width: 1024px) 100vw, 1024px\" \/><\/a><figcaption>Alumnos y profesores en el claustro del IES Fernando de Rojas, sede del II Encuentro de Ajedrez Intercentros. FOTO: salamancartvaldia.es<\/figcaption><\/figure>\n\n\n\n<p>La competici\u00f3n tuvo como sede el fant\u00e1stico claustro del IES Fernando de Rojas. Al aire libre, y ante la mirada atenta de alumnos del instituto que segu\u00edan la competici\u00f3n desde las ventanas de las aulas en los descansos de clase y durante el recreo, nuestros chicos hicieron un gran papel. Lucharon intensamente durante los cinco enfrentamientos de los que constaba el torneo, terminando empatados en el cuarto puesto en la clasificaci\u00f3n final. Demostraron un gran nivel de juego y pusieron en aprietos a equipos en los que militaban jugadores de gran nivel en el ajedrez provincial.<\/p>\n\n\n\n<div class=\"wp-block-image\"><figure class=\"aligncenter size-full is-resized\"><a href=\"http:\/\/www.iessenara.es\/Revista\/wp-content\/uploads\/2022\/05\/alumnos.senara-ajedrez.jpg\"><img decoding=\"async\" loading=\"lazy\" src=\"http:\/\/www.iessenara.es\/Revista\/wp-content\/uploads\/2022\/05\/alumnos.senara-ajedrez.jpg\" alt=\"\" class=\"wp-image-3146\" width=\"610\" height=\"440\" srcset=\"https:\/\/www.iessenara.es\/Revista\/wp-content\/uploads\/2022\/05\/alumnos.senara-ajedrez.jpg 800w, https:\/\/www.iessenara.es\/Revista\/wp-content\/uploads\/2022\/05\/alumnos.senara-ajedrez-300x216.jpg 300w, https:\/\/www.iessenara.es\/Revista\/wp-content\/uploads\/2022\/05\/alumnos.senara-ajedrez-768x554.jpg 768w\" sizes=\"(max-width: 610px) 100vw, 610px\" \/><\/a><figcaption>Alumnos del IES Senara, durante el II Encuentro de Ajedrez Intercentros. FOTO: F. Torres.<\/figcaption><\/figure><\/div>\n\n\n\n<p>A media ma\u00f1ana el instituto organizador invit\u00f3 a todos los participantes a un almuerzo, lo que sirvi\u00f3 para que el alumnado de todos los centros socializara y repusiera fuerzas para el tramo final de la competici\u00f3n.<\/p>\n\n\n\n<p>El torneo se desarroll\u00f3 en un ambiente estupendo, todos los participantes jugaron con deportividad y pudimos disfrutar de una jornada muy especial, acompa\u00f1ados por el buen tiempo y el magn\u00edfico espacio donde se desarroll\u00f3 la competici\u00f3n.<\/p>\n\n\n\n<p>Esperemos que la afici\u00f3n al ajedrez en nuestro centro no decaiga y tengamos la oportunidad de participar en la siguiente edici\u00f3n del torneo, representados no por uno, sino por varios equipos.<\/p>\n\n\n\n<p>Para terminar, me gustar\u00eda a\u00f1adir que la pr\u00e1ctica del ajedrez, fomentada desde hace tiempo por nuestro compa\u00f1ero Santiago Pascual, ha sido un b\u00e1lsamo para parte de nuestro alumnado en los duros meses en los que no se pod\u00eda practicar deportes en los recreos o cuando el fr\u00edo invitaba m\u00e1s a visitar a Mariola que a corretear por el patio. Para estos alumnos la biblioteca, con sus tableros y piezas, ha sido refugio, descanso, desaf\u00edo, sorpresa, esfuerzo, lucha, amistad y belleza. Porque eso, y mucho m\u00e1s, es el ajedrez.<\/p>\n","protected":false},"excerpt":{"rendered":"<p>FRANCISCO TORRES RODERO, profesor de ingl\u00e9s El pasado viernes, 13 de mayo, seis de nuestros alumnos apasionados del ajedrez representaron a nuestro instituto en el II Encuentro de Ajedrez Intercentros de la provincia de&#46;&#46;&#46;<\/p>\n","protected":false},"author":3,"featured_media":3145,"comment_status":"open","ping_status":"open","sticky":false,"template":"","format":"standard","meta":{"jetpack_post_was_ever_published":false,"jetpack_publicize_message":"","jetpack_is_tweetstorm":false,"jetpack_publicize_feature_enabled":true,"jetpack_social_options":[]},"categories":[6,8],"tags":[291,308,85],"jetpack_publicize_connections":[],"jetpack_featured_media_url":"https:\/\/www.iessenara.es\/Revista\/wp-content\/uploads\/2022\/05\/II-encuentro-ajedrez.jpg","jetpack_sharing_enabled":true,"jetpack_shortlink":"https:\/\/wp.me\/p5mbkp-OI","_links":{"self":[{"href":"https:\/\/www.iessenara.es\/Revista\/index.php?rest_route=\/wp\/v2\/posts\/3144"}],"collection":[{"href":"https:\/\/www.iessenara.es\/Revista\/index.php?rest_route=\/wp\/v2\/posts"}],"about":[{"href":"https:\/\/www.iessenara.es\/Revista\/index.php?rest_route=\/wp\/v2\/types\/post"}],"author":[{"embeddable":true,"href":"https:\/\/www.iessenara.es\/Revista\/index.php?rest_route=\/wp\/v2\/users\/3"}],"replies":[{"embeddable":true,"href":"https:\/\/www.iessenara.es\/Revista\/index.php?rest_route=%2Fwp%2Fv2%2Fcomments&post=3144"}],"version-history":[{"count":4,"href":"https:\/\/www.iessenara.es\/Revista\/index.php?rest_route=\/wp\/v2\/posts\/3144\/revisions"}],"predecessor-version":[{"id":3150,"href":"https:\/\/www.iessenara.es\/Revista\/index.php?rest_route=\/wp\/v2\/posts\/3144\/revisions\/3150"}],"wp:featuredmedia":[{"embeddable":true,"href":"https:\/\/www.iessenara.es\/Revista\/index.php?rest_route=\/wp\/v2\/media\/3145"}],"wp:attachment":[{"href":"https:\/\/www.iessenara.es\/Revista\/index.php?rest_route=%2Fwp%2Fv2%2Fmedia&parent=3144"}],"wp:term":[{"taxonomy":"category","embeddable":true,"href":"https:\/\/www.iessenara.es\/Revista\/index.php?rest_route=%2Fwp%2Fv2%2Fcategories&post=3144"},{"taxonomy":"post_tag","embeddable":true,"href":"https:\/\/www.iessenara.es\/Revista\/index.php?rest_route=%2Fwp%2Fv2%2Ftags&post=3144"}],"curies":[{"name":"wp","href":"https:\/\/api.w.org\/{rel}","templated":true}]}}