{"id":3166,"date":"2022-05-21T17:22:33","date_gmt":"2022-05-21T16:22:33","guid":{"rendered":"http:\/\/www.iessenara.es\/Revista\/?p=3166"},"modified":"2022-05-21T17:23:20","modified_gmt":"2022-05-21T16:23:20","slug":"xxv-aniversario-vicente-del-bosque-visita-el-ies-senara","status":"publish","type":"post","link":"https:\/\/www.iessenara.es\/Revista\/?p=3166","title":{"rendered":"XXV Aniversario: Vicente del Bosque visita el IES Senara"},"content":{"rendered":"\n<p>MAR\u00cdA BAUTISTA L\u00d3PEZ, antigua alumna del IES Senara<\/p>\n\n\n\n<p>Con motivo de la celebraci\u00f3n del XXV Aniversario de la creaci\u00f3n del instituto, el exfutbolista y entrenador Vicente del Bosque visit\u00f3 el instituto y comparti\u00f3 un buen rato con toda la comunidad educativa. Un momento antes, la antigua alumna y reci\u00e9n graduada en Periodismo, Mar\u00eda Bautista L\u00f3pez, le hizo esta entrevista en la biblioteca del centro.<\/p>\n\n\n\n<figure class=\"wp-block-embed is-type-video is-provider-youtube wp-block-embed-youtube wp-embed-aspect-16-9 wp-has-aspect-ratio\"><div class=\"wp-block-embed__wrapper\">\n<div class=\"video-container\"><span class=\"embed-youtube\" style=\"text-align:center; display: block;\"><iframe loading=\"lazy\" class=\"youtube-player\" width=\"640\" height=\"360\" src=\"https:\/\/www.youtube.com\/embed\/0yGCd3UPEb4?version=3&#038;rel=1&#038;showsearch=0&#038;showinfo=1&#038;iv_load_policy=1&#038;fs=1&#038;hl=es-ES&#038;autohide=2&#038;wmode=transparent\" allowfullscreen=\"true\" style=\"border:0;\" sandbox=\"allow-scripts allow-same-origin allow-popups allow-presentation\"><\/iframe><\/span><\/div>\n<\/div><\/figure>\n","protected":false},"excerpt":{"rendered":"<p>MAR\u00cdA BAUTISTA L\u00d3PEZ, antigua alumna del IES Senara Con motivo de la celebraci\u00f3n del XXV Aniversario de la creaci\u00f3n del instituto, el exfutbolista y entrenador Vicente del Bosque visit\u00f3 el instituto y comparti\u00f3 un&#46;&#46;&#46;<\/p>\n","protected":false},"author":3,"featured_media":3168,"comment_status":"open","ping_status":"open","sticky":false,"template":"","format":"standard","meta":{"jetpack_post_was_ever_published":false,"jetpack_publicize_message":"","jetpack_is_tweetstorm":false,"jetpack_publicize_feature_enabled":true,"jetpack_social_options":[]},"categories":[9,13],"tags":[16,280,85,309,304],"jetpack_publicize_connections":[],"jetpack_featured_media_url":"https:\/\/www.iessenara.es\/Revista\/wp-content\/uploads\/2022\/05\/Del-Bosque-01.jpg","jetpack_sharing_enabled":true,"jetpack_shortlink":"https:\/\/wp.me\/p5mbkp-P4","_links":{"self":[{"href":"https:\/\/www.iessenara.es\/Revista\/index.php?rest_route=\/wp\/v2\/posts\/3166"}],"collection":[{"href":"https:\/\/www.iessenara.es\/Revista\/index.php?rest_route=\/wp\/v2\/posts"}],"about":[{"href":"https:\/\/www.iessenara.es\/Revista\/index.php?rest_route=\/wp\/v2\/types\/post"}],"author":[{"embeddable":true,"href":"https:\/\/www.iessenara.es\/Revista\/index.php?rest_route=\/wp\/v2\/users\/3"}],"replies":[{"embeddable":true,"href":"https:\/\/www.iessenara.es\/Revista\/index.php?rest_route=%2Fwp%2Fv2%2Fcomments&post=3166"}],"version-history":[{"count":1,"href":"https:\/\/www.iessenara.es\/Revista\/index.php?rest_route=\/wp\/v2\/posts\/3166\/revisions"}],"predecessor-version":[{"id":3167,"href":"https:\/\/www.iessenara.es\/Revista\/index.php?rest_route=\/wp\/v2\/posts\/3166\/revisions\/3167"}],"wp:featuredmedia":[{"embeddable":true,"href":"https:\/\/www.iessenara.es\/Revista\/index.php?rest_route=\/wp\/v2\/media\/3168"}],"wp:attachment":[{"href":"https:\/\/www.iessenara.es\/Revista\/index.php?rest_route=%2Fwp%2Fv2%2Fmedia&parent=3166"}],"wp:term":[{"taxonomy":"category","embeddable":true,"href":"https:\/\/www.iessenara.es\/Revista\/index.php?rest_route=%2Fwp%2Fv2%2Fcategories&post=3166"},{"taxonomy":"post_tag","embeddable":true,"href":"https:\/\/www.iessenara.es\/Revista\/index.php?rest_route=%2Fwp%2Fv2%2Ftags&post=3166"}],"curies":[{"name":"wp","href":"https:\/\/api.w.org\/{rel}","templated":true}]}}