{"id":318,"date":"2014-06-23T17:38:45","date_gmt":"2014-06-23T17:38:45","guid":{"rendered":"http:\/\/www.iessenara.es\/Revista\/?p=318"},"modified":"2014-06-23T17:39:53","modified_gmt":"2014-06-23T17:39:53","slug":"felices-vacaciones","status":"publish","type":"post","link":"https:\/\/www.iessenara.es\/Revista\/?p=318","title":{"rendered":"Felices vacaciones"},"content":{"rendered":"<div id=\"attachment_319\" style=\"width: 310px\" class=\"wp-caption alignright\"><a href=\"http:\/\/www.iessenara.es\/Revista\/wp-content\/uploads\/2014\/06\/Concierto.jpg\"><img aria-describedby=\"caption-attachment-319\" decoding=\"async\" loading=\"lazy\" class=\"size-medium wp-image-319\" alt=\"Imagen del concierto de fin de curso, a cargo de los alumnos de Cuarto y bajo la direcci\u00f3n de J. A. Mart\u00edn\" src=\"http:\/\/www.iessenara.es\/Revista\/wp-content\/uploads\/2014\/06\/Concierto-300x168.jpg\" width=\"300\" height=\"168\" srcset=\"https:\/\/www.iessenara.es\/Revista\/wp-content\/uploads\/2014\/06\/Concierto-300x168.jpg 300w, https:\/\/www.iessenara.es\/Revista\/wp-content\/uploads\/2014\/06\/Concierto-1024x576.jpg 1024w\" sizes=\"(max-width: 300px) 100vw, 300px\" \/><\/a><p id=\"caption-attachment-319\" class=\"wp-caption-text\">Imagen del concierto de fin de curso, a cargo de los alumnos de Cuarto de ESO y bajo la direcci\u00f3n de J. A. Mart\u00edn D\u00edaz<\/p><\/div>\n<p><span style=\"color: #000000\">El curso escolar es un camino largo y a veces duro, pero al final siempre llegan las ansiadas vacaciones de verano, y con ellas una despedida provisional. En nuestro instituto se han llevado a cabo muy diversas actividades durante este a\u00f1o; entre ellas, tenemos que destacar la creaci\u00f3n de esta revista digital, <span style=\"color: #000080\"><em><strong>Cosas del Senara<\/strong><\/em><\/span>, en la que se han ido publicando contribuciones de gran valor, casi todas ellas realizadas \u00edntegramente por los alumnos del centro.<\/span><\/p>\n<p><span style=\"color: #000000\">Gracias a su esfuerzo, a lo largo de este curso hemos podido recuperar palabras de nuestra tierra que empezaban a caer en el olvido. Hemos disfrutado con la lectura de relatos sorprendentes, ambientados en mundos legendarios u on\u00edricos, y de poemas que van desde una visi\u00f3n sarc\u00e1stica de la vida del estudiante hasta la a\u00f1oranza de tiempos mejores. Se nos ha permitido asomarnos a la vida cotidiana de una actriz o a la de un responsable de administraci\u00f3n. Y, asimismo, nos hemos acercado a temas de investigaci\u00f3n como la vida y la obra de un insigne ingeniero de Villoria, o el motivo de la muerte en la historia de la literatura.<\/span><\/p>\n<p><span style=\"color: #000000\">Debemos dar las gracias a todas las personas que nos han cedido sus relatos, poemas, cr\u00edticas o trabajos de investigaci\u00f3n; a aquellas otras que se han dejado entrevistar por nuestros improvisados reporteros; y, lo que no es menos importante, a quienes han le\u00eddo los textos publicados a lo largo del a\u00f1o y han querido aportar comentarios e impresiones. Parece que se ha conseguido mucho, pero en realidad esto solo es el principio del camino: necesitamos mucho m\u00e1s. Sin duda, un proyecto como este solo puede sobrevivir con la colaboraci\u00f3n y el apoyo constante de todos los que formamos la comunidad educativa, y ese es nuestro deseo para el pr\u00f3ximo curso. Ojal\u00e1 que podamos disfrutar de nuestras <em>Cosas del Senara<\/em> durante muchos a\u00f1os, y que todos encontr\u00e9is en la revista un medio de expresi\u00f3n y de comunicaci\u00f3n a vuestro servicio. \u00a1Hasta pronto!<\/span><\/p>\n<p style=\"text-align: right\"><span style=\"color: #000080\"><strong>La Redacci\u00f3n<\/strong><\/span><\/p>\n","protected":false},"excerpt":{"rendered":"<p>El curso escolar es un camino largo y a veces duro, pero al final siempre llegan las ansiadas vacaciones de verano, y con ellas una despedida provisional. En nuestro instituto se han llevado a&#46;&#46;&#46;<\/p>\n","protected":false},"author":3,"featured_media":319,"comment_status":"open","ping_status":"open","sticky":false,"template":"","format":"standard","meta":{"jetpack_post_was_ever_published":false,"jetpack_publicize_message":"","jetpack_is_tweetstorm":false,"jetpack_publicize_feature_enabled":true,"jetpack_social_options":[]},"categories":[6],"tags":[],"jetpack_publicize_connections":[],"jetpack_featured_media_url":"https:\/\/www.iessenara.es\/Revista\/wp-content\/uploads\/2014\/06\/Concierto.jpg","jetpack_sharing_enabled":true,"jetpack_shortlink":"https:\/\/wp.me\/p5mbkp-58","_links":{"self":[{"href":"https:\/\/www.iessenara.es\/Revista\/index.php?rest_route=\/wp\/v2\/posts\/318"}],"collection":[{"href":"https:\/\/www.iessenara.es\/Revista\/index.php?rest_route=\/wp\/v2\/posts"}],"about":[{"href":"https:\/\/www.iessenara.es\/Revista\/index.php?rest_route=\/wp\/v2\/types\/post"}],"author":[{"embeddable":true,"href":"https:\/\/www.iessenara.es\/Revista\/index.php?rest_route=\/wp\/v2\/users\/3"}],"replies":[{"embeddable":true,"href":"https:\/\/www.iessenara.es\/Revista\/index.php?rest_route=%2Fwp%2Fv2%2Fcomments&post=318"}],"version-history":[{"count":3,"href":"https:\/\/www.iessenara.es\/Revista\/index.php?rest_route=\/wp\/v2\/posts\/318\/revisions"}],"predecessor-version":[{"id":322,"href":"https:\/\/www.iessenara.es\/Revista\/index.php?rest_route=\/wp\/v2\/posts\/318\/revisions\/322"}],"wp:featuredmedia":[{"embeddable":true,"href":"https:\/\/www.iessenara.es\/Revista\/index.php?rest_route=\/wp\/v2\/media\/319"}],"wp:attachment":[{"href":"https:\/\/www.iessenara.es\/Revista\/index.php?rest_route=%2Fwp%2Fv2%2Fmedia&parent=318"}],"wp:term":[{"taxonomy":"category","embeddable":true,"href":"https:\/\/www.iessenara.es\/Revista\/index.php?rest_route=%2Fwp%2Fv2%2Fcategories&post=318"},{"taxonomy":"post_tag","embeddable":true,"href":"https:\/\/www.iessenara.es\/Revista\/index.php?rest_route=%2Fwp%2Fv2%2Ftags&post=318"}],"curies":[{"name":"wp","href":"https:\/\/api.w.org\/{rel}","templated":true}]}}