{"id":3181,"date":"2022-06-07T17:04:49","date_gmt":"2022-06-07T16:04:49","guid":{"rendered":"http:\/\/www.iessenara.es\/Revista\/?p=3181"},"modified":"2022-06-07T17:04:49","modified_gmt":"2022-06-07T16:04:49","slug":"xxv-aniversario-quince-anos-de-actividades-del-dpto-de-lengua","status":"publish","type":"post","link":"https:\/\/www.iessenara.es\/Revista\/?p=3181","title":{"rendered":"XXV Aniversario. Quince a\u00f1os de actividades del Dpto. de Lengua"},"content":{"rendered":"\n<p>AINOHA CENTENO D\u00cdEZ, jefa del Dpto. de Lengua Castellana y Literatura<\/p>\n\n\n\n<p>Durante los \u00faltimos quince a\u00f1os, el Departamento de Lengua Castellana y Literatura ha desarrollado m\u00faltiples actividades, bien en solitario o en colaboraci\u00f3n con otros Departamentos, destinadas a fomentar el amor por nuestra asignatura, la curiosidad por el aprendizaje y la convivencia entre alumnos y profesores.<\/p>\n\n\n\n<p>En el curso acad\u00e9mico 2012\/2013, el Departamento inici\u00f3 un proyecto literario maravilloso, que se ha desarrollado ininterrumpidamente hasta que fue paralizado por la pandemia de la COVID en 2020. Se trata del recital po\u00e9tico \u201cM\u00e1s que palabras\u201d, en el que han participado alumnos, profesores y personal del centro, recitando poemas en torno a un tema determinado. Cabe destacar alguno de los m\u00e1s recientes, como el dedicado a Cervantes, a los h\u00e9roes y hero\u00ednas literarios o a la poes\u00eda del exilio.<\/p>\n\n\n\n<p>Junto al recital po\u00e9tico, se instaur\u00f3 tambi\u00e9n el exitoso Concurso de Ortograf\u00eda del Senara, en el que nuestros alumnos han demostrado sus dotes para el manejo de la palabra escrita y que se ha visto complementado con el concurso Abadengo, tambi\u00e9n de ortograf\u00eda, en el que la participaci\u00f3n se extiende a toda la provincia.<\/p>\n\n\n\n<figure class=\"wp-block-image size-full\"><a href=\"http:\/\/www.iessenara.es\/Revista\/wp-content\/uploads\/2022\/06\/montaje-XXV-lengua.jpg\"><img decoding=\"async\" loading=\"lazy\" width=\"1024\" height=\"576\" src=\"http:\/\/www.iessenara.es\/Revista\/wp-content\/uploads\/2022\/06\/montaje-XXV-lengua.jpg\" alt=\"\" class=\"wp-image-3182\" srcset=\"https:\/\/www.iessenara.es\/Revista\/wp-content\/uploads\/2022\/06\/montaje-XXV-lengua.jpg 1024w, https:\/\/www.iessenara.es\/Revista\/wp-content\/uploads\/2022\/06\/montaje-XXV-lengua-300x169.jpg 300w, https:\/\/www.iessenara.es\/Revista\/wp-content\/uploads\/2022\/06\/montaje-XXV-lengua-768x432.jpg 768w\" sizes=\"(max-width: 1024px) 100vw, 1024px\" \/><\/a><figcaption>FOTOMONTAJE: A. Centeno<\/figcaption><\/figure>\n\n\n\n<p>Otra actividad que se ha ido consolidando a lo largo de los a\u00f1os es la asistencia a una representaci\u00f3n teatral en la ciudad de Salamanca, lo que nos ha permitido acercarnos a t\u00edtulos tan emblem\u00e1ticos como <em>La discreta enamorada<\/em> de Lope de Vega, <em>La ilustre fregona<\/em> de Cervantes o <em>No hay burlas con el amor <\/em>de Calder\u00f3n de la Barca. Estas visitas se han aprovechado tambi\u00e9n para llevar a cabo actividades conjuntas con otros Departamentos como el de Geograf\u00eda e Historia, visitando monumentos de nuestra ciudad, o el Departamento de Biolog\u00eda con el que realizamos una visita a la exposici\u00f3n \u201cMujeres en la ciencia\u201d en la Casa de las Conchas.<\/p>\n\n\n\n<p>En otras ocasiones, la representaci\u00f3n teatral se ha trasladado a nuestro centro, al multiusos de Babilafuente o alguna localidad cercana como Villoria, donde asistimos a un repaso por la historia de la literatura universal. En estos espacios, nuestros alumnos han podido disfrutar de obras teatrales que inciden tambi\u00e9n en la formaci\u00f3n de valores c\u00edvicos y morales.<\/p>\n\n\n\n<p>Adem\u00e1s, en el IES Senara, hemos tenido la satisfacci\u00f3n de recibir durante varios cursos a autores como Ra\u00fal Vacas, quien ha compartido literatura y experiencias vitales con los alumnos, demostr\u00e1ndonos que la poes\u00eda no es solo para adultos serios.<\/p>\n\n\n\n<p>Pero no todas las actividades han sido estrictamente literarias. Hemos abordado, adem\u00e1s, proyectos para luchar contra la violencia de g\u00e9nero, como la fabricaci\u00f3n de lazos morados, para que tanto los alumnos como todas las personas que trabajamos en el centro lucieran prendido en su ropa para conmemorar el d\u00eda contra la violencia machista. As\u00ed mismo, participamos en la suelta de globos morados desde nuestro patio central y proyectamos en las aulas documentales y cortometrajes como \u201cEl orden de las cosas\u201d.<\/p>\n\n\n\n<p>Aprovechando el talento de los diferentes profesores que han pasado por el Departamento, se han llevado a cabo varios talleres de dise\u00f1o y creaci\u00f3n de marcap\u00e1ginas, destacando el realizado a partir de citas literarias, o el que se convoc\u00f3 con motivo del 25 Aniversario del Senara.<\/p>\n\n\n\n<figure class=\"wp-block-image size-large\"><a href=\"http:\/\/www.iessenara.es\/Revista\/wp-content\/uploads\/2022\/06\/XXV-Lengua-01.jpg\"><img decoding=\"async\" loading=\"lazy\" width=\"1024\" height=\"576\" src=\"http:\/\/www.iessenara.es\/Revista\/wp-content\/uploads\/2022\/06\/XXV-Lengua-01-1024x576.jpg\" alt=\"\" class=\"wp-image-3183\" srcset=\"https:\/\/www.iessenara.es\/Revista\/wp-content\/uploads\/2022\/06\/XXV-Lengua-01-1024x576.jpg 1024w, https:\/\/www.iessenara.es\/Revista\/wp-content\/uploads\/2022\/06\/XXV-Lengua-01-300x169.jpg 300w, https:\/\/www.iessenara.es\/Revista\/wp-content\/uploads\/2022\/06\/XXV-Lengua-01-768x432.jpg 768w, https:\/\/www.iessenara.es\/Revista\/wp-content\/uploads\/2022\/06\/XXV-Lengua-01-1536x865.jpg 1536w, https:\/\/www.iessenara.es\/Revista\/wp-content\/uploads\/2022\/06\/XXV-Lengua-01.jpg 1599w\" sizes=\"(max-width: 1024px) 100vw, 1024px\" \/><\/a><figcaption>FOTO: A. Centeno<\/figcaption><\/figure>\n\n\n\n<p>Por \u00faltimo, es obligado mencionar la participaci\u00f3n del Departamento, a trav\u00e9s de la coordinaci\u00f3n de la Biblioteca, en la labor de colocaci\u00f3n y catalogaci\u00f3n de todos los fondos de la nueva Biblioteca, situada en un espacio espectacular.<\/p>\n\n\n\n<p>Todo ello lo hemos realizado con esfuerzo, cari\u00f1o y dedicaci\u00f3n, tratando de transmitir con nuestras acciones entusiasmo, valores educativos y una profunda pasi\u00f3n por nuestra materia.<\/p>\n","protected":false},"excerpt":{"rendered":"<p>AINOHA CENTENO D\u00cdEZ, jefa del Dpto. de Lengua Castellana y Literatura Durante los \u00faltimos quince a\u00f1os, el Departamento de Lengua Castellana y Literatura ha desarrollado m\u00faltiples actividades, bien en solitario o en colaboraci\u00f3n con&#46;&#46;&#46;<\/p>\n","protected":false},"author":3,"featured_media":3183,"comment_status":"open","ping_status":"open","sticky":false,"template":"","format":"standard","meta":{"jetpack_post_was_ever_published":false,"jetpack_publicize_message":"","jetpack_is_tweetstorm":false,"jetpack_publicize_feature_enabled":true,"jetpack_social_options":[]},"categories":[7],"tags":[100,18,304],"jetpack_publicize_connections":[],"jetpack_featured_media_url":"https:\/\/www.iessenara.es\/Revista\/wp-content\/uploads\/2022\/06\/XXV-Lengua-01.jpg","jetpack_sharing_enabled":true,"jetpack_shortlink":"https:\/\/wp.me\/p5mbkp-Pj","_links":{"self":[{"href":"https:\/\/www.iessenara.es\/Revista\/index.php?rest_route=\/wp\/v2\/posts\/3181"}],"collection":[{"href":"https:\/\/www.iessenara.es\/Revista\/index.php?rest_route=\/wp\/v2\/posts"}],"about":[{"href":"https:\/\/www.iessenara.es\/Revista\/index.php?rest_route=\/wp\/v2\/types\/post"}],"author":[{"embeddable":true,"href":"https:\/\/www.iessenara.es\/Revista\/index.php?rest_route=\/wp\/v2\/users\/3"}],"replies":[{"embeddable":true,"href":"https:\/\/www.iessenara.es\/Revista\/index.php?rest_route=%2Fwp%2Fv2%2Fcomments&post=3181"}],"version-history":[{"count":2,"href":"https:\/\/www.iessenara.es\/Revista\/index.php?rest_route=\/wp\/v2\/posts\/3181\/revisions"}],"predecessor-version":[{"id":3185,"href":"https:\/\/www.iessenara.es\/Revista\/index.php?rest_route=\/wp\/v2\/posts\/3181\/revisions\/3185"}],"wp:featuredmedia":[{"embeddable":true,"href":"https:\/\/www.iessenara.es\/Revista\/index.php?rest_route=\/wp\/v2\/media\/3183"}],"wp:attachment":[{"href":"https:\/\/www.iessenara.es\/Revista\/index.php?rest_route=%2Fwp%2Fv2%2Fmedia&parent=3181"}],"wp:term":[{"taxonomy":"category","embeddable":true,"href":"https:\/\/www.iessenara.es\/Revista\/index.php?rest_route=%2Fwp%2Fv2%2Fcategories&post=3181"},{"taxonomy":"post_tag","embeddable":true,"href":"https:\/\/www.iessenara.es\/Revista\/index.php?rest_route=%2Fwp%2Fv2%2Ftags&post=3181"}],"curies":[{"name":"wp","href":"https:\/\/api.w.org\/{rel}","templated":true}]}}