{"id":3192,"date":"2022-06-08T19:09:17","date_gmt":"2022-06-08T18:09:17","guid":{"rendered":"http:\/\/www.iessenara.es\/Revista\/?p=3192"},"modified":"2022-06-08T19:09:17","modified_gmt":"2022-06-08T18:09:17","slug":"25-aniversario-del-ies-senara-departamento-de-geografia-e-historia","status":"publish","type":"post","link":"https:\/\/www.iessenara.es\/Revista\/?p=3192","title":{"rendered":"25 Aniversario del IES Senara. Departamento de Geograf\u00eda e Historia"},"content":{"rendered":"\n<p>CARLOS YUSTE YUSTE, profesor de Geograf\u00eda e Historia<\/p>\n\n\n\n<div class=\"wp-block-image\"><figure class=\"alignleft size-full\"><a href=\"http:\/\/www.iessenara.es\/Revista\/wp-content\/uploads\/2022\/06\/LOGO25.png\"><img decoding=\"async\" loading=\"lazy\" width=\"186\" height=\"188\" src=\"http:\/\/www.iessenara.es\/Revista\/wp-content\/uploads\/2022\/06\/LOGO25.png\" alt=\"\" class=\"wp-image-3193\" srcset=\"https:\/\/www.iessenara.es\/Revista\/wp-content\/uploads\/2022\/06\/LOGO25.png 186w, https:\/\/www.iessenara.es\/Revista\/wp-content\/uploads\/2022\/06\/LOGO25-80x80.png 80w\" sizes=\"(max-width: 186px) 100vw, 186px\" \/><\/a><\/figure><\/div>\n\n\n\n<p>Este a\u00f1o celebramos el 25 aniversario del IES Senara. Entre las muchas actividades que se hab\u00edan programado estaba la redacci\u00f3n de un art\u00edculo para la revista digital del centro. La idea era que cada departamento hiciese un balance del trabajo desarrollado durante estos a\u00f1os, dando continuidad a los textos redactados con motivo del d\u00e9cimo aniversario.<\/p>\n\n\n\n<p>Esta tarea nos ha permitido hacer un par\u00e9ntesis en el trabajo diario m\u00e1s inmediato, mirar atr\u00e1s y comprobar la gran labor realizada por los compa\u00f1eros que nos precedieron. Han sido muchos, y a todos les dedicamos estas l\u00edneas de sincero y afectuoso reconocimiento. S\u00ed queremos citar aqu\u00ed a las dos compa\u00f1eras que asumieron la jefatura de este departamento en los \u00faltimos quince a\u00f1os: Clara Isabel L\u00f3pez Benito, sobre todo ella, y Mar\u00eda Barbero Gil Vicente.<\/p>\n\n\n\n<p>Revisando las actas del departamento y otros materiales, hemos recuperado algunos de los trabajos realizados a\u00f1os atr\u00e1s. Destacamos dos que se publicaron en la revista del IES Senara en junio de 2008. El primero era un estudio sobre la poblaci\u00f3n en la comarca de las Villas, en la que se analizaba el problema del envejecimiento y el despoblamiento en el medio rural, un problema que no ha hecho m\u00e1s que agudizarse. El segundo era un trabajo de investigaci\u00f3n relacionado con la memoria hist\u00f3rica.<\/p>\n\n\n\n<p>Sin duda, este tipo de trabajos nos sirven de ejemplo y de inspiraci\u00f3n, pues son fundamentales en la formaci\u00f3n de los alumnos: les acerca de una forma m\u00e1s rigurosa y profunda al conocimiento de su entorno m\u00e1s cercano, dan sentido al aprendizaje te\u00f3rico, introducen una metodolog\u00eda investigadora y pueden ser motivadores. Precisamente este a\u00f1o hemos retomado la tarea de investigaci\u00f3n utilizando fuentes orales en algunos grupos y los resultados han sido muy positivos.<\/p>\n\n\n\n<p>El departamento de Geograf\u00eda e Historia en estos a\u00f1os ha participado activamente en los diferentes programas que se han desarrollado a nivel de Centro. Por ejemplo, en el Programa para el Fomento de la Lectura y en la dinamizaci\u00f3n de la biblioteca, realizando una catalogaci\u00f3n de los recursos disponibles y elaborando propuestas de lecturas. O en el Programa de Educaci\u00f3n Ambiental, con muchas actividades, sobre todo en el \u00e1mbito de la Geograf\u00eda, enfocadas al conocimiento y concienciaci\u00f3n en temas medioambientales.<\/p>\n\n\n\n<p>Igualmente, se ha colaborado en la realizaci\u00f3n de actividades complementarias para una Educaci\u00f3n en Valores, por ejemplo, participando en las campa\u00f1as del Banco de Alimentos y, sobre todo, en las diferentes actividades relacionadas con la igualdad de g\u00e9nero y la lucha contra el acoso escolar.<\/p>\n\n\n\n<p>Son muchas las actividades extraescolares en la que ha participado el departamento de Geograf\u00eda e Historia, ya sea organizando y teniendo el protagonismo en su realizaci\u00f3n, o colaborando con otros departamentos. En el aprendizaje de nuestras materias es esencial que los alumnos se acerquen al territorio, recorran el paisaje, y conozcan <em>in situ<\/em> el patrimonio hist\u00f3rico, art\u00edstico y cultural. Desgraciadamente, los dos \u00faltimos cursos hemos vivido una situaci\u00f3n de pandemia, y en el \u00e1mbito de la educaci\u00f3n las actividades extraescolares pr\u00e1cticamente han desaparecido. Ahora estamos intentando retomarlas, y se muestran m\u00e1s necesarias que nunca. Es dif\u00edcil citar aqu\u00ed todas las actividades realizadas en tantos a\u00f1os, pero vamos a destacar algunas de ellas.<\/p>\n\n\n\n<p>Durante varios cursos fue habitual la organizaci\u00f3n de una \u201cJornada de estudio en Salamanca\u201d, en la que se hac\u00eda un recorrido por la geograf\u00eda, la historia y el arte de la ciudad, que es Patrimonio de la Humanidad.<\/p>\n\n\n\n<div class=\"wp-block-image\"><figure class=\"aligncenter size-large is-resized\"><a href=\"http:\/\/www.iessenara.es\/Revista\/wp-content\/uploads\/2022\/06\/muralla.jpg\"><img decoding=\"async\" loading=\"lazy\" src=\"http:\/\/www.iessenara.es\/Revista\/wp-content\/uploads\/2022\/06\/muralla-1024x576.jpg\" alt=\"\" class=\"wp-image-3194\" width=\"601\" height=\"338\" srcset=\"https:\/\/www.iessenara.es\/Revista\/wp-content\/uploads\/2022\/06\/muralla-1024x576.jpg 1024w, https:\/\/www.iessenara.es\/Revista\/wp-content\/uploads\/2022\/06\/muralla-300x169.jpg 300w, https:\/\/www.iessenara.es\/Revista\/wp-content\/uploads\/2022\/06\/muralla-768x432.jpg 768w, https:\/\/www.iessenara.es\/Revista\/wp-content\/uploads\/2022\/06\/muralla.jpg 1042w\" sizes=\"(max-width: 601px) 100vw, 601px\" \/><\/a><\/figure><\/div>\n\n\n\n<p><\/p>\n\n\n\n<p>En colaboraci\u00f3n con otros departamentos (Lengua, Cultura Cl\u00e1sica, Biolog\u00eda y Geolog\u00eda\u2026), se realizaron visitas a la villa romana de Almenara-Puras, a la ciudad de M\u00e9rida; al espacio natural de las Arribes del Duero, al yacimiento arqueol\u00f3gico de Siega Verde, a la villa hist\u00f3rica de Ciudad Rodrigo, a la ciudad de Le\u00f3n y su Aula del Fuego, etc.<\/p>\n\n\n\n<p>Quiz\u00e1 una de las m\u00e1s actividades m\u00e1s relevantes en las que ha participado nuestro departamento en los \u00faltimos a\u00f1os haya sido la organizaci\u00f3n y realizaci\u00f3n de las <em>Rutas cient\u00edficas, art\u00edsticas y literarias<\/em> (Rutas CAL), un programa educativo gratuito que concedi\u00f3 el Ministerio de Educaci\u00f3n, entre otros, al IES Senara en el oto\u00f1o de 2019. Participaron 17 alumnos de 1.\u00ba de bachillerato, junto con los de un instituto de la Comunidad Valenciana. Durante una semana, partiendo de M\u00e9rida y siguiendo la Ruta de la Plata, se visit\u00f3 el sur de Extremadura, el norte de Huelva (la Sierra de Aracena y sus pueblos, como Jabugo, y las minas de R\u00edo Tinto), las ciudades de Sevilla (con visitas al Alc\u00e1zar y la Catedral, entre otras), C\u00e1diz y Jerez de la Frontera (visitas al circuito de velocidad y a una pe\u00f1a flamenca). Fue sin duda una experiencia de aprendizaje y convivencia inolvidable para los participantes.<\/p>\n\n\n\n<div class=\"wp-block-image\"><figure class=\"aligncenter size-full is-resized\"><a href=\"http:\/\/www.iessenara.es\/Revista\/wp-content\/uploads\/2022\/06\/merida.jpg\"><img decoding=\"async\" loading=\"lazy\" src=\"http:\/\/www.iessenara.es\/Revista\/wp-content\/uploads\/2022\/06\/merida.jpg\" alt=\"\" class=\"wp-image-3195\" width=\"574\" height=\"322\" srcset=\"https:\/\/www.iessenara.es\/Revista\/wp-content\/uploads\/2022\/06\/merida.jpg 1021w, https:\/\/www.iessenara.es\/Revista\/wp-content\/uploads\/2022\/06\/merida-300x169.jpg 300w, https:\/\/www.iessenara.es\/Revista\/wp-content\/uploads\/2022\/06\/merida-768x432.jpg 768w\" sizes=\"(max-width: 574px) 100vw, 574px\" \/><\/a><\/figure><\/div>\n\n\n\n<div class=\"wp-block-image\"><figure class=\"aligncenter size-large is-resized\"><a href=\"http:\/\/www.iessenara.es\/Revista\/wp-content\/uploads\/2022\/06\/jerez.jpg\"><img decoding=\"async\" loading=\"lazy\" src=\"http:\/\/www.iessenara.es\/Revista\/wp-content\/uploads\/2022\/06\/jerez-1024x576.jpg\" alt=\"\" class=\"wp-image-3196\" width=\"577\" height=\"324\" srcset=\"https:\/\/www.iessenara.es\/Revista\/wp-content\/uploads\/2022\/06\/jerez-1024x576.jpg 1024w, https:\/\/www.iessenara.es\/Revista\/wp-content\/uploads\/2022\/06\/jerez-300x169.jpg 300w, https:\/\/www.iessenara.es\/Revista\/wp-content\/uploads\/2022\/06\/jerez-768x432.jpg 768w, https:\/\/www.iessenara.es\/Revista\/wp-content\/uploads\/2022\/06\/jerez.jpg 1059w\" sizes=\"(max-width: 577px) 100vw, 577px\" \/><\/a><\/figure><\/div>\n\n\n\n<div class=\"wp-block-image\"><figure class=\"aligncenter size-large is-resized\"><a href=\"http:\/\/www.iessenara.es\/Revista\/wp-content\/uploads\/2022\/06\/sevilla.jpg\"><img decoding=\"async\" loading=\"lazy\" src=\"http:\/\/www.iessenara.es\/Revista\/wp-content\/uploads\/2022\/06\/sevilla-1024x575.jpg\" alt=\"\" class=\"wp-image-3197\" width=\"580\" height=\"325\" srcset=\"https:\/\/www.iessenara.es\/Revista\/wp-content\/uploads\/2022\/06\/sevilla-1024x575.jpg 1024w, https:\/\/www.iessenara.es\/Revista\/wp-content\/uploads\/2022\/06\/sevilla-300x168.jpg 300w, https:\/\/www.iessenara.es\/Revista\/wp-content\/uploads\/2022\/06\/sevilla-768x431.jpg 768w, https:\/\/www.iessenara.es\/Revista\/wp-content\/uploads\/2022\/06\/sevilla.jpg 1051w\" sizes=\"(max-width: 580px) 100vw, 580px\" \/><\/a><\/figure><\/div>\n\n\n\n<p>Para finalizar, pensamos que la mejor forma de cerrar este art\u00edculo es recoger las palabras que nuestro compa\u00f1ero, el profesor V\u00edctor Hern\u00e1ndez Daniel, escribi\u00f3 hace 15 a\u00f1os en esta misma revista: \u201c&#8230;que la <em>senara<\/em> del instituto recoja sus frutos en el futuro&#8230;\u201d.<\/p>\n","protected":false},"excerpt":{"rendered":"<p>CARLOS YUSTE YUSTE, profesor de Geograf\u00eda e Historia Este a\u00f1o celebramos el 25 aniversario del IES Senara. Entre las muchas actividades que se hab\u00edan programado estaba la redacci\u00f3n de un art\u00edculo para la revista&#46;&#46;&#46;<\/p>\n","protected":false},"author":3,"featured_media":3194,"comment_status":"open","ping_status":"open","sticky":false,"template":"","format":"standard","meta":{"jetpack_post_was_ever_published":false,"jetpack_publicize_message":"","jetpack_is_tweetstorm":false,"jetpack_publicize_feature_enabled":true,"jetpack_social_options":[]},"categories":[6,7],"tags":[38,19,85,304],"jetpack_publicize_connections":[],"jetpack_featured_media_url":"https:\/\/www.iessenara.es\/Revista\/wp-content\/uploads\/2022\/06\/muralla.jpg","jetpack_sharing_enabled":true,"jetpack_shortlink":"https:\/\/wp.me\/p5mbkp-Pu","_links":{"self":[{"href":"https:\/\/www.iessenara.es\/Revista\/index.php?rest_route=\/wp\/v2\/posts\/3192"}],"collection":[{"href":"https:\/\/www.iessenara.es\/Revista\/index.php?rest_route=\/wp\/v2\/posts"}],"about":[{"href":"https:\/\/www.iessenara.es\/Revista\/index.php?rest_route=\/wp\/v2\/types\/post"}],"author":[{"embeddable":true,"href":"https:\/\/www.iessenara.es\/Revista\/index.php?rest_route=\/wp\/v2\/users\/3"}],"replies":[{"embeddable":true,"href":"https:\/\/www.iessenara.es\/Revista\/index.php?rest_route=%2Fwp%2Fv2%2Fcomments&post=3192"}],"version-history":[{"count":3,"href":"https:\/\/www.iessenara.es\/Revista\/index.php?rest_route=\/wp\/v2\/posts\/3192\/revisions"}],"predecessor-version":[{"id":3200,"href":"https:\/\/www.iessenara.es\/Revista\/index.php?rest_route=\/wp\/v2\/posts\/3192\/revisions\/3200"}],"wp:featuredmedia":[{"embeddable":true,"href":"https:\/\/www.iessenara.es\/Revista\/index.php?rest_route=\/wp\/v2\/media\/3194"}],"wp:attachment":[{"href":"https:\/\/www.iessenara.es\/Revista\/index.php?rest_route=%2Fwp%2Fv2%2Fmedia&parent=3192"}],"wp:term":[{"taxonomy":"category","embeddable":true,"href":"https:\/\/www.iessenara.es\/Revista\/index.php?rest_route=%2Fwp%2Fv2%2Fcategories&post=3192"},{"taxonomy":"post_tag","embeddable":true,"href":"https:\/\/www.iessenara.es\/Revista\/index.php?rest_route=%2Fwp%2Fv2%2Ftags&post=3192"}],"curies":[{"name":"wp","href":"https:\/\/api.w.org\/{rel}","templated":true}]}}