{"id":3275,"date":"2022-06-21T17:24:47","date_gmt":"2022-06-21T16:24:47","guid":{"rendered":"http:\/\/www.iessenara.es\/Revista\/?p=3275"},"modified":"2022-12-08T18:02:36","modified_gmt":"2022-12-08T17:02:36","slug":"entrevista-a-carlos-yuste","status":"publish","type":"post","link":"https:\/\/www.iessenara.es\/Revista\/?p=3275","title":{"rendered":"Entrevista a Carlos Yuste"},"content":{"rendered":"\n<p>REDACCI\u00d3N de <em>Cosas del Senara<\/em><\/p>\n\n\n\n<figure class=\"wp-block-image size-large\"><a href=\"http:\/\/www.iessenara.es\/Revista\/wp-content\/uploads\/2022\/06\/carlos-01.jpg\"><img decoding=\"async\" loading=\"lazy\" width=\"1024\" height=\"576\" src=\"http:\/\/www.iessenara.es\/Revista\/wp-content\/uploads\/2022\/06\/carlos-01-1024x576.jpg\" alt=\"\" class=\"wp-image-3285\" srcset=\"https:\/\/www.iessenara.es\/Revista\/wp-content\/uploads\/2022\/06\/carlos-01-1024x576.jpg 1024w, https:\/\/www.iessenara.es\/Revista\/wp-content\/uploads\/2022\/06\/carlos-01-300x169.jpg 300w, https:\/\/www.iessenara.es\/Revista\/wp-content\/uploads\/2022\/06\/carlos-01-768x432.jpg 768w, https:\/\/www.iessenara.es\/Revista\/wp-content\/uploads\/2022\/06\/carlos-01-1536x864.jpg 1536w, https:\/\/www.iessenara.es\/Revista\/wp-content\/uploads\/2022\/06\/carlos-01.jpg 1618w\" sizes=\"(max-width: 1024px) 100vw, 1024px\" \/><\/a><figcaption>Carlos delante del mapa de una de sus \u00e9pocas preferidas de la Historia. FOTO: JF Pablos<\/figcaption><\/figure>\n\n\n\n<p><em>Carlos Yuste Yuste, profesor del Departamento de Geograf\u00eda e Historia, con destino definitivo desde el curso 2017\/2018 en el IES Senara, deja el centro por traslado a un instituto de \u00c1vila. La Revista <\/em>Cosas del Senara<em>, a punto de terminar el curso, le ha hecho una entrevista en la que desglosa su formaci\u00f3n de ge\u00f3grafo, sus diversas experiencias laborales, la huella de su maestra Sonsoles, la importancia de Clara Campoamor, su gusto por la Atenas cl\u00e1sica y la Revoluci\u00f3n Francesa, su mirada de la Historia actual y la incertidumbre de un futuro poco optimista, no sin antes recomendarnos varias lecturas, actividad en la que siempre ha cre\u00eddo.<\/em><\/p>\n\n\n\n<p><strong>En cuanto a tu formaci\u00f3n, \u00bfde d\u00f3nde surge tu pasi\u00f3n por la Historia?<\/strong><\/p>\n\n\n\n<p>En realidad, mi formaci\u00f3n es la de ge\u00f3grafo, pertenezco a la segunda promoci\u00f3n que curs\u00f3 en Salamanca un plan de estudios con la Historia, la Historia del Arte y la Geograf\u00eda separadas. Si pudiera elegir hoy d\u00eda, volver\u00eda a la antigua licenciatura de cinco a\u00f1os en la que se estudiaban las tres disciplinas conjuntamente; creo que era una formaci\u00f3n m\u00e1s amplia, global y completa. No creo que la especializaci\u00f3n sea siempre lo mejor.<\/p>\n\n\n\n<p><strong>\u00bfEn qu\u00e9 momento supiste que la ense\u00f1anza era tu vocaci\u00f3n?<\/strong><\/p>\n\n\n\n<p>Tarde, ya con treinta y muchos a\u00f1os. Estuve un tiempo vinculado a la Universidad, luego trabajando en un negocio familiar y, animado por mi hermana, decid\u00ed probar y presentarme a las oposiciones de Secundaria. No consegu\u00ed la plaza hasta la cuarta oposici\u00f3n en que me present\u00e9, pero en este tiempo pude trabajar como interino y vi que el trabajo me gustaba, por lo que ya me dediqu\u00e9 completamente a ello.<\/p>\n\n\n\n<p><strong>De no haber sido profesor, \u00bfen qu\u00e9 otra profesi\u00f3n te ver\u00edas realizado?<\/strong><\/p>\n\n\n\n<p>Pues no s\u00e9, pero me gusta la vida en el campo, en el pueblo, seguramente en algo relacionado con la ganader\u00eda y agricultura. Tambi\u00e9n la panader\u00eda, una profesi\u00f3n muy dura, pero muy bonita, a la que me dediqu\u00e9 unos a\u00f1os.<\/p>\n\n\n\n<p><strong>\u00bfHas tenido alg\u00fan profesor que te haya influido especialmente?<\/strong><\/p>\n\n\n\n<p>Recuerdo con mucha admiraci\u00f3n a Sonsoles, una maestra que tuve en s\u00e9ptimo y octavo curso de EGB. Una profesora de la vieja escuela, en un pueblo muy peque\u00f1o, donde compart\u00edamos aula varios cursos, no muchos ni\u00f1os, pero s\u00ed muy diversos. Con muy pocos medios fue capaz de darnos una buen\u00edsima formaci\u00f3n, trasmitirnos el inter\u00e9s por aprender, la curiosidad por descubrir cosas nuevas, el disfrute de la lectura, con ella hicimos los primeros viajes\u2026, creo que en muchos aspectos es el ejemplo de profe que me gustar\u00eda ser.<\/p>\n\n\n\n<p>He tenido muchos profesores, unos mejores y otros peores, l\u00f3gicamente, pero siempre tuve el m\u00e1ximo respeto por todos ellos, de todos aprend\u00ed y a todos estoy muy agradecido.<\/p>\n\n\n\n<hr class=\"wp-block-separator has-css-opacity is-style-default\" \/>\n\n\n\n<blockquote class=\"wp-block-quote has-text-align-center is-style-large\"><p>\u00abMe desanima el tipo de sociedad que estamos construyendo: individualismo, consumismo, rapidez.\u00bb<\/p><\/blockquote>\n\n\n\n<hr class=\"wp-block-separator has-css-opacity is-style-default\" \/>\n\n\n\n<p><strong>\u00bfQu\u00e9 per\u00edodo de la Historia te parece m\u00e1s interesante, o porque lo conozcas mejor, o porque te habr\u00eda gustado vivir entonces?<\/strong><\/p>\n\n\n\n<p>Pues no s\u00e9, es complicado, pero voy a decir dos: uno es la \u00e9poca cl\u00e1sica griega, la Atenas del siglo V a.C. Aunque va m\u00e1s all\u00e1 del mundo hel\u00e9nico, sobre este siglo sol\u00eda recomendar a los alumnos m\u00e1s mayores y m\u00e1s lectores, una estupenda novela hist\u00f3rica: <em>Creaci\u00f3n<\/em>, de Gore Vidal.<\/p>\n\n\n\n<p>Otra \u00e9poca que me parece fascinante es la Revoluci\u00f3n francesa, un per\u00edodo de apenas diez a\u00f1os que transform\u00f3 radicalmente la Historia.<\/p>\n\n\n\n<p><strong>\u00bfUn personaje de la Historia?<\/strong><\/p>\n\n\n\n<p>A\u00fan m\u00e1s dif\u00edcil\u2026, no soy muy de personajes, de figuras individuales. Pero voy a destacar a dos mujeres, a las que este curso hemos dedicado algunas clases. Por un lado, Clara Campoamor, diputada durante la Segunda Rep\u00fablica que defendi\u00f3 m\u00e1s que nadie el reconocimiento del voto de la mujer en nuestro pa\u00eds. En diciembre pasado se cumplieron 90 a\u00f1os. Por otro lado, menciono a Louise Michel, una mujer incre\u00edble, defensora de la igualdad y la justicia, protagonista en la Comuna de Par\u00eds, duramente represaliada, pero fiel a sus principios hasta el final.<\/p>\n\n\n\n<p><strong>\u00bfC\u00f3mo ves el mundo actual, tras una pandemia, una crisis econ\u00f3mica y una guerra?<\/strong><\/p>\n\n\n\n<p>No soy muy optimista, la verdad. En los cinco \u00faltimos a\u00f1os parece que todo lo que puede salir mal, lo hace, y cuando parece que superamos un problema, surge otro igual o mayor. Probablemente estamos en un momento de crisis de sistema, con reflejo en muchos \u00e1mbitos: crisis medioambiental, energ\u00e9tica, econ\u00f3mica, pol\u00edtica, social\u2026 La cuesti\u00f3n es c\u00f3mo lo afrontamos. Los historiadores, l\u00f3gicamente, nos dicen que debemos mirar al pasado, pues ah\u00ed tambi\u00e9n podemos encontrar respuestas. Un periodo muy interesante, muy convulso como el actual, fue el periodo de Entreguerras, donde se dieron circunstancias en algunos aspectos similares a las actuales, y el resultado no fue nada bueno, como sabemos.<\/p>\n\n\n\n<p>Pero lo que me genera un mayor des\u00e1nimo es el tipo de sociedad que estamos construyendo, y que ya est\u00e1 aqu\u00ed: individualismo, consumismo, rapidez, inmediatez\u2026, es dif\u00edcil asimilar la presi\u00f3n que nos imponemos a nosotros mismos, o que aceptamos que nos impongan. Ojal\u00e1 me equivoque, pero no soy nada optimista sobre el futuro; creo que todo esto ir\u00e1 a m\u00e1s, pues apenas hay resistencia a este modelo.<\/p>\n\n\n\n<p><strong>\u00bfPodr\u00edas recomendarnos alg\u00fan ensayo o novela gr\u00e1fica de tema hist\u00f3rico, que sea interesante, est\u00e9 bien documentado y bien escrito?<\/strong><\/p>\n\n\n\n<p>Sin duda, citar\u00eda a un gran historiador, Eric Hobsbawm, y su extraordinaria obra: <em>Historia del siglo XX<\/em>. En Espa\u00f1a, voy a destacar a Juli\u00e1n Casanova, por su gran labor como historiador y como divulgador de la Historia, ya que colabora de forma magn\u00edfica en diferentes medios. Me gust\u00f3 mucho su obra <em>Tierra y Libertad<\/em>, pero tienen otros ensayos m\u00e1s generalistas muy interesantes.<\/p>\n\n\n\n<p>La novela hist\u00f3rica me encanta. Al no tener formaci\u00f3n acad\u00e9mica en Historia, y ser autodidacta, muchas veces he recurrido a la novela hist\u00f3rica, y es algo que intento fomentar en los alumnos, que se aficionen a la lectura y aprendan historia a la vez. No s\u00e9, podr\u00eda citar <em>Espartaco<\/em>, de Howard Fast; <em>Las uvas de la ira<\/em>, de John Steinbeck; autores como Gore Vidal o Robert Graves. En Espa\u00f1a, sin duda, Miguel Delibes, cualquiera de sus obras, aunque no sea propiamente novela hist\u00f3rica, pues son un extraordinario retrato de un pa\u00eds, una tierra y una \u00e9poca.<\/p>\n\n\n\n<p>Voy a citar tres novelas gr\u00e1ficas. Una la le\u00edmos en clase el a\u00f1o pasado, <em>Democracia,<\/em> de Alecos Papadatos y Abraham Kawa, sobre el origen de la democracia en la Antigua Grecia. La otra es <em>Revoluci\u00f3n<\/em>, de Florent Grouazel y Younn Locard, sobre los inicios de la Revoluci\u00f3n Francesa. La tercera es <em>El arte de volar<\/em>, de Antonio Altarriba y Kim, con el trasfondo hist\u00f3rico de la Espa\u00f1a del siglo XX.<\/p>\n\n\n\n<p><strong>En cuanto a tu trayectoria profesional, antes de llegar al IES Senara, \u00bfqu\u00e9 otros destinos han marcado tu trayectoria profesional?<\/strong><\/p>\n\n\n\n<p>Casi siempre he trabajado en las provincias de Salamanca y \u00c1vila, en centros rurales y tambi\u00e9n en las capitales. Aunque fue en Palencia donde tuve mi primera experiencia docente larga, donde me \u201csolt\u00e9\u201d como profe, por eso tengo un especial recuerdo de ese destino.<\/p>\n\n\n\n<p><strong>\u00bfSon los alumnos del IES Senara muy distintos de los de otros destinos anteriores?<\/strong><\/p>\n\n\n\n<p>No, qu\u00e9 va, son j\u00f3venes, adolescentes, con los problemas t\u00edpicos de esa edad tan dif\u00edcil, pero tambi\u00e9n bonita, llenos de energ\u00eda, ilusiones, ganas de hacer cosas\u2026, aunque a veces los padres y los profesores no consigamos entenderlos.<\/p>\n\n\n\n<figure class=\"wp-block-image size-large\"><a href=\"http:\/\/www.iessenara.es\/Revista\/wp-content\/uploads\/2022\/06\/carlos-02.jpg\"><img decoding=\"async\" loading=\"lazy\" width=\"1024\" height=\"575\" src=\"http:\/\/www.iessenara.es\/Revista\/wp-content\/uploads\/2022\/06\/carlos-02-1024x575.jpg\" alt=\"\" class=\"wp-image-3284\" srcset=\"https:\/\/www.iessenara.es\/Revista\/wp-content\/uploads\/2022\/06\/carlos-02-1024x575.jpg 1024w, https:\/\/www.iessenara.es\/Revista\/wp-content\/uploads\/2022\/06\/carlos-02-300x169.jpg 300w, https:\/\/www.iessenara.es\/Revista\/wp-content\/uploads\/2022\/06\/carlos-02-768x431.jpg 768w, https:\/\/www.iessenara.es\/Revista\/wp-content\/uploads\/2022\/06\/carlos-02.jpg 1280w\" sizes=\"(max-width: 1024px) 100vw, 1024px\" \/><\/a><figcaption>Disfrazado de pirata en la fiesta del XXV Aniversario del instituto, acompa\u00f1ado de sus alumnas de 1.\u00ba de Bachillerato. FOTO: N. Conde<\/figcaption><\/figure>\n\n\n\n<p><strong>\u00bfQu\u00e9 expectativas tienes en tu nuevo destino?<\/strong><\/p>\n\n\n\n<p>Voy a un centro que ya conozco, donde trabaj\u00e9 dos a\u00f1os y estuve encantado. Muchos compa\u00f1eros de entonces ya no est\u00e1n, seguramente habr\u00e1n cambiado muchas cosas, pero s\u00e9 que sigue siendo un buen centro, en una ciudad peque\u00f1a y tranquila como es \u00c1vila.<\/p>\n\n\n\n<p><em>Con la marcha de Carlos Yuste, perdemos un excelente profesor de Geograf\u00eda y de Historia, como docente y como persona. Los alumnos agradecer\u00e1n siempre su manera de explicar la Historia una, y otra vez, y todas las que sean necesarias, para que nada quede sin ser comprendido. Los profesores nos quedamos sin un buen compa\u00f1ero, discreto, amable, educado, conversador. Te deseamos mucha suerte en esa ciudad maravillosa y llena de Historia. \u00a1Hasta pronto!<\/em><\/p>\n","protected":false},"excerpt":{"rendered":"<p>REDACCI\u00d3N de Cosas del Senara Carlos Yuste Yuste, profesor del Departamento de Geograf\u00eda e Historia, con destino definitivo desde el curso 2017\/2018 en el IES Senara, deja el centro por traslado a un instituto&#46;&#46;&#46;<\/p>\n","protected":false},"author":3,"featured_media":3285,"comment_status":"open","ping_status":"open","sticky":false,"template":"","format":"standard","meta":{"jetpack_post_was_ever_published":false,"jetpack_publicize_message":"","jetpack_is_tweetstorm":false,"jetpack_publicize_feature_enabled":true,"jetpack_social_options":[]},"categories":[9],"tags":[19,316],"jetpack_publicize_connections":[],"jetpack_featured_media_url":"https:\/\/www.iessenara.es\/Revista\/wp-content\/uploads\/2022\/06\/carlos-01.jpg","jetpack_sharing_enabled":true,"jetpack_shortlink":"https:\/\/wp.me\/p5mbkp-QP","_links":{"self":[{"href":"https:\/\/www.iessenara.es\/Revista\/index.php?rest_route=\/wp\/v2\/posts\/3275"}],"collection":[{"href":"https:\/\/www.iessenara.es\/Revista\/index.php?rest_route=\/wp\/v2\/posts"}],"about":[{"href":"https:\/\/www.iessenara.es\/Revista\/index.php?rest_route=\/wp\/v2\/types\/post"}],"author":[{"embeddable":true,"href":"https:\/\/www.iessenara.es\/Revista\/index.php?rest_route=\/wp\/v2\/users\/3"}],"replies":[{"embeddable":true,"href":"https:\/\/www.iessenara.es\/Revista\/index.php?rest_route=%2Fwp%2Fv2%2Fcomments&post=3275"}],"version-history":[{"count":11,"href":"https:\/\/www.iessenara.es\/Revista\/index.php?rest_route=\/wp\/v2\/posts\/3275\/revisions"}],"predecessor-version":[{"id":3431,"href":"https:\/\/www.iessenara.es\/Revista\/index.php?rest_route=\/wp\/v2\/posts\/3275\/revisions\/3431"}],"wp:featuredmedia":[{"embeddable":true,"href":"https:\/\/www.iessenara.es\/Revista\/index.php?rest_route=\/wp\/v2\/media\/3285"}],"wp:attachment":[{"href":"https:\/\/www.iessenara.es\/Revista\/index.php?rest_route=%2Fwp%2Fv2%2Fmedia&parent=3275"}],"wp:term":[{"taxonomy":"category","embeddable":true,"href":"https:\/\/www.iessenara.es\/Revista\/index.php?rest_route=%2Fwp%2Fv2%2Fcategories&post=3275"},{"taxonomy":"post_tag","embeddable":true,"href":"https:\/\/www.iessenara.es\/Revista\/index.php?rest_route=%2Fwp%2Fv2%2Ftags&post=3275"}],"curies":[{"name":"wp","href":"https:\/\/api.w.org\/{rel}","templated":true}]}}