{"id":338,"date":"2014-10-28T11:44:13","date_gmt":"2014-10-28T11:44:13","guid":{"rendered":"http:\/\/www.iessenara.es\/Revista\/?p=338"},"modified":"2015-01-09T18:43:00","modified_gmt":"2015-01-09T18:43:00","slug":"pruden-sanchez-de-babilafuente-al-real-madrid","status":"publish","type":"post","link":"https:\/\/www.iessenara.es\/Revista\/?p=338","title":{"rendered":"Pruden S\u00e1nchez, de Babilafuente al Real Madrid"},"content":{"rendered":"<p><a href=\"http:\/\/www.iessenara.es\/Revista\/wp-content\/uploads\/2014\/10\/43936831.jpg\"><img decoding=\"async\" loading=\"lazy\" class=\"alignright size-medium wp-image-341\" src=\"http:\/\/www.iessenara.es\/Revista\/wp-content\/uploads\/2014\/10\/43936831-214x300.jpg\" alt=\"43936831\" width=\"214\" height=\"300\" srcset=\"https:\/\/www.iessenara.es\/Revista\/wp-content\/uploads\/2014\/10\/43936831-214x300.jpg 214w, https:\/\/www.iessenara.es\/Revista\/wp-content\/uploads\/2014\/10\/43936831.jpg 402w\" sizes=\"(max-width: 214px) 100vw, 214px\" \/><\/a><\/p>\n<p><span style=\"color: #000000\">Pocos en la actualidad han o\u00eddo su nombre, pero hace a\u00f1os<\/span> <span style=\"color: #800080\"><strong>Pruden S\u00e1nchez<\/strong><\/span><span style=\"color: #000000\"> era coreado por cientos de aficionados desde las gradas del estadio Santiago Bernab\u00e9u. Naci\u00f3 en Babilafuente el 16 de diciembre de 1916, y a los 18 a\u00f1os debut\u00f3 en la UD Salamanca.<\/span><\/p>\n<p><span style=\"color: #000000\">Destac\u00f3 r\u00e1pidamente como delantero centro en el club salmantino, donde jug\u00f3 hasta que el Atl\u00e9tico de Madrid, llamado Atl\u00e9tico Aviaci\u00f3n por aquellos a\u00f1os, se fij\u00f3 en \u00e9l y le fich\u00f3 en 1940. Su debut en Primera Divisi\u00f3n fue espectacular, ya que fue pichichi de la temporada 1940-1941 por haber marcado 33 goles, una cifra nunca alcanzada en la liga espa\u00f1ola hasta ese momento.<\/span><\/p>\n<p><span style=\"color: #000000\">No logr\u00f3 alcanzar un acuerdo para su renovaci\u00f3n con el Atl\u00e9tico, as\u00ed que regres\u00f3 a la UD Salamanca, donde jug\u00f3 desde 1941 hasta 1943. Aprovech\u00f3 su regreso a la capital salmantina para continuar sus estudios de Medicina.<\/span><\/p>\n<p><span style=\"color: #000000\">A pesar de haber abandonado Madrid, no fue olvidado, y en alg\u00fan viaje que tuvo que hacer a la ciudad era parado por los muchachos para pedirle un aut\u00f3grafo, que el de Babilafuente conced\u00eda gustosamente.<\/span><\/p>\n<p><span style=\"color: #000000\">Llegado 1943, el Real Madrid decidi\u00f3 ficharle y, sin duda, result\u00f3 ser una sabia elecci\u00f3n. Durante su etapa en este equipo, que dur\u00f3 hasta 1948, el Real Madrid gan\u00f3 dos Copas del General\u00edsimo. Como an\u00e9cdota de su paso por el Real Madrid ha quedado la semifinal de Copa de 1943, partido en el que marcaron once goles al Barcelona, frente a solo uno de los catalanes; esta sigue siendo a d\u00eda de hoy la mayor goleada que ha infligido el Real Madrid al Barcelona. Pruden contribuy\u00f3 marcando tres goles, solo superados por los cuatro de su compa\u00f1ero Barinaga, quien unos a\u00f1os despu\u00e9s marcar\u00eda el primer gol del Madrid en el nuevo estadio Santiago Bernab\u00e9u.<\/span><\/p>\n<p><span style=\"color: #000000\"><a style=\"color: #000000\" href=\"http:\/\/www.iessenara.es\/Revista\/wp-content\/uploads\/2014\/10\/None.jpg\"><img decoding=\"async\" loading=\"lazy\" class=\"alignleft size-medium wp-image-342\" src=\"http:\/\/www.iessenara.es\/Revista\/wp-content\/uploads\/2014\/10\/None-300x228.jpg\" alt=\"None\" width=\"300\" height=\"228\" srcset=\"https:\/\/www.iessenara.es\/Revista\/wp-content\/uploads\/2014\/10\/None-300x228.jpg 300w, https:\/\/www.iessenara.es\/Revista\/wp-content\/uploads\/2014\/10\/None.jpg 622w\" sizes=\"(max-width: 300px) 100vw, 300px\" \/><\/a><\/span><\/p>\n<p>&nbsp;<\/p>\n<p><span style=\"color: #000000\">Por azares del destino, tuvo que jugar contra su querida UD Salamanca en un partido de Copa, en el que marc\u00f3 dos goles. Acab\u00f3 en la portada del diario Marca por ser uno de los jugadores m\u00e1s destacados del encuentro.<\/span><\/p>\n<p><span style=\"color: #000000\">A medida que su carrera futbol\u00edstica finalizaba, jug\u00f3 un a\u00f1o con el Real Zaragoza, para abandonar definitivamente los campos de juego con el Plus Ultra en 1953.<\/span><\/p>\n<p><span style=\"color: #000000\">No dej\u00f3 del todo el mundo del f\u00fatbol, ya que entr\u00f3 a formar parte de los servicios m\u00e9dicos del Real Madrid. Adem\u00e1s, el 18 de mayo de 1958, en un partido de Copa en el que se midieron el Real Madrid y la UD Salamanca, su antiguo compa\u00f1ero D\u00e1maso S\u00e1nchez de Vega le entreg\u00f3 la insignia del club salmantino a modo de homenaje.<\/span><\/p>\n<p><span style=\"color: #000000\">Finalmente, Pruden falleci\u00f3 en Madrid el 25 de febrero de 1998. Hoy en d\u00eda el nombre y las haza\u00f1as de este vecino de Babilafuente son bastante desconocidos, pero, sin duda alguna, merece ser recordado.<\/span><\/p>\n<p>&nbsp;<\/p>\n<p style=\"text-align: right\"><strong><span style=\"color: #800080\">V\u00edctor S\u00e1nchez Garc\u00eda\u00a0 (2\u00ba de Bachillerato HCS)<\/span><\/strong><\/p>\n<p style=\"text-align: right\"><span style=\"color: #800080\">(Publicado originalmente en <i>Las Villas al d\u00eda<\/i>)<\/span><\/p>\n<p>&nbsp;<\/p>\n","protected":false},"excerpt":{"rendered":"<p>Pocos en la actualidad han o\u00eddo su nombre, pero hace a\u00f1os Pruden S\u00e1nchez era coreado por cientos de aficionados desde las gradas del estadio Santiago Bernab\u00e9u. Naci\u00f3 en Babilafuente el 16 de diciembre de&#46;&#46;&#46;<\/p>\n","protected":false},"author":3,"featured_media":341,"comment_status":"open","ping_status":"open","sticky":false,"template":"","format":"standard","meta":{"jetpack_post_was_ever_published":false,"jetpack_publicize_message":"","jetpack_is_tweetstorm":false,"jetpack_publicize_feature_enabled":true,"jetpack_social_options":[]},"categories":[7],"tags":[27,29,19],"jetpack_publicize_connections":[],"jetpack_featured_media_url":"https:\/\/www.iessenara.es\/Revista\/wp-content\/uploads\/2014\/10\/43936831.jpg","jetpack_sharing_enabled":true,"jetpack_shortlink":"https:\/\/wp.me\/p5mbkp-5s","_links":{"self":[{"href":"https:\/\/www.iessenara.es\/Revista\/index.php?rest_route=\/wp\/v2\/posts\/338"}],"collection":[{"href":"https:\/\/www.iessenara.es\/Revista\/index.php?rest_route=\/wp\/v2\/posts"}],"about":[{"href":"https:\/\/www.iessenara.es\/Revista\/index.php?rest_route=\/wp\/v2\/types\/post"}],"author":[{"embeddable":true,"href":"https:\/\/www.iessenara.es\/Revista\/index.php?rest_route=\/wp\/v2\/users\/3"}],"replies":[{"embeddable":true,"href":"https:\/\/www.iessenara.es\/Revista\/index.php?rest_route=%2Fwp%2Fv2%2Fcomments&post=338"}],"version-history":[{"count":8,"href":"https:\/\/www.iessenara.es\/Revista\/index.php?rest_route=\/wp\/v2\/posts\/338\/revisions"}],"predecessor-version":[{"id":404,"href":"https:\/\/www.iessenara.es\/Revista\/index.php?rest_route=\/wp\/v2\/posts\/338\/revisions\/404"}],"wp:featuredmedia":[{"embeddable":true,"href":"https:\/\/www.iessenara.es\/Revista\/index.php?rest_route=\/wp\/v2\/media\/341"}],"wp:attachment":[{"href":"https:\/\/www.iessenara.es\/Revista\/index.php?rest_route=%2Fwp%2Fv2%2Fmedia&parent=338"}],"wp:term":[{"taxonomy":"category","embeddable":true,"href":"https:\/\/www.iessenara.es\/Revista\/index.php?rest_route=%2Fwp%2Fv2%2Fcategories&post=338"},{"taxonomy":"post_tag","embeddable":true,"href":"https:\/\/www.iessenara.es\/Revista\/index.php?rest_route=%2Fwp%2Fv2%2Ftags&post=338"}],"curies":[{"name":"wp","href":"https:\/\/api.w.org\/{rel}","templated":true}]}}