{"id":3390,"date":"2022-11-26T11:51:40","date_gmt":"2022-11-26T10:51:40","guid":{"rendered":"http:\/\/www.iessenara.es\/Revista\/?p=3390"},"modified":"2022-11-26T12:17:22","modified_gmt":"2022-11-26T11:17:22","slug":"medicion-de-la-contaminacion-acustica-del-centro","status":"publish","type":"post","link":"https:\/\/www.iessenara.es\/Revista\/?p=3390","title":{"rendered":"Medici\u00f3n de la contaminaci\u00f3n ac\u00fastica del centro"},"content":{"rendered":"\n<p>DEPARTAMENTO DE M\u00daSICA<\/p>\n\n\n\n<p>A ra\u00edz de la concesi\u00f3n el curso pasado del sello ambiental \u201cCentro Educativo Sostenible\u201d, los alumnos del M\u00fasica han procedido a medir los decibelios en los distintos espacios del instituto, utilizando la aplicaci\u00f3n <em>Sound Meter<\/em> o Son\u00f3metro. De esta manera han podido identificar los lugares con mayor contaminaci\u00f3n ac\u00fastica del centro.<\/p>\n\n\n\n<div class=\"wp-block-jetpack-tiled-gallery aligncenter is-style-rectangular\"><div class=\"tiled-gallery__gallery\"><div class=\"tiled-gallery__row\"><div class=\"tiled-gallery__col\" style=\"flex-basis:38.76677%\"><figure class=\"tiled-gallery__item\"><img decoding=\"async\" srcset=\"https:\/\/i1.wp.com\/www.iessenara.es\/Revista\/wp-content\/uploads\/2022\/11\/decibelios-3.jpg?strip=info&#038;w=600 600w,https:\/\/i1.wp.com\/www.iessenara.es\/Revista\/wp-content\/uploads\/2022\/11\/decibelios-3.jpg?strip=info&#038;w=640 640w\" alt=\"\" data-height=\"403\" data-id=\"3393\" data-link=\"http:\/\/www.iessenara.es\/Revista\/?attachment_id=3393\" data-url=\"http:\/\/www.iessenara.es\/Revista\/wp-content\/uploads\/2022\/11\/decibelios-3.jpg\" data-width=\"640\" src=\"https:\/\/i1.wp.com\/www.iessenara.es\/Revista\/wp-content\/uploads\/2022\/11\/decibelios-3.jpg\" data-amp-layout=\"responsive\" \/><\/figure><figure class=\"tiled-gallery__item\"><img decoding=\"async\" srcset=\"https:\/\/i2.wp.com\/www.iessenara.es\/Revista\/wp-content\/uploads\/2022\/11\/decibelios-2-1024x719.jpg?strip=info&#038;w=600 600w,https:\/\/i2.wp.com\/www.iessenara.es\/Revista\/wp-content\/uploads\/2022\/11\/decibelios-2-1024x719.jpg?strip=info&#038;w=900 900w,https:\/\/i2.wp.com\/www.iessenara.es\/Revista\/wp-content\/uploads\/2022\/11\/decibelios-2-1024x719.jpg?strip=info&#038;w=1200 1200w,https:\/\/i2.wp.com\/www.iessenara.es\/Revista\/wp-content\/uploads\/2022\/11\/decibelios-2-1024x719.jpg?strip=info&#038;w=1500 1500w,https:\/\/i2.wp.com\/www.iessenara.es\/Revista\/wp-content\/uploads\/2022\/11\/decibelios-2-1024x719.jpg?strip=info&#038;w=1781 1781w\" alt=\"\" data-height=\"1250\" data-id=\"3392\" data-link=\"http:\/\/www.iessenara.es\/Revista\/?attachment_id=3392\" data-url=\"http:\/\/www.iessenara.es\/Revista\/wp-content\/uploads\/2022\/11\/decibelios-2-1024x719.jpg\" data-width=\"1781\" src=\"https:\/\/i2.wp.com\/www.iessenara.es\/Revista\/wp-content\/uploads\/2022\/11\/decibelios-2-1024x719.jpg\" data-amp-layout=\"responsive\" \/><\/figure><figure class=\"tiled-gallery__item\"><img decoding=\"async\" srcset=\"https:\/\/i1.wp.com\/www.iessenara.es\/Revista\/wp-content\/uploads\/2022\/11\/decibelios-1.jpg?strip=info&#038;w=600 600w,https:\/\/i1.wp.com\/www.iessenara.es\/Revista\/wp-content\/uploads\/2022\/11\/decibelios-1.jpg?strip=info&#038;w=640 640w\" alt=\"\" data-height=\"480\" data-id=\"3394\" data-link=\"http:\/\/www.iessenara.es\/Revista\/?attachment_id=3394\" data-url=\"http:\/\/www.iessenara.es\/Revista\/wp-content\/uploads\/2022\/11\/decibelios-1.jpg\" data-width=\"640\" src=\"https:\/\/i1.wp.com\/www.iessenara.es\/Revista\/wp-content\/uploads\/2022\/11\/decibelios-1.jpg\" data-amp-layout=\"responsive\" \/><\/figure><\/div><div class=\"tiled-gallery__col\" style=\"flex-basis:61.23323%\"><figure class=\"tiled-gallery__item\"><img decoding=\"async\" srcset=\"https:\/\/i1.wp.com\/www.iessenara.es\/Revista\/wp-content\/uploads\/2022\/11\/decibelios-5-rotated.jpg?strip=info&#038;w=480 480w\" alt=\"\" data-height=\"640\" data-id=\"3396\" data-link=\"http:\/\/www.iessenara.es\/Revista\/?attachment_id=3396\" data-url=\"http:\/\/www.iessenara.es\/Revista\/wp-content\/uploads\/2022\/11\/decibelios-5-rotated.jpg\" data-width=\"480\" src=\"https:\/\/i1.wp.com\/www.iessenara.es\/Revista\/wp-content\/uploads\/2022\/11\/decibelios-5-rotated.jpg\" data-amp-layout=\"responsive\" \/><\/figure><\/div><\/div><\/div><\/div>\n\n\n\n<h3>Resultados<\/h3>\n\n\n\n<p>Los lugares del centro que superan m\u00ednimamente los l\u00edmites recomendados por la Organizaci\u00f3n Mundial de la Salud -65 decibelios- son los siguientes:<\/p>\n\n\n\n<div class=\"is-vertical is-layout-flex wp-container-1 wp-block-group\">\n<p>La cafeter\u00eda en hora punta, con 80 decibelios.<\/p>\n\n\n\n<p>El gimnasio utilizado como patio en un d\u00eda de lluvia, con 77 decibelios.<\/p>\n\n\n\n<p>El sonido del timbre del cambio de hora, 76 decibelios<\/p>\n\n\n\n<p>La clase de un viernes a 6.\u00aa hora, con 75 decibelios.<\/p>\n<\/div>\n\n\n\n<figure class=\"wp-block-image size-full\"><a href=\"http:\/\/www.iessenara.es\/Revista\/wp-content\/uploads\/2022\/11\/grafico-dB.png\"><img decoding=\"async\" loading=\"lazy\" width=\"906\" height=\"613\" src=\"http:\/\/www.iessenara.es\/Revista\/wp-content\/uploads\/2022\/11\/grafico-dB.png\" alt=\"\" class=\"wp-image-3391\" srcset=\"https:\/\/www.iessenara.es\/Revista\/wp-content\/uploads\/2022\/11\/grafico-dB.png 906w, https:\/\/www.iessenara.es\/Revista\/wp-content\/uploads\/2022\/11\/grafico-dB-300x203.png 300w, https:\/\/www.iessenara.es\/Revista\/wp-content\/uploads\/2022\/11\/grafico-dB-768x520.png 768w\" sizes=\"(max-width: 906px) 100vw, 906px\" \/><\/a><\/figure>\n\n\n\n<p>Los lugares m\u00e1s tranquilos, en los que el nivel de ruido es m\u00ednimo y no se superan los 40 dB son:<\/p>\n\n\n\n<div class=\"is-vertical is-layout-flex wp-container-2 wp-block-group\">\n<p>Los pasillos.<\/p>\n\n\n\n<p>La biblioteca.<\/p>\n\n\n\n<p>La sala de profesores.<\/p>\n\n\n\n<p>La secretar\u00eda.<\/p>\n\n\n\n<p>El patio un d\u00eda de lluvia.<\/p>\n<\/div>\n\n\n\n<p><strong>Conclusiones<\/strong><\/p>\n\n\n\n<p>Deber\u00edamos controlar el nivel de ruido que generamos tanto en la cafeter\u00eda como en las clases de 6.\u00aa hora. En la cafeter\u00eda el tiempo que estamos es m\u00ednimo y no nos genera ning\u00fan problema f\u00edsico; sin embargo, durante la \u00faltima clase del d\u00eda el ruido provoca dolor de cabeza y malestar que muchos alumnos comentan que padecen.<\/p>\n\n\n\n<p>Estar\u00eda muy bien poder cambiar el sonido del timbre del cambio de hora por m\u00fasica seleccionada y as\u00ed bajar\u00edamos el nivel de decibelios.<\/p>\n\n\n\n<p>Como conclusi\u00f3n final y desde el Departamento de M\u00fasica pensamos que es muy importante valorar el <strong>SILENCIO en nuestras vidas y en nuestro centro.<\/strong><\/p>\n","protected":false},"excerpt":{"rendered":"<p>DEPARTAMENTO DE M\u00daSICA A ra\u00edz de la concesi\u00f3n el curso pasado del sello ambiental \u201cCentro Educativo Sostenible\u201d, los alumnos del M\u00fasica han procedido a medir los decibelios en los distintos espacios del instituto, utilizando&#46;&#46;&#46;<\/p>\n","protected":false},"author":3,"featured_media":3400,"comment_status":"open","ping_status":"open","sticky":false,"template":"","format":"standard","meta":{"jetpack_post_was_ever_published":false,"jetpack_publicize_message":"","jetpack_is_tweetstorm":false,"jetpack_publicize_feature_enabled":true,"jetpack_social_options":[]},"categories":[7],"tags":[310,321,320,95],"jetpack_publicize_connections":[],"jetpack_featured_media_url":"https:\/\/www.iessenara.es\/Revista\/wp-content\/uploads\/2022\/11\/decibelios-6-1.jpg","jetpack_sharing_enabled":true,"jetpack_shortlink":"https:\/\/wp.me\/p5mbkp-SG","_links":{"self":[{"href":"https:\/\/www.iessenara.es\/Revista\/index.php?rest_route=\/wp\/v2\/posts\/3390"}],"collection":[{"href":"https:\/\/www.iessenara.es\/Revista\/index.php?rest_route=\/wp\/v2\/posts"}],"about":[{"href":"https:\/\/www.iessenara.es\/Revista\/index.php?rest_route=\/wp\/v2\/types\/post"}],"author":[{"embeddable":true,"href":"https:\/\/www.iessenara.es\/Revista\/index.php?rest_route=\/wp\/v2\/users\/3"}],"replies":[{"embeddable":true,"href":"https:\/\/www.iessenara.es\/Revista\/index.php?rest_route=%2Fwp%2Fv2%2Fcomments&post=3390"}],"version-history":[{"count":4,"href":"https:\/\/www.iessenara.es\/Revista\/index.php?rest_route=\/wp\/v2\/posts\/3390\/revisions"}],"predecessor-version":[{"id":3403,"href":"https:\/\/www.iessenara.es\/Revista\/index.php?rest_route=\/wp\/v2\/posts\/3390\/revisions\/3403"}],"wp:featuredmedia":[{"embeddable":true,"href":"https:\/\/www.iessenara.es\/Revista\/index.php?rest_route=\/wp\/v2\/media\/3400"}],"wp:attachment":[{"href":"https:\/\/www.iessenara.es\/Revista\/index.php?rest_route=%2Fwp%2Fv2%2Fmedia&parent=3390"}],"wp:term":[{"taxonomy":"category","embeddable":true,"href":"https:\/\/www.iessenara.es\/Revista\/index.php?rest_route=%2Fwp%2Fv2%2Fcategories&post=3390"},{"taxonomy":"post_tag","embeddable":true,"href":"https:\/\/www.iessenara.es\/Revista\/index.php?rest_route=%2Fwp%2Fv2%2Ftags&post=3390"}],"curies":[{"name":"wp","href":"https:\/\/api.w.org\/{rel}","templated":true}]}}