{"id":354,"date":"2014-11-17T15:20:53","date_gmt":"2014-11-17T15:20:53","guid":{"rendered":"http:\/\/www.iessenara.es\/Revista\/?p=354"},"modified":"2015-01-09T18:40:18","modified_gmt":"2015-01-09T18:40:18","slug":"martes-con-mi-viejo-profesor-de-mitch-albom","status":"publish","type":"post","link":"https:\/\/www.iessenara.es\/Revista\/?p=354","title":{"rendered":"\u00abMartes con mi viejo profesor\u00bb, de Mitch Albom"},"content":{"rendered":"<p><a href=\"http:\/\/www.iessenara.es\/Revista\/wp-content\/uploads\/2014\/10\/Albom.jpg\"><img decoding=\"async\" loading=\"lazy\" class=\"alignright size-medium wp-image-357\" src=\"http:\/\/www.iessenara.es\/Revista\/wp-content\/uploads\/2014\/10\/Albom-178x300.jpg\" alt=\"Albom\" width=\"178\" height=\"300\" srcset=\"https:\/\/www.iessenara.es\/Revista\/wp-content\/uploads\/2014\/10\/Albom-178x300.jpg 178w, https:\/\/www.iessenara.es\/Revista\/wp-content\/uploads\/2014\/10\/Albom.jpg 322w\" sizes=\"(max-width: 178px) 100vw, 178px\" \/><\/a><span style=\"color: #000000\">T\u00edtulo: \u00a0<\/span><span style=\"color: #800000\"><strong><em>Martes con mi viejo profesor<\/em><\/strong><\/span>.<\/p>\n<p><span style=\"color: #000000\">Autor: \u00a0Mitch Albom.<\/span><\/p>\n<p><span style=\"color: #000000\">Editorial: \u00a0Maeva.<\/span><\/p>\n<p>&nbsp;<\/p>\n<p><span style=\"color: #800000\"><strong>Sinopsis<\/strong><\/span><\/p>\n<p><span style=\"color: #000000\">Es un libro que trata de la historia de Mitch y Morrie, su viejo profesor. Despu\u00e9s de 16 a\u00f1os, vuelven a encontrarse un martes, tras enterarse Mitch de que Morrie padec\u00eda de esclerosis lateral amiotr\u00f3fica (ELA). Eran muy amigos, a pesar de los a\u00f1os transcurridos.<\/span><\/p>\n<p><span style=\"color: #000000\">Morrie, como hac\u00eda en la universidad, volvi\u00f3 a dar clases a Mitch. A lo largo de los martes hablaron de la muerte, de la vejez, de la codicia, del matrimonio, de la familia, de la sociedad, del perd\u00f3n, de la vida sin sentido y de muchos otros temas, y Mitch siempre aprend\u00eda algo nuevo.<\/span><\/p>\n<p><span style=\"color: #000000\">La enfermedad consum\u00eda a Morrie poco a poco. Pero \u00e9l era consciente de la muerte y no le ten\u00eda miedo. Tanto Mitch como Morrie intentaban disfrutar al m\u00e1ximo del tiempo que pasaban juntos. A Mitch le sorprend\u00eda que Morrie, con todo lo que le estaba pasando, siguiera siendo feliz y lo demostrara con hechos y palabras. Hab\u00eda tenido una infancia muy dura, pero, a pesar de todo, nunca se rindi\u00f3, y sigui\u00f3 aprendiendo y luchando por la felicidad hasta sus \u00faltimos d\u00edas. Mitch, gracias a Morrie, encontr\u00f3 lo que buscaba desde hac\u00eda mucho.<\/span><\/p>\n<p>&nbsp;<\/p>\n<p><span style=\"color: #800000\"><strong>Opini\u00f3n<\/strong><\/span><\/p>\n<p><span style=\"color: #000000\"><em>Martes con mi viejo profesor<\/em> es el mejor libro que he le\u00eddo en mi vida. Me emocion\u00f3 tanto que me sorprend\u00ed a m\u00ed misma. Creo que nunca olvidar\u00e9 esta historia, principalmente porque fue algo que ocurri\u00f3 de verdad. Lo recomiendo a todo el mundo, especialmente a aquellos que se lamentan de la vida, porque creo que la historia de Morrie es algo que tenemos que tener en cuenta. Creo que este libro no tiene que ser le\u00eddo como un libro m\u00e1s, sino como una historia que fue vivida.<\/span><\/p>\n<p><span style=\"color: #000000\">Ahora s\u00e9 que no tengo que tener miedo a la muerte. Es mejor disfrutar de cada minuto de mi vida, aunque no est\u00e9 en una situaci\u00f3n f\u00e1cil. Aceptar lo que me pasa y lo que siento, y dejarlos ir. Dejar de pensar en el pasado y en el futuro. Es mejor ser m\u00e1s abierta con los dem\u00e1s, perdonarlos siempre (por lo que sea). Escuchar m\u00e1s a los dem\u00e1s, interesarse por ellos. Amar a todos, pero no aferrarse a nadie ni a nada, para que eso no te resulte un obst\u00e1culo en la vida. Solo tengo que disfrutar el momento y aprender de ello y de todo lo que pueda.<\/span><\/p>\n<p>&nbsp;<\/p>\n<p style=\"text-align: right\"><span style=\"color: #800000\"><strong>Danyelle Ribeiro Pimentel \u00a0(1\u00ba de Bachillerato CIT)<\/strong><\/span><\/p>\n<p>&nbsp;<\/p>\n","protected":false},"excerpt":{"rendered":"<p>T\u00edtulo: \u00a0Martes con mi viejo profesor. Autor: \u00a0Mitch Albom. Editorial: \u00a0Maeva. &nbsp; Sinopsis Es un libro que trata de la historia de Mitch y Morrie, su viejo profesor. Despu\u00e9s de 16 a\u00f1os, vuelven a&#46;&#46;&#46;<\/p>\n","protected":false},"author":3,"featured_media":357,"comment_status":"open","ping_status":"open","sticky":false,"template":"","format":"standard","meta":{"jetpack_post_was_ever_published":false,"jetpack_publicize_message":"","jetpack_is_tweetstorm":false,"jetpack_publicize_feature_enabled":true,"jetpack_social_options":[]},"categories":[12],"tags":[24,18,28],"jetpack_publicize_connections":[],"jetpack_featured_media_url":"https:\/\/www.iessenara.es\/Revista\/wp-content\/uploads\/2014\/10\/Albom.jpg","jetpack_sharing_enabled":true,"jetpack_shortlink":"https:\/\/wp.me\/p5mbkp-5I","_links":{"self":[{"href":"https:\/\/www.iessenara.es\/Revista\/index.php?rest_route=\/wp\/v2\/posts\/354"}],"collection":[{"href":"https:\/\/www.iessenara.es\/Revista\/index.php?rest_route=\/wp\/v2\/posts"}],"about":[{"href":"https:\/\/www.iessenara.es\/Revista\/index.php?rest_route=\/wp\/v2\/types\/post"}],"author":[{"embeddable":true,"href":"https:\/\/www.iessenara.es\/Revista\/index.php?rest_route=\/wp\/v2\/users\/3"}],"replies":[{"embeddable":true,"href":"https:\/\/www.iessenara.es\/Revista\/index.php?rest_route=%2Fwp%2Fv2%2Fcomments&post=354"}],"version-history":[{"count":4,"href":"https:\/\/www.iessenara.es\/Revista\/index.php?rest_route=\/wp\/v2\/posts\/354\/revisions"}],"predecessor-version":[{"id":403,"href":"https:\/\/www.iessenara.es\/Revista\/index.php?rest_route=\/wp\/v2\/posts\/354\/revisions\/403"}],"wp:featuredmedia":[{"embeddable":true,"href":"https:\/\/www.iessenara.es\/Revista\/index.php?rest_route=\/wp\/v2\/media\/357"}],"wp:attachment":[{"href":"https:\/\/www.iessenara.es\/Revista\/index.php?rest_route=%2Fwp%2Fv2%2Fmedia&parent=354"}],"wp:term":[{"taxonomy":"category","embeddable":true,"href":"https:\/\/www.iessenara.es\/Revista\/index.php?rest_route=%2Fwp%2Fv2%2Fcategories&post=354"},{"taxonomy":"post_tag","embeddable":true,"href":"https:\/\/www.iessenara.es\/Revista\/index.php?rest_route=%2Fwp%2Fv2%2Ftags&post=354"}],"curies":[{"name":"wp","href":"https:\/\/api.w.org\/{rel}","templated":true}]}}