{"id":3544,"date":"2022-12-26T19:26:33","date_gmt":"2022-12-26T18:26:33","guid":{"rendered":"http:\/\/www.iessenara.es\/Revista\/?p=3544"},"modified":"2022-12-26T19:26:34","modified_gmt":"2022-12-26T18:26:34","slug":"revista-cosas-del-senara-como-se-hace","status":"publish","type":"post","link":"https:\/\/www.iessenara.es\/Revista\/?p=3544","title":{"rendered":"Revista Cosas del Senara: C\u00f3mo se hace"},"content":{"rendered":"\n<p>JOS\u00c9 FERNANDO PABLOS NAVAZO, director de la Revista <em>Cosas del Senara<\/em><\/p>\n\n\n\n<h3>Presentaci\u00f3n<\/h3>\n\n\n\n<p>Presentaci\u00f3n de la Revista <em>Cosas del Senara<\/em>, cuyos or\u00edgenes se remontan al nacimiento del IES Senara de Babilafuente (Salamanca), y que desde el a\u00f1o 2014 se muestra  en versi\u00f3n digital hecha con WordPress. La revista recoge las creaciones literarias de los alumnos, los trabajos de los distintos cursos, las aportaciones de los profesores y otros miembros de la comunidad educativa en las versiones que nos permite el formato digital: art\u00edculos escritos, dibujos, podcast, v\u00eddeos, sin ponernos l\u00edmites en la forma y siempre defendiendo la libertad de expresi\u00f3n, como corresponde a una revista educativa.<\/p>\n\n\n\n<figure class=\"wp-block-embed is-type-video is-provider-youtube wp-block-embed-youtube wp-embed-aspect-16-9 wp-has-aspect-ratio\"><div class=\"wp-block-embed__wrapper\">\n<div class=\"video-container\"><span class=\"embed-youtube\" style=\"text-align:center; display: block;\"><iframe loading=\"lazy\" class=\"youtube-player\" width=\"640\" height=\"360\" src=\"https:\/\/www.youtube.com\/embed\/Ril2GuMyHa4?version=3&#038;rel=1&#038;showsearch=0&#038;showinfo=1&#038;iv_load_policy=1&#038;fs=1&#038;hl=es-ES&#038;autohide=2&#038;wmode=transparent\" allowfullscreen=\"true\" style=\"border:0;\" sandbox=\"allow-scripts allow-same-origin allow-popups allow-presentation\"><\/iframe><\/span><\/div>\n<\/div><\/figure>\n\n\n\n<h3>Perfiles de acceso<\/h3>\n\n\n\n<p>En este v\u00eddeo se describen los tres perfiles de acceso a la revista: administrador, autor y redactor.<\/p>\n\n\n\n<figure class=\"wp-block-embed is-type-video is-provider-youtube wp-block-embed-youtube wp-embed-aspect-16-9 wp-has-aspect-ratio\"><div class=\"wp-block-embed__wrapper\">\n<div class=\"video-container\"><span class=\"embed-youtube\" style=\"text-align:center; display: block;\"><iframe loading=\"lazy\" class=\"youtube-player\" width=\"640\" height=\"360\" src=\"https:\/\/www.youtube.com\/embed\/Rn81r0RV4L8?version=3&#038;rel=1&#038;showsearch=0&#038;showinfo=1&#038;iv_load_policy=1&#038;fs=1&#038;hl=es-ES&#038;autohide=2&#038;wmode=transparent\" allowfullscreen=\"true\" style=\"border:0;\" sandbox=\"allow-scripts allow-same-origin allow-popups allow-presentation\"><\/iframe><\/span><\/div>\n<\/div><\/figure>\n\n\n\n<h3>Crear un art\u00edculo de texto e imagen<\/h3>\n\n\n\n<p>En este tutorial se explica c\u00f3mo crear un art\u00edculo que consta de texto e imagen con WordPress.<\/p>\n\n\n\n<figure class=\"wp-block-embed is-type-video is-provider-youtube wp-block-embed-youtube wp-embed-aspect-16-9 wp-has-aspect-ratio\"><div class=\"wp-block-embed__wrapper\">\n<div class=\"video-container\"><span class=\"embed-youtube\" style=\"text-align:center; display: block;\"><iframe loading=\"lazy\" class=\"youtube-player\" width=\"640\" height=\"360\" src=\"https:\/\/www.youtube.com\/embed\/pJi8Fn9Hwt8?version=3&#038;rel=1&#038;showsearch=0&#038;showinfo=1&#038;iv_load_policy=1&#038;fs=1&#038;hl=es-ES&#038;autohide=2&#038;wmode=transparent\" allowfullscreen=\"true\" style=\"border:0;\" sandbox=\"allow-scripts allow-same-origin allow-popups allow-presentation\"><\/iframe><\/span><\/div>\n<\/div><\/figure>\n\n\n\n<h3>Galer\u00eda, vincular y comparar im\u00e1genes<\/h3>\n\n\n\n<p>Aqu\u00ed explicamos c\u00f3mo crear una galer\u00eda de im\u00e1genes, c\u00f3mo vincular una imagen a una p\u00e1gina web y c\u00f3mo comparar dos im\u00e1genes entre s\u00ed.<\/p>\n\n\n\n<figure class=\"wp-block-embed is-type-video is-provider-youtube wp-block-embed-youtube wp-embed-aspect-16-9 wp-has-aspect-ratio\"><div class=\"wp-block-embed__wrapper\">\n<div class=\"video-container\"><span class=\"embed-youtube\" style=\"text-align:center; display: block;\"><iframe loading=\"lazy\" class=\"youtube-player\" width=\"640\" height=\"360\" src=\"https:\/\/www.youtube.com\/embed\/hBkr1jXnjDE?version=3&#038;rel=1&#038;showsearch=0&#038;showinfo=1&#038;iv_load_policy=1&#038;fs=1&#038;hl=es-ES&#038;autohide=2&#038;wmode=transparent\" allowfullscreen=\"true\" style=\"border:0;\" sandbox=\"allow-scripts allow-same-origin allow-popups allow-presentation\"><\/iframe><\/span><\/div>\n<\/div><\/figure>\n\n\n\n<h3>Vincular un v\u00eddeo y crear una presentaci\u00f3n<\/h3>\n\n\n\n<p>En este tutorial se explica c\u00f3mo incrustar un v\u00eddeo de nuestra cuenta de YouTube en la Revista <em>Cosas del Senara<\/em> y c\u00f3mo crear una presentaci\u00f3n de im\u00e1genes o diapositivas con WordPress.<\/p>\n\n\n\n<figure class=\"wp-block-embed is-type-video is-provider-youtube wp-block-embed-youtube wp-embed-aspect-16-9 wp-has-aspect-ratio\"><div class=\"wp-block-embed__wrapper\">\n<div class=\"video-container\"><span class=\"embed-youtube\" style=\"text-align:center; display: block;\"><iframe loading=\"lazy\" class=\"youtube-player\" width=\"640\" height=\"360\" src=\"https:\/\/www.youtube.com\/embed\/nPIgzLXNyWM?version=3&#038;rel=1&#038;showsearch=0&#038;showinfo=1&#038;iv_load_policy=1&#038;fs=1&#038;hl=es-ES&#038;autohide=2&#038;wmode=transparent\" allowfullscreen=\"true\" style=\"border:0;\" sandbox=\"allow-scripts allow-same-origin allow-popups allow-presentation\"><\/iframe><\/span><\/div>\n<\/div><\/figure>\n\n\n\n<h3>Vincular un audio subido en Ivoox<\/h3>\n\n\n\n<p>Explicamos a continuaci\u00f3n c\u00f3mo incrustar un audio de nuestra cuenta de Ivoox en la Revista <em>Cosas del Senara<\/em> con WordPress.<\/p>\n\n\n\n<figure class=\"wp-block-embed is-type-video is-provider-youtube wp-block-embed-youtube wp-embed-aspect-16-9 wp-has-aspect-ratio\"><div class=\"wp-block-embed__wrapper\">\n<div class=\"video-container\"><span class=\"embed-youtube\" style=\"text-align:center; display: block;\"><iframe loading=\"lazy\" class=\"youtube-player\" width=\"640\" height=\"360\" src=\"https:\/\/www.youtube.com\/embed\/Xc0w6pvlziw?version=3&#038;rel=1&#038;showsearch=0&#038;showinfo=1&#038;iv_load_policy=1&#038;fs=1&#038;hl=es-ES&#038;autohide=2&#038;wmode=transparent\" allowfullscreen=\"true\" style=\"border:0;\" sandbox=\"allow-scripts allow-same-origin allow-popups allow-presentation\"><\/iframe><\/span><\/div>\n<\/div><\/figure>\n","protected":false},"excerpt":{"rendered":"<p>JOS\u00c9 FERNANDO PABLOS NAVAZO, director de la Revista Cosas del Senara Presentaci\u00f3n Presentaci\u00f3n de la Revista Cosas del Senara, cuyos or\u00edgenes se remontan al nacimiento del IES Senara de Babilafuente (Salamanca), y que desde&#46;&#46;&#46;<\/p>\n","protected":false},"author":3,"featured_media":3547,"comment_status":"open","ping_status":"open","sticky":false,"template":"","format":"standard","meta":{"jetpack_post_was_ever_published":false,"jetpack_publicize_message":"","jetpack_is_tweetstorm":false,"jetpack_publicize_feature_enabled":true,"jetpack_social_options":[]},"categories":[14],"tags":[86,328,326,85,327,325],"jetpack_publicize_connections":[],"jetpack_featured_media_url":"https:\/\/www.iessenara.es\/Revista\/wp-content\/uploads\/2022\/12\/Presentacion.Revista-CS.jpg","jetpack_sharing_enabled":true,"jetpack_shortlink":"https:\/\/wp.me\/p5mbkp-Va","_links":{"self":[{"href":"https:\/\/www.iessenara.es\/Revista\/index.php?rest_route=\/wp\/v2\/posts\/3544"}],"collection":[{"href":"https:\/\/www.iessenara.es\/Revista\/index.php?rest_route=\/wp\/v2\/posts"}],"about":[{"href":"https:\/\/www.iessenara.es\/Revista\/index.php?rest_route=\/wp\/v2\/types\/post"}],"author":[{"embeddable":true,"href":"https:\/\/www.iessenara.es\/Revista\/index.php?rest_route=\/wp\/v2\/users\/3"}],"replies":[{"embeddable":true,"href":"https:\/\/www.iessenara.es\/Revista\/index.php?rest_route=%2Fwp%2Fv2%2Fcomments&post=3544"}],"version-history":[{"count":3,"href":"https:\/\/www.iessenara.es\/Revista\/index.php?rest_route=\/wp\/v2\/posts\/3544\/revisions"}],"predecessor-version":[{"id":3548,"href":"https:\/\/www.iessenara.es\/Revista\/index.php?rest_route=\/wp\/v2\/posts\/3544\/revisions\/3548"}],"wp:featuredmedia":[{"embeddable":true,"href":"https:\/\/www.iessenara.es\/Revista\/index.php?rest_route=\/wp\/v2\/media\/3547"}],"wp:attachment":[{"href":"https:\/\/www.iessenara.es\/Revista\/index.php?rest_route=%2Fwp%2Fv2%2Fmedia&parent=3544"}],"wp:term":[{"taxonomy":"category","embeddable":true,"href":"https:\/\/www.iessenara.es\/Revista\/index.php?rest_route=%2Fwp%2Fv2%2Fcategories&post=3544"},{"taxonomy":"post_tag","embeddable":true,"href":"https:\/\/www.iessenara.es\/Revista\/index.php?rest_route=%2Fwp%2Fv2%2Ftags&post=3544"}],"curies":[{"name":"wp","href":"https:\/\/api.w.org\/{rel}","templated":true}]}}