{"id":3549,"date":"2023-01-02T10:53:46","date_gmt":"2023-01-02T09:53:46","guid":{"rendered":"http:\/\/www.iessenara.es\/Revista\/?p=3549"},"modified":"2023-01-02T11:19:53","modified_gmt":"2023-01-02T10:19:53","slug":"muevete-con-bioetanol","status":"publish","type":"post","link":"https:\/\/www.iessenara.es\/Revista\/?p=3549","title":{"rendered":"Mu\u00e9vete con bioetanol"},"content":{"rendered":"\n<p>DPTO. DE BIOLOG\u00cdA Y GEOLOG\u00cdA Y DPTO. DE M\u00daSICA<\/p>\n\n\n\n<p>El 7 de octubre de 2022, los alumnos de 3.\u00ba y 4.\u00ba de E.S.O. y de 1.\u00ba y 2.\u00ba de Bachillerato del I.E.S. Senara asistieron, en el sal\u00f3n de actos del centro, al espect\u00e1culo cient\u00edfico \u201cMu\u00e9vete con bioetanol\u201d, desarrollado por el grupo Big Van Ciencia <a href=\"https:\/\/www.instagram.com\/bigvanciencia\/?hl=es\" target=\"_blank\" rel=\"noreferrer noopener\">(@bigvanciencia<\/a>). Adem\u00e1s, los d\u00edas 4, 5 y 6 de octubre, en el Centro Municipal Integrado Juli\u00e1n S\u00e1nchez El Charro de Salamanca, se realizaron varias sesiones del espect\u00e1culo al que asistieron alumnos de varios centros de la provincia de Salamanca.<\/p>\n\n\n\n<p>El proyecto \u201cMu\u00e9vete con bioetanol\u201d, iniciativa de <a href=\"https:\/\/www.fundacionvertexbioenergy.org\/\" target=\"_blank\" rel=\"noreferrer noopener\">Fundaci\u00f3n Vertex Bioenergy<\/a>, trata de acercar al alumnado de secundaria y bachillerato los contenidos m\u00e1s relevantes sobre los retos del desarrollo sostenible, en especial el Objetivos de Desarrollo Sostenible 11 -Ciudades y comunidades sostenibles- y el 13 -Acci\u00f3n por el clima-, y c\u00f3mo la ciencia en general, y el bioetanol en particular, pueden ayudar a su consecuci\u00f3n. Adem\u00e1s, este proyecto busca fomentar las vocaciones cient\u00edficas en estudiantes de educaci\u00f3n secundaria y bachillerato.<\/p>\n\n\n\n<p>Adem\u00e1s de los espect\u00e1culos cient\u00edficos, el proyecto incluye una fase de concurso en la que los estudiantes pueden participar preparando sus propios v\u00eddeos cient\u00edfico-art\u00edsticos y ganar interesantes premios.&nbsp;<\/p>\n\n\n\n<p>Los v\u00eddeos seleccionados participar\u00e1n en la gran gala final \u201cMu\u00e9vete con bioetanol\u201d, que se celebrar\u00e1 en el mes de febrero de 2023. A la gala asistir\u00e1 de forma presencial el alumnado participante en los cinco v\u00eddeos finalistas. La gala se retransmitir\u00e1 en <em>streaming<\/em> para que pueda ser vista desde los centros educativos de la provincia de Salamanca.<\/p>\n\n\n\n<p>El grupo Big Van Ciencia dinamizar\u00e1 la gala y un jurado compuesto por representantes de la Fundaci\u00f3n Vertex Bioenergy y Big Van Ciencia decidir\u00e1 cu\u00e1les ser\u00e1n los v\u00eddeos ganadores.<\/p>\n\n\n\n<p>Hay m\u00e1s de 5.000 \u20ac en premios que se destinar\u00e1n a los centros educativos a los que pertenezca el alumnado de los v\u00eddeos ganadores. Adem\u00e1s, recibir\u00e1n tres libros de la colecci\u00f3n \u201cMu\u00e9vete con bioetanol\u201d y su v\u00eddeo se difundir\u00e1 por las redes sociales de la Fundaci\u00f3n Vertex Bioenergy y Big Van Ciencia.<\/p>\n\n\n\n<p>Desde el I.E.S. Senara hemos querido participar en la fase de concurso de este proyecto presentando dos v\u00eddeos: <em>I.E.S. Senara Noticias<\/em> y <em>Rap del bioetanol<\/em>. A continuaci\u00f3n os contamos algunos detalles sobre estos dos trabajos.<\/p>\n\n\n\n<h3>I.E.S. Senara Noticias<\/h3>\n\n\n\n<p>Tras varias d\u00e9cadas de relaci\u00f3n insostenible de la Tierra con los combustibles f\u00f3siles, ha surgido una bonita historia de amor sostenible entre nuestro planeta y el bioetanol. Nuestras reporteras (Alba Zea Mays, Mar\u00eda Fer Mentaci\u00f3n P\u00e9rez, Alejandra Saccharo Myces, Violeta Nol Garc\u00eda, Mercedes Alconafta Gonz\u00e1lez, y Emi Sionneta Cero) nos cuentan en formato noticia c\u00f3mo ha surgido esta historia.<\/p>\n\n\n\n<p>Los nombres de las reporteras hacen referencia al proceso de obtenci\u00f3n del bioetanol, alguno de sus usos y su car\u00e1cter de combustible renovable. As\u00ed, el nombre de la reportera Alba Zea Mayssurge del nombre cient\u00edfico de la planta del ma\u00edz (<em>Zea mays<\/em>). El de Mar\u00eda Fer Mentaci\u00f3n P\u00e9rez hace referencia al&nbsp; proceso de fermentaci\u00f3n al que se someten los granos de ma\u00edz para obtener el bioetanol. El de Alejandra Saccharo Myces del nombre cient\u00edfico de la levadura (<em>Saccharomyces cerevisiare<\/em>), que se utiliza para fermentar los az\u00facares almacenados en forma de almid\u00f3n en los granos de ma\u00edz. El de Violeta Nol Garc\u00eda alude al producto bioetanol. El de Mercedes Alconafta Gonz\u00e1lez indica el nombre que recibe la mezcla de gasolina con bioetanol (alconafta) que utilizan algunos veh\u00edculos como combustible, adem\u00e1s de aludir a una marca de coches. Y finalmente, el de Emi Sionneta Cero nace del hecho de que al utilizar el bioetanol como combustible la emisi\u00f3n neta de di\u00f3xido de carbono a la atm\u00f3sfera es cero.<\/p>\n\n\n\n<p><strong>Alumnas<\/strong>: Tania Almaraz Mart\u00edn, Noa \u00c1lvarez Calvo, Natalia Barbero Gonz\u00e1lez, Irene Blanco Nore\u00f1a, Marwa Bousada, Ana P\u00e9rez Vaquero y Laura Rubia de la Torre. <\/p>\n\n\n\n<p><strong>Profesor responsable<\/strong>: Jos\u00e9 \u00c1ngel Trilla Mata (Dpto. Biolog\u00eda y Geolog\u00eda).<\/p>\n\n\n\n<figure class=\"wp-block-embed is-type-video is-provider-youtube wp-block-embed-youtube wp-embed-aspect-4-3 wp-has-aspect-ratio\"><div class=\"wp-block-embed__wrapper\">\n<div class=\"video-container\"><span class=\"embed-youtube\" style=\"text-align:center; display: block;\"><iframe loading=\"lazy\" class=\"youtube-player\" width=\"640\" height=\"360\" src=\"https:\/\/www.youtube.com\/embed\/RPHk-Gv1Nx0?version=3&#038;rel=1&#038;showsearch=0&#038;showinfo=1&#038;iv_load_policy=1&#038;fs=1&#038;hl=es-ES&#038;autohide=2&#038;wmode=transparent\" allowfullscreen=\"true\" style=\"border:0;\" sandbox=\"allow-scripts allow-same-origin allow-popups allow-presentation\"><\/iframe><\/span><\/div>\n<\/div><\/figure>\n\n\n\n<h3>Rap del bioetanol<\/h3>\n\n\n\n<p>Desde el taller de expresi\u00f3n instrumental, hemos querido ofrecer una parte m\u00e1s art\u00edstica de un tema cient\u00edfico y para ello hemos usado la tecnolog\u00eda. Cada alumno ha creado con su m\u00f3vil y distintas Apps una base musical. Luego hemos unido estas distintas composiciones para crear esa base sobre la que ha rapeado Jos\u00e9 \u00c1ngel Gonz\u00e1lez Mato. El <em>Rap del bioetanol<\/em> trata de c\u00f3mo se genera el bioetanol y c\u00f3mo su utilizaci\u00f3n mejora el medio ambiente.<\/p>\n\n\n\n<p><strong>Alumnos y alumnas<\/strong>: Jos\u00e9 \u00c1ngel Gonz\u00e1lez Mato, Diego Cortijo Mart\u00edn, Iker G\u00f3mez Arribas, Marcos Vega Fraile, Leyre S\u00e1ez Pablos, Celia Fern\u00e1ndez Nore\u00f1a, Ilenia L\u00f3pez Haro, Myriam Vaquero Garc\u00eda y Sara Zariouh S\u00e1nchez.<\/p>\n\n\n\n<p><strong>Profesora responsable<\/strong>: Roc\u00edo Marco Mu\u00f1oz (Dpto. M\u00fasica)<\/p>\n\n\n\n<figure class=\"wp-block-embed is-type-video is-provider-youtube wp-block-embed-youtube wp-embed-aspect-16-9 wp-has-aspect-ratio\"><div class=\"wp-block-embed__wrapper\">\n<div class=\"video-container\"><span class=\"embed-youtube\" style=\"text-align:center; display: block;\"><iframe loading=\"lazy\" class=\"youtube-player\" width=\"640\" height=\"360\" src=\"https:\/\/www.youtube.com\/embed\/mFgkPfN4sdo?version=3&#038;rel=1&#038;showsearch=0&#038;showinfo=1&#038;iv_load_policy=1&#038;fs=1&#038;hl=es-ES&#038;autohide=2&#038;wmode=transparent\" allowfullscreen=\"true\" style=\"border:0;\" sandbox=\"allow-scripts allow-same-origin allow-popups allow-presentation\"><\/iframe><\/span><\/div>\n<\/div><\/figure>\n\n\n\n<p>Deseamos mucha suerte a los participantes y que su trabajo, dedicaci\u00f3n y esfuerzo se puedan ver recompensados con un reconocimiento en forma de premio en la gala final del concurso. Aunque no sea as\u00ed, estamos seguros de que habr\u00e1 sido una bonita y enriquecedora experiencia para nuestros alumnos y alumnas.<\/p>\n","protected":false},"excerpt":{"rendered":"<p>DPTO. DE BIOLOG\u00cdA Y GEOLOG\u00cdA Y DPTO. DE M\u00daSICA El 7 de octubre de 2022, los alumnos de 3.\u00ba y 4.\u00ba de E.S.O. y de 1.\u00ba y 2.\u00ba de Bachillerato del I.E.S. Senara asistieron,&#46;&#46;&#46;<\/p>\n","protected":false},"author":3,"featured_media":3552,"comment_status":"open","ping_status":"open","sticky":false,"template":"","format":"standard","meta":{"jetpack_post_was_ever_published":false,"jetpack_publicize_message":"","jetpack_is_tweetstorm":false,"jetpack_publicize_feature_enabled":true,"jetpack_social_options":[]},"categories":[11,8],"tags":[329,37,95,323,96,217],"jetpack_publicize_connections":[],"jetpack_featured_media_url":"https:\/\/www.iessenara.es\/Revista\/wp-content\/uploads\/2023\/01\/bioetanol.jpg","jetpack_sharing_enabled":true,"jetpack_shortlink":"https:\/\/wp.me\/p5mbkp-Vf","_links":{"self":[{"href":"https:\/\/www.iessenara.es\/Revista\/index.php?rest_route=\/wp\/v2\/posts\/3549"}],"collection":[{"href":"https:\/\/www.iessenara.es\/Revista\/index.php?rest_route=\/wp\/v2\/posts"}],"about":[{"href":"https:\/\/www.iessenara.es\/Revista\/index.php?rest_route=\/wp\/v2\/types\/post"}],"author":[{"embeddable":true,"href":"https:\/\/www.iessenara.es\/Revista\/index.php?rest_route=\/wp\/v2\/users\/3"}],"replies":[{"embeddable":true,"href":"https:\/\/www.iessenara.es\/Revista\/index.php?rest_route=%2Fwp%2Fv2%2Fcomments&post=3549"}],"version-history":[{"count":3,"href":"https:\/\/www.iessenara.es\/Revista\/index.php?rest_route=\/wp\/v2\/posts\/3549\/revisions"}],"predecessor-version":[{"id":3553,"href":"https:\/\/www.iessenara.es\/Revista\/index.php?rest_route=\/wp\/v2\/posts\/3549\/revisions\/3553"}],"wp:featuredmedia":[{"embeddable":true,"href":"https:\/\/www.iessenara.es\/Revista\/index.php?rest_route=\/wp\/v2\/media\/3552"}],"wp:attachment":[{"href":"https:\/\/www.iessenara.es\/Revista\/index.php?rest_route=%2Fwp%2Fv2%2Fmedia&parent=3549"}],"wp:term":[{"taxonomy":"category","embeddable":true,"href":"https:\/\/www.iessenara.es\/Revista\/index.php?rest_route=%2Fwp%2Fv2%2Fcategories&post=3549"},{"taxonomy":"post_tag","embeddable":true,"href":"https:\/\/www.iessenara.es\/Revista\/index.php?rest_route=%2Fwp%2Fv2%2Ftags&post=3549"}],"curies":[{"name":"wp","href":"https:\/\/api.w.org\/{rel}","templated":true}]}}