{"id":364,"date":"2014-12-11T20:55:30","date_gmt":"2014-12-11T20:55:30","guid":{"rendered":"http:\/\/www.iessenara.es\/Revista\/?p=364"},"modified":"2015-01-09T18:38:14","modified_gmt":"2015-01-09T18:38:14","slug":"una-vida-sin-movil","status":"publish","type":"post","link":"https:\/\/www.iessenara.es\/Revista\/?p=364","title":{"rendered":"Una vida sin m\u00f3vil"},"content":{"rendered":"<p><a href=\"http:\/\/www.iessenara.es\/Revista\/wp-content\/uploads\/2014\/11\/M\u00f3vil.jpg\"><img decoding=\"async\" loading=\"lazy\" class=\"alignright size-medium wp-image-365\" src=\"http:\/\/www.iessenara.es\/Revista\/wp-content\/uploads\/2014\/11\/M\u00f3vil-300x224.jpg\" alt=\"M\u00f3vil\" width=\"300\" height=\"224\" srcset=\"https:\/\/www.iessenara.es\/Revista\/wp-content\/uploads\/2014\/11\/M\u00f3vil-300x224.jpg 300w, https:\/\/www.iessenara.es\/Revista\/wp-content\/uploads\/2014\/11\/M\u00f3vil-1024x768.jpg 1024w\" sizes=\"(max-width: 300px) 100vw, 300px\" \/><\/a><\/p>\n<p><span style=\"color: #000000\">Mi infancia fue como la de cualquiera; era una ni\u00f1a que disfrutaba jugando con cualquier cosa, que pod\u00eda estar jugando mucho tiempo al mismo juego sin aburrirse, etc. Sin embargo, cuando ten\u00eda nueve a\u00f1os, mis padres me regalaron un m\u00f3vil para que jugara con \u00e9l.<\/span><\/p>\n<p><span style=\"color: #000000\">Aunque ten\u00eda ese m\u00f3vil, yo segu\u00eda con mis juguetes. Pero todo cambi\u00f3 cuando ten\u00eda once a\u00f1os: empezaba a aburrirme cuando jugaba, y solo quer\u00eda estar con un m\u00f3vil o un ordenador.<\/span><\/p>\n<p><span style=\"color: #000000\">Hace aproximadamente tres a\u00f1os y medio, yo ya ten\u00eda un m\u00f3vil con acceso a las redes sociales por las que me comunicaba con mis amigos. \u00a0Empec\u00e9 a \u201cviciarme\u201d con el m\u00f3vil, y no hac\u00eda otra cosa: me pasaba todo el d\u00eda con \u00e9l.<\/span><\/p>\n<p><span style=\"color: #000000\">A consecuencia de esta adicci\u00f3n, dej\u00e9 de estudiar, y ah\u00ed empez\u00f3 mi problema en el instituto. Mis padres se dieron cuenta y enseguida pusieron l\u00edmite a la situaci\u00f3n: me quitaron el m\u00f3vil. Al principio, yo no sab\u00eda qu\u00e9 hacer, y entonces comenc\u00e9 a leer y a hacer otras cosas para entretenerme. Los primeros d\u00edas era raro, pero cuando pas\u00f3 el tiempo me acostumbr\u00e9.<\/span><\/p>\n<p><span style=\"color: #000000\">Ahora vuelvo a tener m\u00f3vil, aunque no puedo disponer de \u00e9l todos los d\u00edas, solo los fines de semana. Pero, cuando no lo tengo, mi vida es normal y no echo en falta el m\u00f3vil, ya que tambi\u00e9n se pueden hacer muchas cosas sin \u00e9l.<\/span><\/p>\n<p>&nbsp;<\/p>\n<p style=\"text-align: right\"><span style=\"color: #008000\"><strong>B\u00e1rbara Gonz\u00e1lez Escudero \u00a0(2\u00ba ESO B)<\/strong><\/span><\/p>\n","protected":false},"excerpt":{"rendered":"<p>Mi infancia fue como la de cualquiera; era una ni\u00f1a que disfrutaba jugando con cualquier cosa, que pod\u00eda estar jugando mucho tiempo al mismo juego sin aburrirse, etc. Sin embargo, cuando ten\u00eda nueve a\u00f1os,&#46;&#46;&#46;<\/p>\n","protected":false},"author":3,"featured_media":365,"comment_status":"open","ping_status":"open","sticky":false,"template":"","format":"standard","meta":{"jetpack_post_was_ever_published":false,"jetpack_publicize_message":"","jetpack_is_tweetstorm":false,"jetpack_publicize_feature_enabled":true,"jetpack_social_options":[]},"categories":[10],"tags":[22,28,30],"jetpack_publicize_connections":[],"jetpack_featured_media_url":"https:\/\/www.iessenara.es\/Revista\/wp-content\/uploads\/2014\/11\/M\u00f3vil.jpg","jetpack_sharing_enabled":true,"jetpack_shortlink":"https:\/\/wp.me\/p5mbkp-5S","_links":{"self":[{"href":"https:\/\/www.iessenara.es\/Revista\/index.php?rest_route=\/wp\/v2\/posts\/364"}],"collection":[{"href":"https:\/\/www.iessenara.es\/Revista\/index.php?rest_route=\/wp\/v2\/posts"}],"about":[{"href":"https:\/\/www.iessenara.es\/Revista\/index.php?rest_route=\/wp\/v2\/types\/post"}],"author":[{"embeddable":true,"href":"https:\/\/www.iessenara.es\/Revista\/index.php?rest_route=\/wp\/v2\/users\/3"}],"replies":[{"embeddable":true,"href":"https:\/\/www.iessenara.es\/Revista\/index.php?rest_route=%2Fwp%2Fv2%2Fcomments&post=364"}],"version-history":[{"count":3,"href":"https:\/\/www.iessenara.es\/Revista\/index.php?rest_route=\/wp\/v2\/posts\/364\/revisions"}],"predecessor-version":[{"id":402,"href":"https:\/\/www.iessenara.es\/Revista\/index.php?rest_route=\/wp\/v2\/posts\/364\/revisions\/402"}],"wp:featuredmedia":[{"embeddable":true,"href":"https:\/\/www.iessenara.es\/Revista\/index.php?rest_route=\/wp\/v2\/media\/365"}],"wp:attachment":[{"href":"https:\/\/www.iessenara.es\/Revista\/index.php?rest_route=%2Fwp%2Fv2%2Fmedia&parent=364"}],"wp:term":[{"taxonomy":"category","embeddable":true,"href":"https:\/\/www.iessenara.es\/Revista\/index.php?rest_route=%2Fwp%2Fv2%2Fcategories&post=364"},{"taxonomy":"post_tag","embeddable":true,"href":"https:\/\/www.iessenara.es\/Revista\/index.php?rest_route=%2Fwp%2Fv2%2Ftags&post=364"}],"curies":[{"name":"wp","href":"https:\/\/api.w.org\/{rel}","templated":true}]}}