{"id":371,"date":"2014-12-18T12:58:49","date_gmt":"2014-12-18T12:58:49","guid":{"rendered":"http:\/\/www.iessenara.es\/Revista\/?p=371"},"modified":"2015-01-09T18:36:58","modified_gmt":"2015-01-09T18:36:58","slug":"el-cambio-climatico","status":"publish","type":"post","link":"https:\/\/www.iessenara.es\/Revista\/?p=371","title":{"rendered":"El cambio clim\u00e1tico"},"content":{"rendered":"<p><span style=\"color: #000000\">Las emisiones de CO<sub>2 <\/sub>que est\u00e1 sufriendo el planeta est\u00e1n teniendo graves consecuencias para la atm\u00f3sfera y para la naturaleza en general. Los gases emitidos est\u00e1n provocando que el calor que la tierra recibe del sol no pueda escapar hacia el exterior y se quede retenido en la atm\u00f3sfera, provocando as\u00ed una subida de las temperaturas en el planeta. Si no se toman medidas contra este fen\u00f3meno, llamado <em>efecto invernadero<\/em>, la flora y la fauna de todo el planeta, al igual que todo, van a sufrir graves consecuencias.<\/span><\/p>\n<p><span style=\"color: #000000\">Para evitar estos desastres, los ciudadanos podemos tomar unas medidas f\u00e1ciles de realizar y que servir\u00e1n de gran ayuda para la atm\u00f3sfera.<\/span><\/p>\n<p><span style=\"color: #000000\">En primer lugar, se puede usar el transporte p\u00fablico en vez del privado siempre que sea posible, para evitar que haya m\u00e1s veh\u00edculos en funcionamiento, que podr\u00edan provocar atascos y se emitir\u00edan grandes cantidades de CO<sub>2<\/sub>. Asimismo, podemos conducir el coche privado de una forma m\u00e1s eficiente, circulando en la marcha y en la velocidad adecuada, para reducir el consumo de combustible.<\/span><\/p>\n<p><span style=\"color: #000000\"><a style=\"color: #000000\" href=\"http:\/\/www.iessenara.es\/Revista\/wp-content\/uploads\/2014\/12\/h6039_a.jpg\"><img decoding=\"async\" loading=\"lazy\" class=\"alignright size-medium wp-image-375\" src=\"http:\/\/www.iessenara.es\/Revista\/wp-content\/uploads\/2014\/12\/h6039_a-300x199.jpg\" alt=\"h6039_a\" width=\"300\" height=\"199\" srcset=\"https:\/\/www.iessenara.es\/Revista\/wp-content\/uploads\/2014\/12\/h6039_a-300x199.jpg 300w, https:\/\/www.iessenara.es\/Revista\/wp-content\/uploads\/2014\/12\/h6039_a-1024x679.jpg 1024w, https:\/\/www.iessenara.es\/Revista\/wp-content\/uploads\/2014\/12\/h6039_a.jpg 2048w\" sizes=\"(max-width: 300px) 100vw, 300px\" \/><\/a><\/span><\/p>\n<p><span style=\"color: #000000\">Tambi\u00e9n se pueden cambiar las bombillas tradicionales por bombillas de bajo consumo, que consumen el 60% menos de electricidad.<\/span><\/p>\n<p><span style=\"color: #000000\">Todos los ciudadanos deber\u00edamos plantar todos los \u00e1rboles que sea posible, para que ayuden a reducir el di\u00f3xido de carbono que hay en la atm\u00f3sfera.<\/span><\/p>\n<p><span style=\"color: #000000\">Otra soluci\u00f3n f\u00e1cil es comprar los alimentos frescos, ya que al congelar los alimentos se consume una mayor cantidad de energ\u00eda.<\/span><\/p>\n<p><span style=\"color: #000000\">A la hora de hacer las cosas diarias en casa, tambi\u00e9n se pueden adoptar formas de ahorrar energ\u00eda y reducir las emisiones de di\u00f3xido de carbono: evitar el excesivo uso de agua caliente, instalando duchas de tel\u00e9fono de baja presi\u00f3n, y lavar la ropa con agua fr\u00eda o con agua tibia. Y, a la hora de hacer la compra, deber\u00edamos comprar productos envasados, para reducir el gasto de pl\u00e1stico y la producci\u00f3n de basura personal.<\/span><\/p>\n<p><span style=\"color: #000000\">Estas son algunas de las acciones que cualquier ciudadano puede realizar por el bien suyo, por el del planeta y por el de todos. Con un poco de esfuerzo se pueden conseguir grandes cosas entre todos, y mantener limpio y sano nuestro planeta para que las futuras generaciones puedan disfrutarlo, al igual que lo hemos hecho todos nosotros.<\/span><\/p>\n<p><span style=\"color: #000000\">Mantener el planeta limpio no cuesta tanto.<\/span><\/p>\n<p>&nbsp;<\/p>\n<p style=\"text-align: right\"><span style=\"color: #ff0000\"><strong>Samuel Monsalvo Paz \u00a0(4\u00ba de ESO A)<\/strong><\/span><\/p>\n<p style=\"text-align: right\">\n","protected":false},"excerpt":{"rendered":"<p>Las emisiones de CO2 que est\u00e1 sufriendo el planeta est\u00e1n teniendo graves consecuencias para la atm\u00f3sfera y para la naturaleza en general. Los gases emitidos est\u00e1n provocando que el calor que la tierra recibe&#46;&#46;&#46;<\/p>\n","protected":false},"author":3,"featured_media":375,"comment_status":"open","ping_status":"open","sticky":false,"template":"","format":"standard","meta":{"jetpack_post_was_ever_published":false,"jetpack_publicize_message":"","jetpack_is_tweetstorm":false,"jetpack_publicize_feature_enabled":true,"jetpack_social_options":[]},"categories":[10,7,8],"tags":[26,22,28,30],"jetpack_publicize_connections":[],"jetpack_featured_media_url":"https:\/\/www.iessenara.es\/Revista\/wp-content\/uploads\/2014\/12\/h6039_a.jpg","jetpack_sharing_enabled":true,"jetpack_shortlink":"https:\/\/wp.me\/p5mbkp-5Z","_links":{"self":[{"href":"https:\/\/www.iessenara.es\/Revista\/index.php?rest_route=\/wp\/v2\/posts\/371"}],"collection":[{"href":"https:\/\/www.iessenara.es\/Revista\/index.php?rest_route=\/wp\/v2\/posts"}],"about":[{"href":"https:\/\/www.iessenara.es\/Revista\/index.php?rest_route=\/wp\/v2\/types\/post"}],"author":[{"embeddable":true,"href":"https:\/\/www.iessenara.es\/Revista\/index.php?rest_route=\/wp\/v2\/users\/3"}],"replies":[{"embeddable":true,"href":"https:\/\/www.iessenara.es\/Revista\/index.php?rest_route=%2Fwp%2Fv2%2Fcomments&post=371"}],"version-history":[{"count":5,"href":"https:\/\/www.iessenara.es\/Revista\/index.php?rest_route=\/wp\/v2\/posts\/371\/revisions"}],"predecessor-version":[{"id":401,"href":"https:\/\/www.iessenara.es\/Revista\/index.php?rest_route=\/wp\/v2\/posts\/371\/revisions\/401"}],"wp:featuredmedia":[{"embeddable":true,"href":"https:\/\/www.iessenara.es\/Revista\/index.php?rest_route=\/wp\/v2\/media\/375"}],"wp:attachment":[{"href":"https:\/\/www.iessenara.es\/Revista\/index.php?rest_route=%2Fwp%2Fv2%2Fmedia&parent=371"}],"wp:term":[{"taxonomy":"category","embeddable":true,"href":"https:\/\/www.iessenara.es\/Revista\/index.php?rest_route=%2Fwp%2Fv2%2Fcategories&post=371"},{"taxonomy":"post_tag","embeddable":true,"href":"https:\/\/www.iessenara.es\/Revista\/index.php?rest_route=%2Fwp%2Fv2%2Ftags&post=371"}],"curies":[{"name":"wp","href":"https:\/\/api.w.org\/{rel}","templated":true}]}}