{"id":3716,"date":"2023-02-12T10:06:59","date_gmt":"2023-02-12T09:06:59","guid":{"rendered":"http:\/\/www.iessenara.es\/Revista\/?p=3716"},"modified":"2023-02-12T10:07:00","modified_gmt":"2023-02-12T09:07:00","slug":"bautismos-blancos","status":"publish","type":"post","link":"https:\/\/www.iessenara.es\/Revista\/?p=3716","title":{"rendered":"Bautismos blancos"},"content":{"rendered":"\n<p>MOIS\u00c9S MU\u00d1OZ DEL ARCO, jefe del Dpto. de Educaci\u00f3n F\u00edsica<\/p>\n\n\n\n<p>Durante los pasados 6 y 7 de febrero, algunos alumnos de 1.\u00ba de ESO A, B y C participaron en el programa \u201cBautismos Blancos\u201d que la Diputaci\u00f3n Provincial de Salamanca ofrece cada a\u00f1o a los centros escolares de la provincia.<\/p>\n\n\n\n<p>A las 07:15h del lunes 6 de febrero, 15 alumnos del IES Senara salieron de Babilafuente en direcci\u00f3n a la estaci\u00f3n de esqu\u00ed \u201cSierra de B\u00e9jar \u2013 La Covatilla\u201d. Una vez all\u00ed, y tras recoger el material, los monitores de la estaci\u00f3n organizaron a los alumnos de los diferentes centros asistentes en grupos por niveles.<\/p>\n\n\n\n<p>Para la mayor\u00eda de nuestros alumnos era su primera experiencia esquiando y, tras familiarizarse con el equipo y recibir unas pautas t\u00e9cnicas b\u00e1sicas, acabaron todos la primera jornada descendiendo, con mayor o menor \u00e9xito, por las pistas disponibles en La Covatilla.<\/p>\n\n\n\n<p>Despu\u00e9s de comer en el restaurante de la estaci\u00f3n, los alumnos recibieron una segunda clase y, ya por la tarde, partieron hacia el albergue de Llano Alto. Tras ducharse y cambiarse de ropa, los chicos pudieron bajar a disfrutar del resto de la tarde en B\u00e9jar.<\/p>\n\n\n\n<p>El martes la jornada transcurri\u00f3 de forma similar. Los chicos ten\u00edan programadas dos clases de esqu\u00ed, una antes y otra despu\u00e9s de comer. Al finalizar la \u00faltima clase, y despu\u00e9s de devolver todo el equipo de esqu\u00ed, se entreg\u00f3 a todos los alumnos un diploma donde se acreditaba haber recibido un total de 6 horas de formaci\u00f3n y el nivel de esqu\u00ed adquirido por cada uno, as\u00ed como una foto de recuerdo de su participaci\u00f3n en estas jornadas.<\/p>\n\n\n\n<div class=\"wp-block-jetpack-slideshow aligncenter\" data-effect=\"slide\"><div class=\"wp-block-jetpack-slideshow_container swiper-container\"><ul class=\"wp-block-jetpack-slideshow_swiper-wrapper swiper-wrapper\"><li class=\"wp-block-jetpack-slideshow_slide swiper-slide\"><figure><img decoding=\"async\" loading=\"lazy\" width=\"1024\" height=\"768\" alt=\"\" class=\"wp-block-jetpack-slideshow_image wp-image-3717\" data-id=\"3717\" src=\"http:\/\/www.iessenara.es\/Revista\/wp-content\/uploads\/2023\/02\/bautismos-blancos-7-1024x768.jpg\" srcset=\"https:\/\/www.iessenara.es\/Revista\/wp-content\/uploads\/2023\/02\/bautismos-blancos-7-1024x768.jpg 1024w, https:\/\/www.iessenara.es\/Revista\/wp-content\/uploads\/2023\/02\/bautismos-blancos-7-300x225.jpg 300w, https:\/\/www.iessenara.es\/Revista\/wp-content\/uploads\/2023\/02\/bautismos-blancos-7-768x576.jpg 768w, https:\/\/www.iessenara.es\/Revista\/wp-content\/uploads\/2023\/02\/bautismos-blancos-7-1536x1152.jpg 1536w, https:\/\/www.iessenara.es\/Revista\/wp-content\/uploads\/2023\/02\/bautismos-blancos-7-2048x1536.jpg 2048w\" sizes=\"(max-width: 1024px) 100vw, 1024px\" \/><\/figure><\/li><li class=\"wp-block-jetpack-slideshow_slide swiper-slide\"><figure><img decoding=\"async\" loading=\"lazy\" width=\"1024\" height=\"768\" alt=\"\" class=\"wp-block-jetpack-slideshow_image wp-image-3726\" data-id=\"3726\" src=\"http:\/\/www.iessenara.es\/Revista\/wp-content\/uploads\/2023\/02\/bautismos-blancos-3-2-1024x768.jpg\" srcset=\"https:\/\/www.iessenara.es\/Revista\/wp-content\/uploads\/2023\/02\/bautismos-blancos-3-2-1024x768.jpg 1024w, https:\/\/www.iessenara.es\/Revista\/wp-content\/uploads\/2023\/02\/bautismos-blancos-3-2-300x225.jpg 300w, https:\/\/www.iessenara.es\/Revista\/wp-content\/uploads\/2023\/02\/bautismos-blancos-3-2-768x576.jpg 768w, https:\/\/www.iessenara.es\/Revista\/wp-content\/uploads\/2023\/02\/bautismos-blancos-3-2-1536x1152.jpg 1536w, https:\/\/www.iessenara.es\/Revista\/wp-content\/uploads\/2023\/02\/bautismos-blancos-3-2-2048x1536.jpg 2048w\" sizes=\"(max-width: 1024px) 100vw, 1024px\" \/><\/figure><\/li><li class=\"wp-block-jetpack-slideshow_slide swiper-slide\"><figure><img decoding=\"async\" loading=\"lazy\" width=\"768\" height=\"1024\" alt=\"\" class=\"wp-block-jetpack-slideshow_image wp-image-3719\" data-id=\"3719\" src=\"http:\/\/www.iessenara.es\/Revista\/wp-content\/uploads\/2023\/02\/bautismos-blancos-1-768x1024.jpg\" srcset=\"https:\/\/www.iessenara.es\/Revista\/wp-content\/uploads\/2023\/02\/bautismos-blancos-1-768x1024.jpg 768w, https:\/\/www.iessenara.es\/Revista\/wp-content\/uploads\/2023\/02\/bautismos-blancos-1-225x300.jpg 225w, https:\/\/www.iessenara.es\/Revista\/wp-content\/uploads\/2023\/02\/bautismos-blancos-1-1152x1536.jpg 1152w, https:\/\/www.iessenara.es\/Revista\/wp-content\/uploads\/2023\/02\/bautismos-blancos-1-1536x2048.jpg 1536w, https:\/\/www.iessenara.es\/Revista\/wp-content\/uploads\/2023\/02\/bautismos-blancos-1-scaled.jpg 1920w\" sizes=\"(max-width: 768px) 100vw, 768px\" \/><\/figure><\/li><li class=\"wp-block-jetpack-slideshow_slide swiper-slide\"><figure><img decoding=\"async\" loading=\"lazy\" width=\"1024\" height=\"768\" alt=\"\" class=\"wp-block-jetpack-slideshow_image wp-image-3720\" data-id=\"3720\" src=\"http:\/\/www.iessenara.es\/Revista\/wp-content\/uploads\/2023\/02\/bautismos-blancos-2-1024x768.jpg\" srcset=\"https:\/\/www.iessenara.es\/Revista\/wp-content\/uploads\/2023\/02\/bautismos-blancos-2-1024x768.jpg 1024w, https:\/\/www.iessenara.es\/Revista\/wp-content\/uploads\/2023\/02\/bautismos-blancos-2-300x225.jpg 300w, https:\/\/www.iessenara.es\/Revista\/wp-content\/uploads\/2023\/02\/bautismos-blancos-2-768x576.jpg 768w, https:\/\/www.iessenara.es\/Revista\/wp-content\/uploads\/2023\/02\/bautismos-blancos-2-1536x1152.jpg 1536w, https:\/\/www.iessenara.es\/Revista\/wp-content\/uploads\/2023\/02\/bautismos-blancos-2-2048x1536.jpg 2048w\" sizes=\"(max-width: 1024px) 100vw, 1024px\" \/><\/figure><\/li><li class=\"wp-block-jetpack-slideshow_slide swiper-slide\"><figure><img decoding=\"async\" loading=\"lazy\" width=\"1024\" height=\"768\" alt=\"\" class=\"wp-block-jetpack-slideshow_image wp-image-3723\" data-id=\"3723\" src=\"http:\/\/www.iessenara.es\/Revista\/wp-content\/uploads\/2023\/02\/bautismos-blancos-6-1024x768.jpg\" srcset=\"https:\/\/www.iessenara.es\/Revista\/wp-content\/uploads\/2023\/02\/bautismos-blancos-6-1024x768.jpg 1024w, https:\/\/www.iessenara.es\/Revista\/wp-content\/uploads\/2023\/02\/bautismos-blancos-6-300x225.jpg 300w, https:\/\/www.iessenara.es\/Revista\/wp-content\/uploads\/2023\/02\/bautismos-blancos-6-768x576.jpg 768w, https:\/\/www.iessenara.es\/Revista\/wp-content\/uploads\/2023\/02\/bautismos-blancos-6-1536x1152.jpg 1536w, https:\/\/www.iessenara.es\/Revista\/wp-content\/uploads\/2023\/02\/bautismos-blancos-6-2048x1536.jpg 2048w\" sizes=\"(max-width: 1024px) 100vw, 1024px\" \/><\/figure><\/li><li class=\"wp-block-jetpack-slideshow_slide swiper-slide\"><figure><img decoding=\"async\" loading=\"lazy\" width=\"1024\" height=\"768\" alt=\"\" class=\"wp-block-jetpack-slideshow_image wp-image-3722\" data-id=\"3722\" src=\"http:\/\/www.iessenara.es\/Revista\/wp-content\/uploads\/2023\/02\/bautismos-blancos-5-1024x768.jpg\" srcset=\"https:\/\/www.iessenara.es\/Revista\/wp-content\/uploads\/2023\/02\/bautismos-blancos-5-1024x768.jpg 1024w, https:\/\/www.iessenara.es\/Revista\/wp-content\/uploads\/2023\/02\/bautismos-blancos-5-300x225.jpg 300w, https:\/\/www.iessenara.es\/Revista\/wp-content\/uploads\/2023\/02\/bautismos-blancos-5-768x576.jpg 768w, https:\/\/www.iessenara.es\/Revista\/wp-content\/uploads\/2023\/02\/bautismos-blancos-5-1536x1152.jpg 1536w, https:\/\/www.iessenara.es\/Revista\/wp-content\/uploads\/2023\/02\/bautismos-blancos-5-2048x1536.jpg 2048w\" sizes=\"(max-width: 1024px) 100vw, 1024px\" \/><\/figure><\/li><li class=\"wp-block-jetpack-slideshow_slide swiper-slide\"><figure><img decoding=\"async\" loading=\"lazy\" width=\"1024\" height=\"768\" alt=\"\" class=\"wp-block-jetpack-slideshow_image wp-image-3721\" data-id=\"3721\" src=\"http:\/\/www.iessenara.es\/Revista\/wp-content\/uploads\/2023\/02\/bautismos-blancos-4-1024x768.jpg\" srcset=\"https:\/\/www.iessenara.es\/Revista\/wp-content\/uploads\/2023\/02\/bautismos-blancos-4-1024x768.jpg 1024w, https:\/\/www.iessenara.es\/Revista\/wp-content\/uploads\/2023\/02\/bautismos-blancos-4-300x225.jpg 300w, https:\/\/www.iessenara.es\/Revista\/wp-content\/uploads\/2023\/02\/bautismos-blancos-4-768x576.jpg 768w, https:\/\/www.iessenara.es\/Revista\/wp-content\/uploads\/2023\/02\/bautismos-blancos-4-1536x1152.jpg 1536w, https:\/\/www.iessenara.es\/Revista\/wp-content\/uploads\/2023\/02\/bautismos-blancos-4-2048x1536.jpg 2048w\" sizes=\"(max-width: 1024px) 100vw, 1024px\" \/><\/figure><\/li><\/ul><a class=\"wp-block-jetpack-slideshow_button-prev swiper-button-prev swiper-button-white\" role=\"button\"><\/a><a class=\"wp-block-jetpack-slideshow_button-next swiper-button-next swiper-button-white\" role=\"button\"><\/a><a aria-label=\"Pause Slideshow\" class=\"wp-block-jetpack-slideshow_button-pause\" role=\"button\"><\/a><div class=\"wp-block-jetpack-slideshow_pagination swiper-pagination swiper-pagination-white\"><\/div><\/div><\/div>\n","protected":false},"excerpt":{"rendered":"<p>MOIS\u00c9S MU\u00d1OZ DEL ARCO, jefe del Dpto. de Educaci\u00f3n F\u00edsica Durante los pasados 6 y 7 de febrero, algunos alumnos de 1.\u00ba de ESO A, B y C participaron en el programa \u201cBautismos Blancos\u201d&#46;&#46;&#46;<\/p>\n","protected":false},"author":3,"featured_media":3717,"comment_status":"open","ping_status":"open","sticky":false,"template":"","format":"standard","meta":{"jetpack_post_was_ever_published":false,"jetpack_publicize_message":"","jetpack_is_tweetstorm":false,"jetpack_publicize_feature_enabled":true,"jetpack_social_options":[]},"categories":[6,13],"tags":[351,350,29,148,349],"jetpack_publicize_connections":[],"jetpack_featured_media_url":"https:\/\/www.iessenara.es\/Revista\/wp-content\/uploads\/2023\/02\/bautismos-blancos-7-scaled.jpg","jetpack_sharing_enabled":true,"jetpack_shortlink":"https:\/\/wp.me\/p5mbkp-XW","_links":{"self":[{"href":"https:\/\/www.iessenara.es\/Revista\/index.php?rest_route=\/wp\/v2\/posts\/3716"}],"collection":[{"href":"https:\/\/www.iessenara.es\/Revista\/index.php?rest_route=\/wp\/v2\/posts"}],"about":[{"href":"https:\/\/www.iessenara.es\/Revista\/index.php?rest_route=\/wp\/v2\/types\/post"}],"author":[{"embeddable":true,"href":"https:\/\/www.iessenara.es\/Revista\/index.php?rest_route=\/wp\/v2\/users\/3"}],"replies":[{"embeddable":true,"href":"https:\/\/www.iessenara.es\/Revista\/index.php?rest_route=%2Fwp%2Fv2%2Fcomments&post=3716"}],"version-history":[{"count":3,"href":"https:\/\/www.iessenara.es\/Revista\/index.php?rest_route=\/wp\/v2\/posts\/3716\/revisions"}],"predecessor-version":[{"id":3728,"href":"https:\/\/www.iessenara.es\/Revista\/index.php?rest_route=\/wp\/v2\/posts\/3716\/revisions\/3728"}],"wp:featuredmedia":[{"embeddable":true,"href":"https:\/\/www.iessenara.es\/Revista\/index.php?rest_route=\/wp\/v2\/media\/3717"}],"wp:attachment":[{"href":"https:\/\/www.iessenara.es\/Revista\/index.php?rest_route=%2Fwp%2Fv2%2Fmedia&parent=3716"}],"wp:term":[{"taxonomy":"category","embeddable":true,"href":"https:\/\/www.iessenara.es\/Revista\/index.php?rest_route=%2Fwp%2Fv2%2Fcategories&post=3716"},{"taxonomy":"post_tag","embeddable":true,"href":"https:\/\/www.iessenara.es\/Revista\/index.php?rest_route=%2Fwp%2Fv2%2Ftags&post=3716"}],"curies":[{"name":"wp","href":"https:\/\/api.w.org\/{rel}","templated":true}]}}