{"id":3730,"date":"2023-02-22T11:00:52","date_gmt":"2023-02-22T10:00:52","guid":{"rendered":"http:\/\/www.iessenara.es\/Revista\/?p=3730"},"modified":"2023-02-22T18:28:01","modified_gmt":"2023-02-22T17:28:01","slug":"campana-de-recogida-de-residuos-de-aparatos-electricos-y-electronicos","status":"publish","type":"post","link":"https:\/\/www.iessenara.es\/Revista\/?p=3730","title":{"rendered":"Campa\u00f1a de recogida de residuos de aparatos el\u00e9ctricos y electr\u00f3nicos"},"content":{"rendered":"\n<p>El 22 de febrero del presente, los alumnos y alumnas de 1.\u00ba y 2.\u00ba de E.S.O. participaron en una charla-taller sobre el reciclaje de residuos de aparatos el\u00e9ctricos y electr\u00f3nicos (RAEE), dentro del programa <a href=\"https:\/\/otrofinalesposible.org\/\">\u201cOtro final es posible\u201d<\/a>. En este taller se trabajaron los siguientes contenidos: qu\u00e9 son los RAEE, buenas pr\u00e1cticas sobre los RAEE, el reciclaje de los RAEE, econom\u00eda circular de los RAEE, problemas del mal uso en la cadena de reciclaje de los RAEE y el papel del consumidor en los RAEE.<\/p>\n\n\n<div class=\"wp-block-image\">\n<figure class=\"alignleft size-full is-resized\"><a href=\"http:\/\/www.iessenara.es\/Revista\/wp-content\/uploads\/2023\/02\/Otro-final-es-posible.jpg\"><img decoding=\"async\" loading=\"lazy\" src=\"http:\/\/www.iessenara.es\/Revista\/wp-content\/uploads\/2023\/02\/Otro-final-es-posible.jpg\" alt=\"\" class=\"wp-image-3732\" width=\"273\" height=\"110\" srcset=\"https:\/\/www.iessenara.es\/Revista\/wp-content\/uploads\/2023\/02\/Otro-final-es-posible.jpg 364w, https:\/\/www.iessenara.es\/Revista\/wp-content\/uploads\/2023\/02\/Otro-final-es-posible-300x121.jpg 300w\" sizes=\"(max-width: 273px) 100vw, 273px\" \/><\/a><figcaption class=\"wp-element-caption\"><a href=\"https:\/\/otrofinalesposible.org\/\" target=\"_blank\" rel=\"noreferrer noopener\">https:\/\/otrofinalesposible.org\/<\/a><\/figcaption><\/figure><\/div>\n\n\n<p>El programa \u201cOtro final es posible\u201d es una iniciativa de la Consejer\u00eda de Educaci\u00f3n y la Consejer\u00eda de Medio Ambiente, Vivienda y Ordenaci\u00f3n del Territorio de la Junta de Castilla y Le\u00f3n. El objetivo del programa es contribuir a la educaci\u00f3n en valores de los escolares, acerc\u00e1ndoles conceptos fundamentales como el respeto al medio ambiente, la sostenibilidad o la econom\u00eda circular, a trav\u00e9s del reciclaje de los residuos de aparatos el\u00e9ctricos y electr\u00f3nicos.<\/p>\n\n\n\n<p><\/p>\n\n\n\n<p><\/p>\n\n\n\n<p><\/p>\n\n\n\n<p>Finalizado el taller se han colocado en el hall de entrada del centro varios contenedores para la recogida de residuos de aparatos el\u00e9ctricos y electr\u00f3nicos (RAEE). Estos contenedores estar\u00e1n en el centro hasta el d\u00eda 23 de marzo de 2023. Os invitamos a todos los miembros de la comunidad educativa a participar en esta campa\u00f1a de recogida y traig\u00e1is aquellos RAEE que teng\u00e1is en vuestras casas. <\/p>\n\n\n\n<div class=\"wp-block-jetpack-slideshow aligncenter\" data-effect=\"slide\"><div class=\"wp-block-jetpack-slideshow_container swiper-container\"><ul class=\"wp-block-jetpack-slideshow_swiper-wrapper swiper-wrapper\"><li class=\"wp-block-jetpack-slideshow_slide swiper-slide\"><figure><img decoding=\"async\" loading=\"lazy\" width=\"1024\" height=\"768\" alt=\"\" class=\"wp-block-jetpack-slideshow_image wp-image-3744\" data-id=\"3744\" src=\"http:\/\/www.iessenara.es\/Revista\/wp-content\/uploads\/2023\/02\/1677059229102-1024x768.jpg\" srcset=\"https:\/\/www.iessenara.es\/Revista\/wp-content\/uploads\/2023\/02\/1677059229102-1024x768.jpg 1024w, https:\/\/www.iessenara.es\/Revista\/wp-content\/uploads\/2023\/02\/1677059229102-300x225.jpg 300w, https:\/\/www.iessenara.es\/Revista\/wp-content\/uploads\/2023\/02\/1677059229102-768x576.jpg 768w, https:\/\/www.iessenara.es\/Revista\/wp-content\/uploads\/2023\/02\/1677059229102-1536x1152.jpg 1536w, https:\/\/www.iessenara.es\/Revista\/wp-content\/uploads\/2023\/02\/1677059229102-2048x1536.jpg 2048w\" sizes=\"(max-width: 1024px) 100vw, 1024px\" \/><\/figure><\/li><li class=\"wp-block-jetpack-slideshow_slide swiper-slide\"><figure><img decoding=\"async\" loading=\"lazy\" width=\"1024\" height=\"768\" alt=\"\" class=\"wp-block-jetpack-slideshow_image wp-image-3745\" data-id=\"3745\" src=\"http:\/\/www.iessenara.es\/Revista\/wp-content\/uploads\/2023\/02\/1677059229151-1024x768.jpg\" srcset=\"https:\/\/www.iessenara.es\/Revista\/wp-content\/uploads\/2023\/02\/1677059229151-1024x768.jpg 1024w, https:\/\/www.iessenara.es\/Revista\/wp-content\/uploads\/2023\/02\/1677059229151-300x225.jpg 300w, https:\/\/www.iessenara.es\/Revista\/wp-content\/uploads\/2023\/02\/1677059229151-768x576.jpg 768w, https:\/\/www.iessenara.es\/Revista\/wp-content\/uploads\/2023\/02\/1677059229151-1536x1152.jpg 1536w, https:\/\/www.iessenara.es\/Revista\/wp-content\/uploads\/2023\/02\/1677059229151-2048x1536.jpg 2048w\" sizes=\"(max-width: 1024px) 100vw, 1024px\" \/><\/figure><\/li><li class=\"wp-block-jetpack-slideshow_slide swiper-slide\"><figure><img decoding=\"async\" loading=\"lazy\" width=\"1024\" height=\"768\" alt=\"\" class=\"wp-block-jetpack-slideshow_image wp-image-3748\" data-id=\"3748\" src=\"http:\/\/www.iessenara.es\/Revista\/wp-content\/uploads\/2023\/02\/20230222_121141-1024x768.jpg\" srcset=\"https:\/\/www.iessenara.es\/Revista\/wp-content\/uploads\/2023\/02\/20230222_121141-1024x768.jpg 1024w, https:\/\/www.iessenara.es\/Revista\/wp-content\/uploads\/2023\/02\/20230222_121141-300x225.jpg 300w, https:\/\/www.iessenara.es\/Revista\/wp-content\/uploads\/2023\/02\/20230222_121141-768x576.jpg 768w, https:\/\/www.iessenara.es\/Revista\/wp-content\/uploads\/2023\/02\/20230222_121141-1536x1152.jpg 1536w, https:\/\/www.iessenara.es\/Revista\/wp-content\/uploads\/2023\/02\/20230222_121141-2048x1536.jpg 2048w\" sizes=\"(max-width: 1024px) 100vw, 1024px\" \/><\/figure><\/li><li class=\"wp-block-jetpack-slideshow_slide swiper-slide\"><figure><img decoding=\"async\" loading=\"lazy\" width=\"1024\" height=\"768\" alt=\"\" class=\"wp-block-jetpack-slideshow_image wp-image-3749\" data-id=\"3749\" src=\"http:\/\/www.iessenara.es\/Revista\/wp-content\/uploads\/2023\/02\/20230222_120940-1024x768.jpg\" srcset=\"https:\/\/www.iessenara.es\/Revista\/wp-content\/uploads\/2023\/02\/20230222_120940-1024x768.jpg 1024w, https:\/\/www.iessenara.es\/Revista\/wp-content\/uploads\/2023\/02\/20230222_120940-300x225.jpg 300w, https:\/\/www.iessenara.es\/Revista\/wp-content\/uploads\/2023\/02\/20230222_120940-768x576.jpg 768w, https:\/\/www.iessenara.es\/Revista\/wp-content\/uploads\/2023\/02\/20230222_120940-1536x1152.jpg 1536w, https:\/\/www.iessenara.es\/Revista\/wp-content\/uploads\/2023\/02\/20230222_120940-2048x1536.jpg 2048w\" sizes=\"(max-width: 1024px) 100vw, 1024px\" \/><\/figure><\/li><li class=\"wp-block-jetpack-slideshow_slide swiper-slide\"><figure><img decoding=\"async\" loading=\"lazy\" width=\"1024\" height=\"768\" alt=\"\" class=\"wp-block-jetpack-slideshow_image wp-image-3752\" data-id=\"3752\" src=\"http:\/\/www.iessenara.es\/Revista\/wp-content\/uploads\/2023\/02\/1677086560357-1024x768.jpg\" srcset=\"https:\/\/www.iessenara.es\/Revista\/wp-content\/uploads\/2023\/02\/1677086560357-1024x768.jpg 1024w, https:\/\/www.iessenara.es\/Revista\/wp-content\/uploads\/2023\/02\/1677086560357-300x225.jpg 300w, https:\/\/www.iessenara.es\/Revista\/wp-content\/uploads\/2023\/02\/1677086560357-768x576.jpg 768w, https:\/\/www.iessenara.es\/Revista\/wp-content\/uploads\/2023\/02\/1677086560357-1536x1152.jpg 1536w, https:\/\/www.iessenara.es\/Revista\/wp-content\/uploads\/2023\/02\/1677086560357-2048x1536.jpg 2048w\" sizes=\"(max-width: 1024px) 100vw, 1024px\" \/><\/figure><\/li><\/ul><a class=\"wp-block-jetpack-slideshow_button-prev swiper-button-prev swiper-button-white\" role=\"button\"><\/a><a class=\"wp-block-jetpack-slideshow_button-next swiper-button-next swiper-button-white\" role=\"button\"><\/a><a aria-label=\"Pause Slideshow\" class=\"wp-block-jetpack-slideshow_button-pause\" role=\"button\"><\/a><div class=\"wp-block-jetpack-slideshow_pagination swiper-pagination swiper-pagination-white\"><\/div><\/div><\/div>\n\n\n<div class=\"wp-block-image\">\n<figure class=\"alignleft size-full is-resized\"><a href=\"http:\/\/www.iessenara.es\/Revista\/wp-content\/uploads\/2023\/02\/Centro-educativo-sostenible.jpg\"><img decoding=\"async\" loading=\"lazy\" src=\"http:\/\/www.iessenara.es\/Revista\/wp-content\/uploads\/2023\/02\/Centro-educativo-sostenible.jpg\" alt=\"\" class=\"wp-image-3736\" width=\"154\" height=\"179\" \/><\/a><\/figure><\/div>\n\n\n<p>Al finalizar el programa \u201cOtro final es posible\u201d se otorgar\u00e1n premios econ\u00f3micos a los 3 centros educativos de entre todos los participantes que hayan recogido m\u00e1s RAEE (para ello se tendr\u00e1n en cuenta los Kg de RAEE recogidos y se dividir\u00e1n entre el n\u00famero de alumnos del centro) durante el tiempo que dure la campa\u00f1a de recogida.<\/p>\n\n\n\n<p>Los premios consistir\u00e1n en: primer premio (cheque por valor de 2.000 \u20ac), segundo premio (cheque por valor de 1.500 \u20ac) y tercer premio (cheque por valor de 1.000 \u20ac). El importe de los premios deber\u00e1 ser destinado \u00edntegramente a la adquisici\u00f3n de material escolar.<\/p>\n\n\n\n<p>Los <strong>residuos aceptados<\/strong> son los siguientes:<\/p>\n\n\n\n<ul>\n<li>Peque\u00f1o aparato electrodom\u00e9stico: minipimer, batidora, exprimidor de zumo, plancha, tostadora, freidora, molinillo de caf\u00e9, cafetera, secador de pelo, m\u00e1quina de afeitar, reloj de pared o de pulsera, balanza\u2026<\/li>\n\n\n\n<li>Electr\u00f3nica de consumo: auriculares, reproductor mp3, discman, altavoces, minicadena, radio, cargador de bater\u00eda, micr\u00f3fono, linterna, mando a distancia, reproductor de v\u00eddeo o DVD, calculadora, instrumentos musicales el\u00e9ctricos.<\/li>\n\n\n\n<li>Inform\u00e1tica y tecnolog\u00eda: ordenador port\u00e1til, pantalla de ordenador, tel\u00e9fono fijo o inal\u00e1mbrico, tel\u00e9fono m\u00f3vil, tableta, libro electr\u00f3nico (ebook), rat\u00f3n o teclado del ordenador. Impresora, ordenador de mesa, televisi\u00f3n\u2026 siempre y cuando quepan dentro de los contenedores.<\/li>\n\n\n\n<li>Otros: herramientas y juguetes el\u00e9ctricos.<\/li>\n<\/ul>\n\n\n\n<p>Los <strong>residuos no aceptados<\/strong> son los siguientes:<\/p>\n\n\n\n<ul>\n<li>Aparatos de grandes dimensiones (no caben dentro del contenedor), bombillas, fluorescentes, discos de CD o DVD y pilas o bater\u00edas.<\/li>\n<\/ul>\n\n\n\n<p>Muchas gracias por vuestra participaci\u00f3n.<\/p>\n\n\n<div class=\"wp-block-image\">\n<figure class=\"aligncenter size-full is-resized\"><a href=\"http:\/\/www.iessenara.es\/Revista\/wp-content\/uploads\/2023\/02\/RAEE.jpg\"><img decoding=\"async\" loading=\"lazy\" src=\"http:\/\/www.iessenara.es\/Revista\/wp-content\/uploads\/2023\/02\/RAEE.jpg\" alt=\"\" class=\"wp-image-3739\" width=\"321\" height=\"190\" srcset=\"https:\/\/www.iessenara.es\/Revista\/wp-content\/uploads\/2023\/02\/RAEE.jpg 761w, https:\/\/www.iessenara.es\/Revista\/wp-content\/uploads\/2023\/02\/RAEE-300x177.jpg 300w\" sizes=\"(max-width: 321px) 100vw, 321px\" \/><\/a><figcaption class=\"wp-element-caption\">      Residuos de aparatos el\u00e9ctricos y electr\u00f3nicos (RAEE)<\/figcaption><\/figure><\/div>\n\n\n<figure class=\"wp-block-image\"><img alt=\"\" \/><\/figure>\n","protected":false},"excerpt":{"rendered":"<p>El 22 de febrero del presente, los alumnos y alumnas de 1.\u00ba y 2.\u00ba de E.S.O. participaron en una charla-taller sobre el reciclaje de residuos de aparatos el\u00e9ctricos y electr\u00f3nicos (RAEE), dentro del programa&#46;&#46;&#46;<\/p>\n","protected":false},"author":3,"featured_media":3747,"comment_status":"open","ping_status":"open","sticky":false,"template":"","format":"standard","meta":{"jetpack_post_was_ever_published":false,"jetpack_publicize_message":"","jetpack_is_tweetstorm":false,"jetpack_publicize_feature_enabled":true,"jetpack_social_options":[]},"categories":[8],"tags":[354,353,352,146,355],"jetpack_publicize_connections":[],"jetpack_featured_media_url":"https:\/\/www.iessenara.es\/Revista\/wp-content\/uploads\/2023\/02\/imagen-16_9-otro-final-es-posible-scaled.jpg","jetpack_sharing_enabled":true,"jetpack_shortlink":"https:\/\/wp.me\/p5mbkp-Ya","_links":{"self":[{"href":"https:\/\/www.iessenara.es\/Revista\/index.php?rest_route=\/wp\/v2\/posts\/3730"}],"collection":[{"href":"https:\/\/www.iessenara.es\/Revista\/index.php?rest_route=\/wp\/v2\/posts"}],"about":[{"href":"https:\/\/www.iessenara.es\/Revista\/index.php?rest_route=\/wp\/v2\/types\/post"}],"author":[{"embeddable":true,"href":"https:\/\/www.iessenara.es\/Revista\/index.php?rest_route=\/wp\/v2\/users\/3"}],"replies":[{"embeddable":true,"href":"https:\/\/www.iessenara.es\/Revista\/index.php?rest_route=%2Fwp%2Fv2%2Fcomments&post=3730"}],"version-history":[{"count":15,"href":"https:\/\/www.iessenara.es\/Revista\/index.php?rest_route=\/wp\/v2\/posts\/3730\/revisions"}],"predecessor-version":[{"id":3755,"href":"https:\/\/www.iessenara.es\/Revista\/index.php?rest_route=\/wp\/v2\/posts\/3730\/revisions\/3755"}],"wp:featuredmedia":[{"embeddable":true,"href":"https:\/\/www.iessenara.es\/Revista\/index.php?rest_route=\/wp\/v2\/media\/3747"}],"wp:attachment":[{"href":"https:\/\/www.iessenara.es\/Revista\/index.php?rest_route=%2Fwp%2Fv2%2Fmedia&parent=3730"}],"wp:term":[{"taxonomy":"category","embeddable":true,"href":"https:\/\/www.iessenara.es\/Revista\/index.php?rest_route=%2Fwp%2Fv2%2Fcategories&post=3730"},{"taxonomy":"post_tag","embeddable":true,"href":"https:\/\/www.iessenara.es\/Revista\/index.php?rest_route=%2Fwp%2Fv2%2Ftags&post=3730"}],"curies":[{"name":"wp","href":"https:\/\/api.w.org\/{rel}","templated":true}]}}