{"id":3784,"date":"2023-03-17T19:50:29","date_gmt":"2023-03-17T18:50:29","guid":{"rendered":"http:\/\/www.iessenara.es\/Revista\/?p=3784"},"modified":"2023-03-28T19:36:20","modified_gmt":"2023-03-28T18:36:20","slug":"carta-abierta-al-director-de-la-revista-cosas-del-senara","status":"publish","type":"post","link":"https:\/\/www.iessenara.es\/Revista\/?p=3784","title":{"rendered":"Carta abierta al director de la revista Cosas del Senara"},"content":{"rendered":"\n<p><em>Tu quoque, Magister.<\/em><\/p>\n\n\n\n<p>Al empezar a escribir estas l\u00edneas de despedida, algo que hasta hace bien poco me parec\u00eda impensable, a\u00fan recuerdo la primera vez que plasm\u00e9 mis ideas en esta revista, bajo tu batuta y tus sabios consejos. Durante alg\u00fan tiempo me diste la oportunidad de conocer de cerca el honrado oficio de periodista, aunque solo fuese de manera aficionada.<\/p>\n\n\n\n<p>Tu amor por las letras, ese que transmit\u00edas y a\u00fan transmites, no solo en las aulas, sino con cualquiera que platique contigo, nos ha servido de inspiraci\u00f3n a quienes te conocemos para encontrar nuestro camino, acad\u00e9mica y humanamente hablando.<\/p>\n\n\n\n<p>Es dif\u00edcil plasmar en pocas palabras tantos momentos que hemos compartido contigo, en los que t\u00fa nunca te limitaste, desde tu clase en las alturas del edificio del tejado azul, a ser un mero observador de la realidad que te rodeaba.<\/p>\n\n\n\n<p>Eres un claro ejemplo de trabajador infatigable y abnegado con su trabajo, en todas aquellas disciplinas en las que has sido part\u00edcipe durante los a\u00f1os de estancia en el IES Senara. Quienes hemos compartido este viaje contigo solo podemos destacar la minuciosidad de tu trabajo en el desempe\u00f1o de tus funciones.<\/p>\n\n\n\n<p>Por enumerar algunas, la comunidad educativa de la comarca de Las Villas, te debe, junto al equipo directivo de entonces, tu lucha por la supervivencia de la educaci\u00f3n rural que tan bien encarna este centro, brind\u00e1ndonos a varias generaciones de j\u00f3venes la posibilidad de hacer uso del \u00fanico ascensor social de este pa\u00eds, la educaci\u00f3n p\u00fablica de la que t\u00fa eres uno de los mayores abanderados.<\/p>\n\n\n\n<p>Sin tu trabajo, y tus (estoy m\u00e1s que seguro) innumerables horas a la luz de un flexo calculadora en mano, la supervivencia de este centro oferente de educaci\u00f3n secundaria y bachillerato no habr\u00eda sido posible.<\/p>\n\n\n\n<p>El IES Senara es un centro de referencia para toda la provincia, donde los j\u00f3venes procedentes de los pueblos de la zona hemos podido educarnos sin vernos obligados a desplazarnos a Salamanca, disfrutando adem\u00e1s de una ratio envidiable, en comparaci\u00f3n con la que ofrecen otros territorios no tan lejanos.<\/p>\n\n\n\n<p>Como docente, no solo te has limitado a impartir la materia que te marcaba un curr\u00edculo, aportaste mucho m\u00e1s a nuestros conocimientos y nuestra manera de conocer tu asignatura.<\/p>\n\n\n\n<p>Quienes pasamos por tus clases recordamos tu forma de ayudarnos a aprender las declinaciones latinas a golpe de reglas mnemot\u00e9cnicas, tan \u00fatiles para quienes escogimos despu\u00e9s carreras de amplio contenido, o tus extensas explicaciones a golpe de mapa o maqueta que nos permit\u00edan, aunque fuera solo por unos instantes, transportarnos a las ciudades del Imperio Romano y visitar de cerca sus <em>domus<\/em> o transitar por sus Calzadas.<\/p>\n\n\n\n<p>Estas palabras evocan en mi memoria tu faceta como gu\u00eda tur\u00edstico. Para algunos de nosotros nuestra primera experiencia en el extranjero fue aquella que durante tanto tiempo realizasteis en colaboraci\u00f3n los departamentos de Lat\u00edn y Religi\u00f3n Cat\u00f3lica, tanto t\u00fa, como Luis Mart\u00edn Figuero.<\/p>\n\n\n\n<p>Una experiencia \u00fanica, la \u00faltima celebrada hace ya casi cinco a\u00f1os, un viaje en el que ambos, Luis y t\u00fa, colgasteis vuestros h\u00e1bitos como docentes para durante casi cinco d\u00edas bajar al ruedo y lidiar con un grupo de m\u00e1s de veinte adolescentes, mostr\u00e1ndonos hasta el \u00faltimo rinc\u00f3n de la ciudad del T\u00edber.<\/p>\n\n\n\n<p>En nuestro recuerdo permanecer\u00e1n indelebles las visitas guiadas a todos los grandes monumentos de Roma, <em>de facto<\/em> pasabas de ser nuestro profesor de lat\u00edn para convertirte y equipararte a los mejores gu\u00edas de la ciudad, gracias a las horas de preparaci\u00f3n previa que dedicabas a estudiarte de las visitas que ten\u00edamos pendientes los d\u00edas venideros. As\u00ed pudimos abandonar Roma habiendo disfrutado de cada momento de la estancia en la Ciudad Eterna.<\/p>\n\n\n\n<p>Sin \u00e1nimo de extenderme m\u00e1s, como quien cierra una p\u00e1gina, nos toca despedirnos de ti, de tu trabajo, de tu forma de educar y sobre todo, lo m\u00e1s importante, de tu forma de preparar a tus alumnos para el mundo fuera de las cuatro paredes de las aulas.<\/p>\n\n\n\n<p>Formas parte de una generaci\u00f3n de docentes cuyo paso por el Senara figura ya como un espejismo, una etapa que se acaba, pero que no se olvidar\u00e1 jam\u00e1s.<\/p>\n\n\n\n<p><em>No podemos volver atr\u00e1s porque la vida nos empuja como un aullido interminable<\/em>, en palabras de Jos\u00e9 Agust\u00edn Goytisolo, en su c\u00e9lebre poema \u201cPalabras para Julia\u201d.<br><br>Lo que s\u00ed podemos es volver la vista y recordar todos aquellos momentos en que t\u00fa, Fernando Pablos, \u201c<em>el de Lat\u00edn<\/em>\u201d, fuiste, m\u00e1s que un profesor, un maestro.<\/p>\n\n\n\n<p>Te deseamos lo mejor en esta nueva etapa de tu vida que comienzas.<\/p>\n\n\n\n<p><em>Magister in Aeternum.<\/em><\/p>\n\n\n\n<p><br>Roberto Santiago Barrios es estudiante de Derecho y antiguo alumno del IES Senara.<\/p>\n","protected":false},"excerpt":{"rendered":"<p>Tu quoque, Magister. Al empezar a escribir estas l\u00edneas de despedida, algo que hasta hace bien poco me parec\u00eda impensable, a\u00fan recuerdo la primera vez que plasm\u00e9 mis ideas en esta revista, bajo tu&#46;&#46;&#46;<\/p>\n","protected":false},"author":3,"featured_media":3790,"comment_status":"open","ping_status":"open","sticky":false,"template":"","format":"standard","meta":{"jetpack_post_was_ever_published":false,"jetpack_publicize_message":"","jetpack_is_tweetstorm":false,"jetpack_publicize_feature_enabled":true,"jetpack_social_options":[]},"categories":[10],"tags":[232,85,151,35,36],"jetpack_publicize_connections":[],"jetpack_featured_media_url":"https:\/\/www.iessenara.es\/Revista\/wp-content\/uploads\/2023\/03\/Carta-abierta-al-director.jpg","jetpack_sharing_enabled":true,"jetpack_shortlink":"https:\/\/wp.me\/p5mbkp-Z2","_links":{"self":[{"href":"https:\/\/www.iessenara.es\/Revista\/index.php?rest_route=\/wp\/v2\/posts\/3784"}],"collection":[{"href":"https:\/\/www.iessenara.es\/Revista\/index.php?rest_route=\/wp\/v2\/posts"}],"about":[{"href":"https:\/\/www.iessenara.es\/Revista\/index.php?rest_route=\/wp\/v2\/types\/post"}],"author":[{"embeddable":true,"href":"https:\/\/www.iessenara.es\/Revista\/index.php?rest_route=\/wp\/v2\/users\/3"}],"replies":[{"embeddable":true,"href":"https:\/\/www.iessenara.es\/Revista\/index.php?rest_route=%2Fwp%2Fv2%2Fcomments&post=3784"}],"version-history":[{"count":8,"href":"https:\/\/www.iessenara.es\/Revista\/index.php?rest_route=\/wp\/v2\/posts\/3784\/revisions"}],"predecessor-version":[{"id":3794,"href":"https:\/\/www.iessenara.es\/Revista\/index.php?rest_route=\/wp\/v2\/posts\/3784\/revisions\/3794"}],"wp:featuredmedia":[{"embeddable":true,"href":"https:\/\/www.iessenara.es\/Revista\/index.php?rest_route=\/wp\/v2\/media\/3790"}],"wp:attachment":[{"href":"https:\/\/www.iessenara.es\/Revista\/index.php?rest_route=%2Fwp%2Fv2%2Fmedia&parent=3784"}],"wp:term":[{"taxonomy":"category","embeddable":true,"href":"https:\/\/www.iessenara.es\/Revista\/index.php?rest_route=%2Fwp%2Fv2%2Fcategories&post=3784"},{"taxonomy":"post_tag","embeddable":true,"href":"https:\/\/www.iessenara.es\/Revista\/index.php?rest_route=%2Fwp%2Fv2%2Ftags&post=3784"}],"curies":[{"name":"wp","href":"https:\/\/api.w.org\/{rel}","templated":true}]}}