{"id":3796,"date":"2023-03-27T17:04:52","date_gmt":"2023-03-27T16:04:52","guid":{"rendered":"http:\/\/www.iessenara.es\/Revista\/?p=3796"},"modified":"2023-03-28T19:13:07","modified_gmt":"2023-03-28T18:13:07","slug":"entrevista-al-director-de-la-revista-cosas-del-senara","status":"publish","type":"post","link":"https:\/\/www.iessenara.es\/Revista\/?p=3796","title":{"rendered":"Entrevista al director de la revista Cosas del Senara"},"content":{"rendered":"\n<p>LUC\u00cdA S\u00c1NCHEZ DE LA TORRE, antigua alumna del IES Senara<\/p>\n\n\n\n<p><\/p>\n\n\n\n<p>El IES Senara despide a Jos\u00e9 Fernando Pablos Navazo, profesor y jefe del departamento de Cultura Cl\u00e1sica, as\u00ed como director de la revista <em>Cosas del Senara<\/em>. Luc\u00eda S\u00e1nchez de la Torre, antigua alumna del centro, le entrevista para la revista <em>Cosas del Senara<\/em>, a una semana de su prejubilaci\u00f3n. En ella se hace repaso a los \u00faltimos cinco cursos en los que ha coordinado la revista del IES Senara de Babilafuente.<\/p>\n\n\n\n<p>Esperamos que disfrute enormemente de esta nueva etapa tanto como lo ha hecho al lado de la pizarra. Su contagioso amor por los cl\u00e1sicos y los gratos recuerdos que hemos procurado junto a \u00e9l durante su paso por el instituto nos acompa\u00f1ar\u00e1n siempre.<br>Gracias por tanto, Fernando.<\/p>\n\n\n\n<figure class=\"wp-block-embed is-type-video is-provider-youtube wp-block-embed-youtube wp-embed-aspect-16-9 wp-has-aspect-ratio\"><div class=\"wp-block-embed__wrapper\">\n<div class=\"video-container\"><span class=\"embed-youtube\" style=\"text-align:center; display: block;\"><iframe loading=\"lazy\" class=\"youtube-player\" width=\"640\" height=\"360\" src=\"https:\/\/www.youtube.com\/embed\/tL1vU76UBF4?version=3&#038;rel=1&#038;showsearch=0&#038;showinfo=1&#038;iv_load_policy=1&#038;fs=1&#038;hl=es-ES&#038;autohide=2&#038;wmode=transparent\" allowfullscreen=\"true\" style=\"border:0;\" sandbox=\"allow-scripts allow-same-origin allow-popups allow-presentation\"><\/iframe><\/span><\/div>\n<\/div><\/figure>\n","protected":false},"excerpt":{"rendered":"<p>LUC\u00cdA S\u00c1NCHEZ DE LA TORRE, antigua alumna del IES Senara El IES Senara despide a Jos\u00e9 Fernando Pablos Navazo, profesor y jefe del departamento de Cultura Cl\u00e1sica, as\u00ed como director de la revista Cosas&#46;&#46;&#46;<\/p>\n","protected":false},"author":3,"featured_media":3798,"comment_status":"open","ping_status":"open","sticky":false,"template":"","format":"standard","meta":{"jetpack_post_was_ever_published":false,"jetpack_publicize_message":"","jetpack_is_tweetstorm":false,"jetpack_publicize_feature_enabled":true,"jetpack_social_options":[]},"categories":[9],"tags":[16,151,327],"jetpack_publicize_connections":[],"jetpack_featured_media_url":"https:\/\/www.iessenara.es\/Revista\/wp-content\/uploads\/2023\/03\/entrevista-director-cosas-senara.jpg","jetpack_sharing_enabled":true,"jetpack_shortlink":"https:\/\/wp.me\/p5mbkp-Ze","_links":{"self":[{"href":"https:\/\/www.iessenara.es\/Revista\/index.php?rest_route=\/wp\/v2\/posts\/3796"}],"collection":[{"href":"https:\/\/www.iessenara.es\/Revista\/index.php?rest_route=\/wp\/v2\/posts"}],"about":[{"href":"https:\/\/www.iessenara.es\/Revista\/index.php?rest_route=\/wp\/v2\/types\/post"}],"author":[{"embeddable":true,"href":"https:\/\/www.iessenara.es\/Revista\/index.php?rest_route=\/wp\/v2\/users\/3"}],"replies":[{"embeddable":true,"href":"https:\/\/www.iessenara.es\/Revista\/index.php?rest_route=%2Fwp%2Fv2%2Fcomments&post=3796"}],"version-history":[{"count":3,"href":"https:\/\/www.iessenara.es\/Revista\/index.php?rest_route=\/wp\/v2\/posts\/3796\/revisions"}],"predecessor-version":[{"id":3801,"href":"https:\/\/www.iessenara.es\/Revista\/index.php?rest_route=\/wp\/v2\/posts\/3796\/revisions\/3801"}],"wp:featuredmedia":[{"embeddable":true,"href":"https:\/\/www.iessenara.es\/Revista\/index.php?rest_route=\/wp\/v2\/media\/3798"}],"wp:attachment":[{"href":"https:\/\/www.iessenara.es\/Revista\/index.php?rest_route=%2Fwp%2Fv2%2Fmedia&parent=3796"}],"wp:term":[{"taxonomy":"category","embeddable":true,"href":"https:\/\/www.iessenara.es\/Revista\/index.php?rest_route=%2Fwp%2Fv2%2Fcategories&post=3796"},{"taxonomy":"post_tag","embeddable":true,"href":"https:\/\/www.iessenara.es\/Revista\/index.php?rest_route=%2Fwp%2Fv2%2Ftags&post=3796"}],"curies":[{"name":"wp","href":"https:\/\/api.w.org\/{rel}","templated":true}]}}