{"id":3993,"date":"2023-05-13T20:24:40","date_gmt":"2023-05-13T19:24:40","guid":{"rendered":"http:\/\/www.iessenara.es\/Revista\/?p=3993"},"modified":"2023-05-13T20:39:26","modified_gmt":"2023-05-13T19:39:26","slug":"gran-juego-de-las-religiones-en-sevilla","status":"publish","type":"post","link":"https:\/\/www.iessenara.es\/Revista\/?p=3993","title":{"rendered":"Gran Juego de las Religiones en Sevilla"},"content":{"rendered":"\n<p>Ilenia P\u00e9rez Haro (3.\u00baESO)<\/p>\n\n\n\n<p>Durante los d\u00edas 20 y 21 de abril de 2023, los alumnos y alumnas del instituto IES SENARA de Babilafuente del curso de 3.\u00ba de la ESO de la asignatura Religi\u00f3n,&nbsp; fuimos de excursi\u00f3n a Sevilla con nuestro profesor, Luis Mart\u00edn Figuero. Esta excursi\u00f3n la hicimos con otros dos institutos m\u00e1s: el IES Fray Luis de Le\u00f3n de Salamanca y el IES Torrente Ballester de Santa Marta de Tormes; en total nos juntamos 118 alumnos y alumnas de los tres institutos, acompa\u00f1ados de 6 profesores y profesoras.&nbsp;&nbsp;<\/p>\n\n\n<div class=\"wp-block-image\">\n<figure class=\"aligncenter size-full\"><a href=\"http:\/\/www.iessenara.es\/Revista\/wp-content\/uploads\/2023\/05\/Sevilla-1.jpg\"><img decoding=\"async\" loading=\"lazy\" width=\"886\" height=\"647\" src=\"http:\/\/www.iessenara.es\/Revista\/wp-content\/uploads\/2023\/05\/Sevilla-1.jpg\" alt=\"\" class=\"wp-image-3994\" srcset=\"https:\/\/www.iessenara.es\/Revista\/wp-content\/uploads\/2023\/05\/Sevilla-1.jpg 886w, https:\/\/www.iessenara.es\/Revista\/wp-content\/uploads\/2023\/05\/Sevilla-1-300x219.jpg 300w, https:\/\/www.iessenara.es\/Revista\/wp-content\/uploads\/2023\/05\/Sevilla-1-768x561.jpg 768w\" sizes=\"(max-width: 886px) 100vw, 886px\" \/><\/a><\/figure><\/div>\n\n\n<p><\/p>\n\n\n\n<p>El viaje de ida a Sevilla fue muy c\u00f3modo y los profesores aprovecharon para ir pas\u00e1ndonos las indicaciones de c\u00f3mo iba a ser nuestra estancia en Sevilla. Una de las cosas que nos dijeron era que nos iban a juntar por grupos mezclados por institutos, 10 alumnos\/as por grupo, pues el juego era una gimkana cultural por Sevilla realizando una serie de pruebas que nos ir\u00edan diciendo. Para no perder tiempo en formar los grupos ya nos los hab\u00edan pasado por whatsapp para que todo el mundo supiera en qu\u00e9 grupo estaba y con qu\u00e9 alumnos de los otros institutos iban a participar.&nbsp;&nbsp;&nbsp;<\/p>\n\n\n\n<p>Llegamos a Sevilla sobre las tres de la tarde, al albergue \u201cInterjoven de Sevilla\u201d, comimos, nos distribuyeron las habitaciones, 5 en cada habitaci\u00f3n por sexos, fue muy r\u00e1pido pues los profesores nos hab\u00edan pedido las habitaciones en Salamanca, ellos se las hab\u00edan mandado al Albergue y este ya nos ten\u00eda asignado el n\u00famero de habitaci\u00f3n a cada grupo e instituto, para que, a ser posible, estuvi\u00e9ramos todos juntos los del mismo instituto.&nbsp;&nbsp;<\/p>\n\n\n<div class=\"wp-block-image\">\n<figure class=\"aligncenter size-full\"><a href=\"http:\/\/www.iessenara.es\/Revista\/wp-content\/uploads\/2023\/05\/Sevilla-2.jpg\"><img decoding=\"async\" loading=\"lazy\" width=\"886\" height=\"664\" src=\"http:\/\/www.iessenara.es\/Revista\/wp-content\/uploads\/2023\/05\/Sevilla-2.jpg\" alt=\"\" class=\"wp-image-3995\" srcset=\"https:\/\/www.iessenara.es\/Revista\/wp-content\/uploads\/2023\/05\/Sevilla-2.jpg 886w, https:\/\/www.iessenara.es\/Revista\/wp-content\/uploads\/2023\/05\/Sevilla-2-300x225.jpg 300w, https:\/\/www.iessenara.es\/Revista\/wp-content\/uploads\/2023\/05\/Sevilla-2-768x576.jpg 768w\" sizes=\"(max-width: 886px) 100vw, 886px\" \/><\/a><\/figure><\/div>\n\n\n<p><\/p>\n\n\n\n<p>Descansamos un rato despu\u00e9s del largo viaje y sobre las 16:00 nos acercamos a ver el Estadio Benito Villamar\u00edn del Betis, que estaba muy cerca del albergue donde nos alojamos. El estadio no pudimos verlo porque hab\u00eda que pagar por hacer un tour de \u00e9l, pero s\u00ed que nos acercamos a la tienda oficial del Betis, donde \u201cacabamos con sus existencias\u201d, 118 chicos y chicas que nos volvimos locos al ver tanto merchandising del Betis. La verdad que lo pasamos muy bien. Pero el tiempo se nos echaba encima, porque ten\u00edamos sacadas las entradas para ver los Reales Alc\u00e1zares a las 18:00 horas y no pudimos entretenernos por m\u00e1s tiempo.&nbsp;&nbsp;<\/p>\n\n\n\n<p>En los Reales Alc\u00e1zares nos distribuyeron por grupos y empezamos El juego de las religiones. \u00a1Qu\u00e9 maravilla de Castillo!, \u00a1una verdadera joya!. En los Alc\u00e1zares los profesores nos ten\u00edan preparado cuatro pruebas que ten\u00edamos que ir solucionando, estaban puestas estrat\u00e9gicamente para que pudi\u00e9ramos visitar la mayor\u00eda del palacio y no nos perdi\u00e9ramos la cantidad de obras art\u00edsticas que esta joya universal alberga. La primera prueba que ten\u00edamos que visitar estaba a la entrada, era la&nbsp; <strong>Sala de Justicia de Consejos y Patio del Yeso.<\/strong> En esta sala era donde se reun\u00eda el Consejo de Visires en la \u00e9poca musulmana. La forma actual era del Reinado de Alfonso XI en 1311. Una profesora nos ped\u00eda que nos fij\u00e1ramos en la decoraci\u00f3n de las paredes de esta sala y del Patio del Yeso: Nos preguntaron: \u00bfQu\u00e9 motivos las adornan? La respuesta era: <em>Motivos geom\u00e9tricos y vegetales<\/em>. Despu\u00e9s nos preguntaron: \u00bfC\u00f3mo se llamaban las labores realizadas en yeso? <em>Yeser\u00edas<\/em>. A continuaci\u00f3n, nos pidieron que nos fij\u00e1ramos en el artesonado de madera del techo: Nos preguntaron: \u00bfC\u00f3mo se llaman esos dibujos geom\u00e9tricos que forma la madera?: <em>Lacer\u00edas.<\/em>&nbsp;&nbsp;&nbsp;&nbsp;<\/p>\n\n\n\n<p>Una vez realizada la primera prueba, ten\u00edamos que ir a la segunda prueba que era la <strong>Sala de Audiencias<\/strong>. Esta prueba consist\u00eda: \u201cAtravesando el sal\u00f3n de Almirante llegamos a la Sala de Audiencias, en la que se reun\u00edan los cosm\u00f3grafos\u2026 \u00bfA qu\u00e9 se dedicaban? <em>Hac\u00edan mapas y cartas de navegaci\u00f3n<\/em>. En una de las paredes hay un cuadro \u201cLa virgen de los Navegantes\u201d que tiene una peculiaridad, \u00bfEs el primero en qu\u00e9? <em>Es la primera pintura que representa a los ind\u00edgenas de Am\u00e9rica<\/em>.&nbsp; Tambi\u00e9n en el cuadro est\u00e1 representado un hombre que viaj\u00f3 al Nuevo Mundo despu\u00e9s de reunirse en Salamanca con una reina\u2026 \u00bfQui\u00e9n es? <em>Crist\u00f3bal Col\u00f3n\u201d<\/em>.&nbsp;&nbsp;<\/p>\n\n\n<div class=\"wp-block-image\">\n<figure class=\"aligncenter size-full\"><a href=\"http:\/\/www.iessenara.es\/Revista\/wp-content\/uploads\/2023\/05\/Sevilla-3.jpg\"><img decoding=\"async\" loading=\"lazy\" width=\"664\" height=\"886\" src=\"http:\/\/www.iessenara.es\/Revista\/wp-content\/uploads\/2023\/05\/Sevilla-3.jpg\" alt=\"\" class=\"wp-image-3996\" srcset=\"https:\/\/www.iessenara.es\/Revista\/wp-content\/uploads\/2023\/05\/Sevilla-3.jpg 664w, https:\/\/www.iessenara.es\/Revista\/wp-content\/uploads\/2023\/05\/Sevilla-3-225x300.jpg 225w\" sizes=\"(max-width: 664px) 100vw, 664px\" \/><\/a><\/figure><\/div>\n\n\n<p><\/p>\n\n\n\n<p>Una vez que superamos la segunda prueba, pasamos a la tercera el<strong> Patio de las Doncellas<\/strong>. Una verdadera joya. All\u00ed los profesores nos pidieron que admir\u00e1ramos ese espacio que nos recordaba a la Alhambra de Granda. Las preguntas eran: \u201cAqu\u00ed se celebr\u00f3 una boda muy importante\u2026 \u00bfqui\u00e9n se cas\u00f3 en este espacio? <em>El rey Carlos V con Mar\u00eda de Portugal<\/em>. A trav\u00e9s de uno de sus laterales podemos entrar en el Sal\u00f3n de Embajadores\u2026 Sus puertas, de madera con labores mud\u00e9jares, \u00bfDesde qu\u00e9 a\u00f1o est\u00e1n puestas en el mismo lugar? <em>1361<\/em>\u201d.&nbsp;&nbsp;<\/p>\n\n\n<div class=\"wp-block-image\">\n<figure class=\"aligncenter size-full\"><a href=\"http:\/\/www.iessenara.es\/Revista\/wp-content\/uploads\/2023\/05\/Sevilla-4.jpg\"><img decoding=\"async\" loading=\"lazy\" width=\"886\" height=\"664\" src=\"http:\/\/www.iessenara.es\/Revista\/wp-content\/uploads\/2023\/05\/Sevilla-4.jpg\" alt=\"\" class=\"wp-image-3997\" srcset=\"https:\/\/www.iessenara.es\/Revista\/wp-content\/uploads\/2023\/05\/Sevilla-4.jpg 886w, https:\/\/www.iessenara.es\/Revista\/wp-content\/uploads\/2023\/05\/Sevilla-4-300x225.jpg 300w, https:\/\/www.iessenara.es\/Revista\/wp-content\/uploads\/2023\/05\/Sevilla-4-768x576.jpg 768w\" sizes=\"(max-width: 886px) 100vw, 886px\" \/><\/a><\/figure><\/div>\n\n\n<p><\/p>\n\n\n\n<p>Despu\u00e9s de estar un rato contemplando y disfrutando de esta maravilla universal nos enviaron a realizar la \u00faltima prueba que ten\u00edan preparada en los Alc\u00e1zares, el<strong> Sal\u00f3n de Embajadores<\/strong>. \u201cEl rey Pedro I la utiliz\u00f3 como sal\u00f3n del trono. \u00bfA qu\u00e9 fruta te recuerda esta c\u00fapula espectacular? <em>A una media naranja<\/em>. Observando todo lo que tienes alrededor, puedes encontrar un buen ejemplo de tolerancia y convivencia\u2026 \u00bfPor qu\u00e9?<em> Porque en aquella \u00e9poca conviv\u00edan las tres culturas en el Reino de Castilla y Le\u00f3n<\/em>.&nbsp; Pregunta qui\u00e9n mand\u00f3 construir el palacio y en qu\u00e9 estilo est\u00e1 construido\u2026 <em>El palacio se mand\u00f3 construir por un rey cristiano, Pedro I, con decoraci\u00f3n de inspiraci\u00f3n \u00e1rabe<\/em>\u201d<em>.&nbsp;<\/em>&nbsp;<\/p>\n\n\n\n<p>Estuvimos en los Reales Alc\u00e1zares, m\u00e1s o menos, hasta las 20:00 horas, y despu\u00e9s de hacernos una foto de todo el grupo nos dejaron tiempo libre para cenar y dar una vuelta por Sevilla hasta las 22:00 horas. Despu\u00e9s de cenar y familiarizarnos un poco con Sevilla, nos juntamos todo el grupo e hicimos una ruta tur\u00edstica nocturna por los lugares m\u00e1s emblem\u00e1ticos de Sevilla: la Catedral y la Giralda, la Torre del Oro, el Barrio de Triana y el Puente de Triana, la Maestranza\u2026, hasta el albergue.<\/p>\n\n\n\n<div class=\"wp-block-jetpack-tiled-gallery aligncenter is-style-rectangular\"><div class=\"tiled-gallery__gallery\"><div class=\"tiled-gallery__row\"><div class=\"tiled-gallery__col\" style=\"flex-basis:100.00000%\"><figure class=\"tiled-gallery__item\"><img decoding=\"async\" srcset=\"https:\/\/i2.wp.com\/www.iessenara.es\/Revista\/wp-content\/uploads\/2023\/05\/Sevilla-5.jpg?strip=info&#038;w=600 600w,https:\/\/i2.wp.com\/www.iessenara.es\/Revista\/wp-content\/uploads\/2023\/05\/Sevilla-5.jpg?strip=info&#038;w=886 886w\" alt=\"\" data-height=\"337\" data-id=\"3998\" data-link=\"http:\/\/www.iessenara.es\/Revista\/?attachment_id=3998\" data-url=\"http:\/\/www.iessenara.es\/Revista\/wp-content\/uploads\/2023\/05\/Sevilla-5.jpg\" data-width=\"886\" src=\"https:\/\/i2.wp.com\/www.iessenara.es\/Revista\/wp-content\/uploads\/2023\/05\/Sevilla-5.jpg\" data-amp-layout=\"responsive\" \/><\/figure><\/div><\/div><div class=\"tiled-gallery__row\"><div class=\"tiled-gallery__col\" style=\"flex-basis:100.00000%\"><figure class=\"tiled-gallery__item\"><img decoding=\"async\" srcset=\"https:\/\/i0.wp.com\/www.iessenara.es\/Revista\/wp-content\/uploads\/2023\/05\/Sevilla-6.jpg?strip=info&#038;w=600 600w,https:\/\/i0.wp.com\/www.iessenara.es\/Revista\/wp-content\/uploads\/2023\/05\/Sevilla-6.jpg?strip=info&#038;w=664 664w\" alt=\"\" data-height=\"886\" data-id=\"3999\" data-link=\"http:\/\/www.iessenara.es\/Revista\/?attachment_id=3999\" data-url=\"http:\/\/www.iessenara.es\/Revista\/wp-content\/uploads\/2023\/05\/Sevilla-6.jpg\" data-width=\"664\" src=\"https:\/\/i0.wp.com\/www.iessenara.es\/Revista\/wp-content\/uploads\/2023\/05\/Sevilla-6.jpg\" data-amp-layout=\"responsive\" \/><\/figure><\/div><\/div><\/div><\/div>\n\n\n\n<p>Llegamos al alberge sobre las 00:30, muertos y cansados, con ganas de coger la cama, pero no sabemos qu\u00e9 pas\u00f3, que en cuanto entramos en el alberge, todos nos activamos y quer\u00edamos seguir&nbsp; la fiesta, pero para desactivarnos estaban los profesores \u201c<em>cuan sagaces guardianes<\/em>\u201d para enfriarnos las ganas e invitarnos a descansar, pues al d\u00eda siguiente hab\u00eda que continuar con el trabajo que nos hab\u00eda llevado hasta Sevilla;&nbsp; aun as\u00ed, el que m\u00e1s y el que menos, se lo pas\u00f3 bien en las habitaciones o intentando sortear las \u201cf\u00e9rreas murallas\u201d que hab\u00edan plantado los profesores en los pasillos.&nbsp;&nbsp;<\/p>\n\n\n\n<p>Por la ma\u00f1ana, muy temprano todav\u00eda, y con un margen de una hora para poder desayunar, repusimos fuerzas en el albergue y sobre las 10:00 montamos en los autobuses que nos llevaron a Sevilla para continuar el juego.&nbsp;&nbsp;<\/p>\n\n\n\n<p>La siguiente prueba fue la <strong>Juder\u00eda. <\/strong>Una calle que<strong> <\/strong>estaba al lado del Alc\u00e1zar, y que tuvimos que buscar. Se nos ped\u00eda que la recorri\u00e9ramos y atraves\u00e1ramos un pasaje para poder entrar dentro de ella. \u00a1Preciosa! Primero nos preguntaron qu\u00e9 eran las juder\u00edas: <em>barrios donde viv\u00edan los jud\u00edos<\/em>. Nos dijeron que en esa calle se sol\u00edan cantar canciones sefard\u00edes y nos preguntaron qui\u00e9nes eran los sefard\u00edes, <em>jud\u00edos espa\u00f1oles expulsados de la pen\u00ednsula en el siglo XV tras la conquista de Granada.&nbsp;<\/em>&nbsp;<\/p>\n\n\n\n<p>Despu\u00e9s de la Juder\u00eda pasamos a realizar la siguiente prueba, fuimos a ver la <strong>Casa Palacio de Santa Cruz<\/strong>. Vimos que en el centro de la plaza hab\u00eda una hermosa cruz de hierro\u2026, nos preguntaron: \u00bfQu\u00e9 animales se representan en ella? <em>Serpientes<\/em><em> <\/em>\u00bfPor qu\u00e9? <em>Porque antiguamente estaba enclavada en una esquina de la calle Sierpes, y serv\u00eda como farola<\/em>. Esta plaza antiguamente la ocupaba una construcci\u00f3n\u2026\u00bfCu\u00e1l? <em>La Iglesia de Santa Cruz<\/em><em>. <\/em>\u00bfQu\u00e9 famoso artista estaba all\u00ed enterrado? <em>Bartolom\u00e9 Esteban Murillo<\/em><em>.&nbsp;<\/em>&nbsp;<\/p>\n\n\n\n<p>De Santa Cruz nos enviaron a ver una bella iglesia barroca que se parece a otra que hay en Toledo, la<strong> Iglesia de Santa Mar\u00eda<\/strong>. Las dos comparten su hilera de arcos de medio punto, pero tambi\u00e9n comparten otra cosa\u2026 \u00bfCu\u00e1l? <em>Que tienen el mismo nombre.<\/em> \u00bfQu\u00e9 hab\u00eda antiguamente donde est\u00e1 ahora la Iglesia? <em>Una sinagoga.&nbsp;<\/em><\/p>\n\n\n\n<div class=\"wp-block-jetpack-tiled-gallery aligncenter is-style-rectangular\"><div class=\"tiled-gallery__gallery\"><div class=\"tiled-gallery__row\"><div class=\"tiled-gallery__col\" style=\"flex-basis:35.99617%\"><figure class=\"tiled-gallery__item\"><img decoding=\"async\" srcset=\"https:\/\/i1.wp.com\/www.iessenara.es\/Revista\/wp-content\/uploads\/2023\/05\/Sevilla-7.jpg?strip=info&#038;w=600 600w,https:\/\/i1.wp.com\/www.iessenara.es\/Revista\/wp-content\/uploads\/2023\/05\/Sevilla-7.jpg?strip=info&#038;w=664 664w\" alt=\"\" data-height=\"886\" data-id=\"4000\" data-link=\"http:\/\/www.iessenara.es\/Revista\/?attachment_id=4000\" data-url=\"http:\/\/www.iessenara.es\/Revista\/wp-content\/uploads\/2023\/05\/Sevilla-7.jpg\" data-width=\"664\" src=\"https:\/\/i1.wp.com\/www.iessenara.es\/Revista\/wp-content\/uploads\/2023\/05\/Sevilla-7.jpg\" data-amp-layout=\"responsive\" \/><\/figure><\/div><div class=\"tiled-gallery__col\" style=\"flex-basis:64.00383%\"><figure class=\"tiled-gallery__item\"><img decoding=\"async\" srcset=\"https:\/\/i2.wp.com\/www.iessenara.es\/Revista\/wp-content\/uploads\/2023\/05\/Sevilla-8.jpg?strip=info&#038;w=600 600w,https:\/\/i2.wp.com\/www.iessenara.es\/Revista\/wp-content\/uploads\/2023\/05\/Sevilla-8.jpg?strip=info&#038;w=886 886w\" alt=\"\" data-height=\"664\" data-id=\"4001\" data-link=\"http:\/\/www.iessenara.es\/Revista\/?attachment_id=4001\" data-url=\"http:\/\/www.iessenara.es\/Revista\/wp-content\/uploads\/2023\/05\/Sevilla-8.jpg\" data-width=\"886\" src=\"https:\/\/i2.wp.com\/www.iessenara.es\/Revista\/wp-content\/uploads\/2023\/05\/Sevilla-8.jpg\" data-amp-layout=\"responsive\" \/><\/figure><\/div><\/div><\/div><\/div>\n\n\n\n<p>Todas estas pruebas las tuvimos que realizar con una cierta rapidez pues ten\u00edamos concertada la visita a la Catedral, la Giralda y el Patio de los Naranjos a las 12:00, \u00faltimas pruebas del juego, y no pod\u00edamos retrasarnos por la cantidad de gente que hab\u00eda.&nbsp;&nbsp;<\/p>\n\n\n\n<p>Nada m\u00e1s entrar nos pidieron que subi\u00e9ramos a la <strong>Giralda<\/strong>. Antes, los profesores nos hab\u00edan dicho que era la antigua torre de una mezquita. En la Giralda, cuando subimos, adem\u00e1s de admirar Sevilla (lo que nos cost\u00f3 subir, aunque&nbsp;al final mereci\u00f3 la pena), nos pidieron que contest\u00e1ramos a alguna pregunta: \u201cEs la antigua torre de la mezquita. \u00bfC\u00f3mo se llama la torre de las mezquitas? <em>Alminar o minarete<\/em> \u00bfQui\u00e9n sube a la torre para dirigirse a los fieles desde all\u00ed? <em>El Muec\u00edn, para llamar a la oraci\u00f3n<\/em>\u201d<em>.&nbsp;<\/em>&nbsp;<\/p>\n\n\n<div class=\"wp-block-image\">\n<figure class=\"aligncenter size-full\"><a href=\"http:\/\/www.iessenara.es\/Revista\/wp-content\/uploads\/2023\/05\/Sevilla-9.jpg\"><img decoding=\"async\" loading=\"lazy\" width=\"664\" height=\"886\" src=\"http:\/\/www.iessenara.es\/Revista\/wp-content\/uploads\/2023\/05\/Sevilla-9.jpg\" alt=\"\" class=\"wp-image-4002\" srcset=\"https:\/\/www.iessenara.es\/Revista\/wp-content\/uploads\/2023\/05\/Sevilla-9.jpg 664w, https:\/\/www.iessenara.es\/Revista\/wp-content\/uploads\/2023\/05\/Sevilla-9-225x300.jpg 225w\" sizes=\"(max-width: 664px) 100vw, 664px\" \/><\/a><\/figure><\/div>\n\n\n<p><\/p>\n\n\n\n<p>Despu\u00e9s de contemplar Sevilla desde lo alto de la Giralda, bajamos (con bastante menos esfuerzo que la subida) y nos adentramos en la <strong>Catedral.<\/strong> All\u00ed nos preguntaron: \u201cEs uno de los edificios m\u00e1s grandes de la cristiandad, y el edificio religioso m\u00e1s grande de Espa\u00f1a\u2026 \u00bfCu\u00e1ntas naves tiene? <em>Siete naves<\/em>. \u00bfSobre qu\u00e9 lugar est\u00e1 construido? <em>Sobre la Mezquita Mayor de Sevilla<\/em>. En este edificio est\u00e1n enterrados un Rey muy importante para Castilla y un Marinero\u2026 \u00bfQui\u00e9nes son? <em>Alfonso X \u201cEl Sabio\u201d<\/em> y <em>Crist\u00f3bal Col\u00f3n<\/em>\u201d.&nbsp;&nbsp;<\/p>\n\n\n\n<p>Al terminar la visita a la Catedral salimos\u00a0al <strong>Patio de los Naranjos,<\/strong> la \u00faltima prueba del juego. All\u00ed nos preguntaron: \u201cPertenece a la antigua Mezquita. C\u00f3mo se llama el patio de las mezquitas? <em>Patio de las abluciones o del lavatorio<\/em>. \u00bfPara qu\u00e9 sirve? <em>Para lavarse la boca, las manos, la nuca y los pies, es decir, para hacer las purificaciones antes del rezo<\/em>\u201d<em>.<\/em>\u00a0<\/p>\n\n\n\n<p>Una vez finalizado el juego, sobre las 13:30, nos dejaron tiempo libre para comer y hacer algunas compras y sobre las 16:00 horas nos juntamos todos para terminar nuestro periplo sevillano yendo a ver la Plaza de Espa\u00f1a, donde nos hicimos una foto en el banco de Salamanca y sobre las 17:30 cogimos el autob\u00fas para Salamanca.&nbsp;&nbsp;<\/p>\n\n\n<div class=\"wp-block-image\">\n<figure class=\"aligncenter size-full\"><a href=\"http:\/\/www.iessenara.es\/Revista\/wp-content\/uploads\/2023\/05\/Sevilla-10.jpg\"><img decoding=\"async\" loading=\"lazy\" width=\"886\" height=\"664\" src=\"http:\/\/www.iessenara.es\/Revista\/wp-content\/uploads\/2023\/05\/Sevilla-10.jpg\" alt=\"\" class=\"wp-image-4003\" srcset=\"https:\/\/www.iessenara.es\/Revista\/wp-content\/uploads\/2023\/05\/Sevilla-10.jpg 886w, https:\/\/www.iessenara.es\/Revista\/wp-content\/uploads\/2023\/05\/Sevilla-10-300x225.jpg 300w, https:\/\/www.iessenara.es\/Revista\/wp-content\/uploads\/2023\/05\/Sevilla-10-768x576.jpg 768w\" sizes=\"(max-width: 886px) 100vw, 886px\" \/><\/a><\/figure><\/div>\n\n\n<p><\/p>\n\n\n\n<p>Ha sido una experiencia bonita donde hemos aprendido, convivido y disfrutado con nuestros compa\u00f1eros de nuestro instituto y de otros institutos en un clima de concordia y camarader\u00eda. Daba gusto ver c\u00f3mo nos relacion\u00e1bamos alumnos de todos los institutos como si nos conoci\u00e9ramos de toda la vida.&nbsp;&nbsp;<\/p>\n\n\n\n<p>La verdad que ha merecido la pena por todo lo que hemos vivido y aprendido. Gracias a todos los que han hecho posible que vivi\u00e9ramos esta experiencia.&nbsp;&nbsp;&nbsp;<\/p>\n","protected":false},"excerpt":{"rendered":"<p>Ilenia P\u00e9rez Haro (3.\u00baESO) Durante los d\u00edas 20 y 21 de abril de 2023, los alumnos y alumnas del instituto IES SENARA de Babilafuente del curso de 3.\u00ba de la ESO de la asignatura&#46;&#46;&#46;<\/p>\n","protected":false},"author":3,"featured_media":4004,"comment_status":"open","ping_status":"open","sticky":false,"template":"","format":"standard","meta":{"jetpack_post_was_ever_published":false,"jetpack_publicize_message":"","jetpack_is_tweetstorm":false,"jetpack_publicize_feature_enabled":true,"jetpack_social_options":[]},"categories":[6],"tags":[383,33,361],"jetpack_publicize_connections":[],"jetpack_featured_media_url":"https:\/\/www.iessenara.es\/Revista\/wp-content\/uploads\/2023\/05\/Sevilla-16-9.jpg","jetpack_sharing_enabled":true,"jetpack_shortlink":"https:\/\/wp.me\/p5mbkp-12p","_links":{"self":[{"href":"https:\/\/www.iessenara.es\/Revista\/index.php?rest_route=\/wp\/v2\/posts\/3993"}],"collection":[{"href":"https:\/\/www.iessenara.es\/Revista\/index.php?rest_route=\/wp\/v2\/posts"}],"about":[{"href":"https:\/\/www.iessenara.es\/Revista\/index.php?rest_route=\/wp\/v2\/types\/post"}],"author":[{"embeddable":true,"href":"https:\/\/www.iessenara.es\/Revista\/index.php?rest_route=\/wp\/v2\/users\/3"}],"replies":[{"embeddable":true,"href":"https:\/\/www.iessenara.es\/Revista\/index.php?rest_route=%2Fwp%2Fv2%2Fcomments&post=3993"}],"version-history":[{"count":7,"href":"https:\/\/www.iessenara.es\/Revista\/index.php?rest_route=\/wp\/v2\/posts\/3993\/revisions"}],"predecessor-version":[{"id":4014,"href":"https:\/\/www.iessenara.es\/Revista\/index.php?rest_route=\/wp\/v2\/posts\/3993\/revisions\/4014"}],"wp:featuredmedia":[{"embeddable":true,"href":"https:\/\/www.iessenara.es\/Revista\/index.php?rest_route=\/wp\/v2\/media\/4004"}],"wp:attachment":[{"href":"https:\/\/www.iessenara.es\/Revista\/index.php?rest_route=%2Fwp%2Fv2%2Fmedia&parent=3993"}],"wp:term":[{"taxonomy":"category","embeddable":true,"href":"https:\/\/www.iessenara.es\/Revista\/index.php?rest_route=%2Fwp%2Fv2%2Fcategories&post=3993"},{"taxonomy":"post_tag","embeddable":true,"href":"https:\/\/www.iessenara.es\/Revista\/index.php?rest_route=%2Fwp%2Fv2%2Ftags&post=3993"}],"curies":[{"name":"wp","href":"https:\/\/api.w.org\/{rel}","templated":true}]}}