{"id":4015,"date":"2023-05-24T11:06:59","date_gmt":"2023-05-24T10:06:59","guid":{"rendered":"http:\/\/www.iessenara.es\/Revista\/?p=4015"},"modified":"2023-05-24T11:07:00","modified_gmt":"2023-05-24T10:07:00","slug":"los-alumnos-de-formacion-profesional-basica-ii-nos-cuentan-su-experiencia-en-las-practicas","status":"publish","type":"post","link":"https:\/\/www.iessenara.es\/Revista\/?p=4015","title":{"rendered":"Los alumnos de Formaci\u00f3n Profesional B\u00e1sica II nos cuentan su experiencia en las pr\u00e1cticas"},"content":{"rendered":"\n<p>Los alumnos de Formaci\u00f3n Profesional B\u00e1sica I del I.E.S. Senara entrevistan, para la revista Cosas del Senara, a tres compa\u00f1eros de Formaci\u00f3n Profesional B\u00e1sica II que est\u00e1n realizando el m\u00f3dulo de Formaci\u00f3n en Centros de Trabajo (FCT), m\u00e1s conocido como fase de pr\u00e1cticas en empresas.&nbsp;<\/p>\n\n\n\n<p>En estas breves entrevistas nos cuentan cu\u00e1les fueron sus incertidumbres antes de comenzar las pr\u00e1cticas, c\u00f3mo se han adaptado al cambio del instituto a un lugar de trabajo y cu\u00e1les son sus planes de futuro.&nbsp;&nbsp;<\/p>\n\n\n\n<p class=\"has-drop-cap\">Nardi Arias Zarzoso, natural de Babilafuente, est\u00e1 realizando las pr\u00e1cticas en el Centro de Educaci\u00f3n Infantil y Primaria Filiberto Villalobos (Babilafuente).&nbsp;<\/p>\n\n\n\n<p><strong>\u00bfC\u00f3mo te imaginabas las pr\u00e1cticas antes de entrar?<\/strong> Me las imaginaba un poco dif\u00edciles, pero con ilusi\u00f3n.&nbsp;<\/p>\n\n\n\n<p><strong>\u00bfTe gusta el trabajo que est\u00e1s realizando? \u00bfEs complicado?<\/strong>&nbsp;S\u00ed me gusta y no es dif\u00edcil.&nbsp;<\/p>\n\n\n\n<figure class=\"wp-block-image size-large\"><a href=\"http:\/\/www.iessenara.es\/Revista\/wp-content\/uploads\/2023\/05\/NARDI-2.jpeg\"><img decoding=\"async\" loading=\"lazy\" width=\"1024\" height=\"576\" src=\"http:\/\/www.iessenara.es\/Revista\/wp-content\/uploads\/2023\/05\/NARDI-2-1024x576.jpeg\" alt=\"\" class=\"wp-image-4018\" srcset=\"https:\/\/www.iessenara.es\/Revista\/wp-content\/uploads\/2023\/05\/NARDI-2-1024x576.jpeg 1024w, https:\/\/www.iessenara.es\/Revista\/wp-content\/uploads\/2023\/05\/NARDI-2-300x169.jpeg 300w, https:\/\/www.iessenara.es\/Revista\/wp-content\/uploads\/2023\/05\/NARDI-2-768x432.jpeg 768w, https:\/\/www.iessenara.es\/Revista\/wp-content\/uploads\/2023\/05\/NARDI-2-1536x864.jpeg 1536w, https:\/\/www.iessenara.es\/Revista\/wp-content\/uploads\/2023\/05\/NARDI-2.jpeg 1920w\" sizes=\"(max-width: 1024px) 100vw, 1024px\" \/><\/a><\/figure>\n\n\n\n<p><\/p>\n\n\n\n<p><strong>\u00bfC\u00f3mo te recibieron en el C.E.I.P. Filiberto Villalobos?<\/strong>&nbsp;Me recibieron muy bien y con ganas, porque ya me conoc\u00edan y por eso me adapt\u00e9 r\u00e1pido, intentaban que estuviera c\u00f3modo.&nbsp;<\/p>\n\n\n\n<p><strong>\u00bfEstabas nervioso cuando llegaste?<\/strong>&nbsp;Un poco s\u00ed.&nbsp;<\/p>\n\n\n\n<p><strong>\u00bfEchas de menos a tus compa\u00f1eros con los que ibas a clase?<\/strong>&nbsp;S\u00ed, tambi\u00e9n, a algunos.&nbsp;<\/p>\n\n\n\n<p><strong>\u00bfSe te&nbsp;ha hecho muy raro el cambio del instituto a una empresa?\u202f\u00bfPor qu\u00e9?<\/strong> No mucho, porque es un colegio y es casi igual, pero haces cosas diferentes, entonces un poco s\u00ed, porque nunca lo hab\u00eda hecho.&nbsp;<\/p>\n\n\n\n<p><strong>\u202fConcreta qu\u00e9 tareas has realizado durante tus pr\u00e1cticas.<\/strong> Hacer fotocopias, ayudar en EF, resolver dudas en las clases, hacer trabajos y plantillas, colocar cosas&#8230; favores en general.<strong>&nbsp;<\/strong>&nbsp;<\/p>\n\n\n\n<p><strong>\u00bfEst\u00e1s poniendo en pr\u00e1ctica todo lo que aprendiste?\u202f<\/strong>Realmente s\u00ed me est\u00e1 ayudando mucho.&nbsp;<\/p>\n\n\n\n<p><strong>\u00bfQu\u00e9 vas a hacer cuando termines las pr\u00e1cticas?<\/strong> Un grado medio y me estoy pensando de qu\u00e9 puede ser: deportes, administraci\u00f3n, mantenimiento o electricidad.&nbsp;&nbsp;<\/p>\n\n\n\n<p><strong>Despu\u00e9s de hacer las pr\u00e1cticas y ver lo que es, \u00bfseguir\u00edas estudiando servicios administrativos?<\/strong>&nbsp;A lo mejor s\u00ed.&nbsp;&nbsp;<\/p>\n\n\n\n<p><strong>\u00bfTe gustar\u00eda trabajar all\u00ed alg\u00fan d\u00eda?<\/strong>&nbsp;Creo que s\u00ed est\u00e1 bien.&nbsp;<\/p>\n\n\n\n<p class=\"has-drop-cap\">Samuel S\u00e1nchez Serrano, natural de Babilafuente, est\u00e1 realizando las pr\u00e1cticas en el Ayuntamiento de San Morales.<\/p>\n\n\n\n<p><strong>\u00bfC\u00f3mo te imaginabas las pr\u00e1cticas antes de entrar?<\/strong> Me las imaginaba largas y complicadas.&nbsp;<\/p>\n\n\n\n<p><strong>\u00bfTe gusta el trabajo que est\u00e1s\u202frealizando? \u00bfEs complicado?<\/strong>&nbsp;S\u00ed, la verdad es que me est\u00e1 gustando mucho. Algunas cosas s\u00ed son un poco complicadas.&nbsp;<\/p>\n\n\n\n<figure class=\"wp-block-image size-large\"><a href=\"http:\/\/www.iessenara.es\/Revista\/wp-content\/uploads\/2023\/05\/SAMUEL1.jpeg\"><img decoding=\"async\" loading=\"lazy\" width=\"1024\" height=\"461\" src=\"http:\/\/www.iessenara.es\/Revista\/wp-content\/uploads\/2023\/05\/SAMUEL1-1024x461.jpeg\" alt=\"\" class=\"wp-image-4020\" srcset=\"https:\/\/www.iessenara.es\/Revista\/wp-content\/uploads\/2023\/05\/SAMUEL1-1024x461.jpeg 1024w, https:\/\/www.iessenara.es\/Revista\/wp-content\/uploads\/2023\/05\/SAMUEL1-300x135.jpeg 300w, https:\/\/www.iessenara.es\/Revista\/wp-content\/uploads\/2023\/05\/SAMUEL1-768x346.jpeg 768w, https:\/\/www.iessenara.es\/Revista\/wp-content\/uploads\/2023\/05\/SAMUEL1-1536x691.jpeg 1536w, https:\/\/www.iessenara.es\/Revista\/wp-content\/uploads\/2023\/05\/SAMUEL1.jpeg 1600w\" sizes=\"(max-width: 1024px) 100vw, 1024px\" \/><\/a><\/figure>\n\n\n\n<p><\/p>\n\n\n\n<p><strong>\u00bfC\u00f3mo te recibieron en el Ayuntamiento de San Morales?<\/strong>&nbsp;Muy bien y muy contentos.&nbsp;<\/p>\n\n\n\n<p><strong>\u00bfEstabas nervioso cuando llegaste?<\/strong>&nbsp;No mucho, ya que los conoc\u00eda de hablar a veces con ellos.&nbsp;<\/p>\n\n\n\n<p><strong>\u00bfEchas de menos a tus compa\u00f1eros con los que ibas a clase?<\/strong>&nbsp;S\u00ed, la verdad es que s\u00ed, porque el ambiente que ten\u00eda en clase con algunos compa\u00f1eros era muy bueno.&nbsp;<\/p>\n\n\n\n<p><strong>\u00bfSe te&nbsp;ha hecho muy raro el cambio del instituto a una empresa?\u202f\u00bfPor qu\u00e9?<\/strong>&nbsp;A m\u00ed me ha gustado el cambio, porque pasas de hablarlo a realizarlo.&nbsp;<\/p>\n\n\n\n<p><strong>Concreta qu\u00e9 tareas has realizado durante tus pr\u00e1cticas.<\/strong>&nbsp;Ordenar facturas, meter libros en una aplicaci\u00f3n para hacer una biblioteca, un inventario de la herramienta que hab\u00eda en el ayuntamiento, etc.&nbsp;<\/p>\n\n\n\n<p><strong>\u00bfEst\u00e1s poniendo en pr\u00e1ctica todo lo que aprendiste?<\/strong>&nbsp;Muchas cosas s\u00ed.&nbsp;<\/p>\n\n\n\n<p><strong>\u00bfQu\u00e9 vas a hacer cuando termines las pr\u00e1cticas?<\/strong>&nbsp;A\u00fan estoy indeciso.&nbsp;<\/p>\n\n\n\n<p><strong>Despu\u00e9s de hacer las pr\u00e1cticas y ver lo que es, \u00bfseguir\u00edas estudiando servicios administrativos?<\/strong>&nbsp;Puede ser.&nbsp;<\/p>\n\n\n\n<p><strong>\u00bfTe gustar\u00eda trabajar all\u00ed alg\u00fan d\u00eda?<\/strong>&nbsp;La verdad es que s\u00ed.&nbsp;<\/p>\n\n\n\n<p><\/p>\n\n\n\n<p class=\"has-drop-cap\">Javier Miguel Mart\u00edn, natural de Villoria, est\u00e1 realizando las pr\u00e1cticas en el Ayuntamiento de esta localidad.&nbsp;<\/p>\n\n\n\n<p><strong>\u00bfC\u00f3mo te imaginabas las pr\u00e1cticas antes de entrar?&nbsp;<\/strong>&nbsp;Me imaginaba que eran m\u00e1s dif\u00edciles.&nbsp;<\/p>\n\n\n\n<p><strong>\u00bfTe gusta el trabajo que est\u00e1s realizando? \u00bfEs complicado?<\/strong>&nbsp;S\u00ed, cuando se coge el truco ya no es complicado.&nbsp;<\/p>\n\n\n\n<figure class=\"wp-block-image size-large\"><a href=\"http:\/\/www.iessenara.es\/Revista\/wp-content\/uploads\/2023\/05\/Javier-Miguel-Martin.jpg\"><img decoding=\"async\" loading=\"lazy\" width=\"1024\" height=\"768\" src=\"http:\/\/www.iessenara.es\/Revista\/wp-content\/uploads\/2023\/05\/Javier-Miguel-Martin-1024x768.jpg\" alt=\"\" class=\"wp-image-4050\" srcset=\"https:\/\/www.iessenara.es\/Revista\/wp-content\/uploads\/2023\/05\/Javier-Miguel-Martin-1024x768.jpg 1024w, https:\/\/www.iessenara.es\/Revista\/wp-content\/uploads\/2023\/05\/Javier-Miguel-Martin-300x225.jpg 300w, https:\/\/www.iessenara.es\/Revista\/wp-content\/uploads\/2023\/05\/Javier-Miguel-Martin-768x576.jpg 768w, https:\/\/www.iessenara.es\/Revista\/wp-content\/uploads\/2023\/05\/Javier-Miguel-Martin-1536x1152.jpg 1536w, https:\/\/www.iessenara.es\/Revista\/wp-content\/uploads\/2023\/05\/Javier-Miguel-Martin.jpg 1920w\" sizes=\"(max-width: 1024px) 100vw, 1024px\" \/><\/a><\/figure>\n\n\n\n<p><\/p>\n\n\n\n<p><strong>\u00bfC\u00f3mo te recibieron en el Ayuntamiento de Villoria?<\/strong>\u00a0Fenomenal.\u00a0<\/p>\n\n\n\n<p><strong>\u00bfEstabas nervioso cuando llegaste?<\/strong>&nbsp;S\u00ed, porque llegas all\u00ed sin conocer a nadie.&nbsp;&nbsp;<\/p>\n\n\n\n<p><strong>\u00bfEchas de menos a tus compa\u00f1eros con los que ibas a clase?<\/strong>&nbsp;S\u00ed, se echa mucho de menos.&nbsp;&nbsp;<\/p>\n\n\n\n<p><strong>\u00bfSe te ha hecho muy raro el cambio del instituto a una empresa?\u202f\u00bfPor qu\u00e9?<\/strong>&nbsp;S\u00ed, porque las tonter\u00edas que haces en clase aqu\u00ed no las puedes hacer.&nbsp;<\/p>\n\n\n\n<p><strong>Concreta qu\u00e9 tareas has realizado durante tus pr\u00e1cticas.<\/strong>&nbsp;Coger el tel\u00e9fono, hacer fotocopias, atender a gente&#8230;&nbsp;<\/p>\n\n\n\n<p><strong>\u00bfEst\u00e1s poniendo en pr\u00e1ctica todo lo que aprendiste?\u202f<\/strong>&nbsp;S\u00ed, es necesario.&nbsp;&nbsp;<\/p>\n\n\n\n<p><strong>\u00bfQu\u00e9 vas a hacer cuando termines las pr\u00e1cticas?<\/strong>&nbsp;Depende, a lo mejor trabajar o seguir estudiando un grado medio.&nbsp;&nbsp;<\/p>\n\n\n\n<p><strong>Despu\u00e9s de hacer las pr\u00e1cticas y ver lo que es, \u00bfseguir\u00edas estudiando servicios administrativos?<\/strong>&nbsp;No, porque no es lo que me gustar\u00eda ser de mayor.&nbsp;&nbsp;<\/p>\n\n\n\n<p><strong>\u00bfTe gustar\u00eda trabajar all\u00ed alg\u00fan d\u00eda?<\/strong>&nbsp;No.&nbsp;&nbsp;<\/p>\n","protected":false},"excerpt":{"rendered":"<p>Los alumnos de Formaci\u00f3n Profesional B\u00e1sica I del I.E.S. Senara entrevistan, para la revista Cosas del Senara, a tres compa\u00f1eros de Formaci\u00f3n Profesional B\u00e1sica II que est\u00e1n realizando el m\u00f3dulo de Formaci\u00f3n en Centros&#46;&#46;&#46;<\/p>\n","protected":false},"author":3,"featured_media":4049,"comment_status":"open","ping_status":"open","sticky":false,"template":"","format":"standard","meta":{"jetpack_post_was_ever_published":false,"jetpack_publicize_message":"","jetpack_is_tweetstorm":false,"jetpack_publicize_feature_enabled":true,"jetpack_social_options":[]},"categories":[6,10],"tags":[385,387,386,384],"jetpack_publicize_connections":[],"jetpack_featured_media_url":"https:\/\/www.iessenara.es\/Revista\/wp-content\/uploads\/2023\/05\/FCT-16-9.jpg","jetpack_sharing_enabled":true,"jetpack_shortlink":"https:\/\/wp.me\/p5mbkp-12L","_links":{"self":[{"href":"https:\/\/www.iessenara.es\/Revista\/index.php?rest_route=\/wp\/v2\/posts\/4015"}],"collection":[{"href":"https:\/\/www.iessenara.es\/Revista\/index.php?rest_route=\/wp\/v2\/posts"}],"about":[{"href":"https:\/\/www.iessenara.es\/Revista\/index.php?rest_route=\/wp\/v2\/types\/post"}],"author":[{"embeddable":true,"href":"https:\/\/www.iessenara.es\/Revista\/index.php?rest_route=\/wp\/v2\/users\/3"}],"replies":[{"embeddable":true,"href":"https:\/\/www.iessenara.es\/Revista\/index.php?rest_route=%2Fwp%2Fv2%2Fcomments&post=4015"}],"version-history":[{"count":13,"href":"https:\/\/www.iessenara.es\/Revista\/index.php?rest_route=\/wp\/v2\/posts\/4015\/revisions"}],"predecessor-version":[{"id":4052,"href":"https:\/\/www.iessenara.es\/Revista\/index.php?rest_route=\/wp\/v2\/posts\/4015\/revisions\/4052"}],"wp:featuredmedia":[{"embeddable":true,"href":"https:\/\/www.iessenara.es\/Revista\/index.php?rest_route=\/wp\/v2\/media\/4049"}],"wp:attachment":[{"href":"https:\/\/www.iessenara.es\/Revista\/index.php?rest_route=%2Fwp%2Fv2%2Fmedia&parent=4015"}],"wp:term":[{"taxonomy":"category","embeddable":true,"href":"https:\/\/www.iessenara.es\/Revista\/index.php?rest_route=%2Fwp%2Fv2%2Fcategories&post=4015"},{"taxonomy":"post_tag","embeddable":true,"href":"https:\/\/www.iessenara.es\/Revista\/index.php?rest_route=%2Fwp%2Fv2%2Ftags&post=4015"}],"curies":[{"name":"wp","href":"https:\/\/api.w.org\/{rel}","templated":true}]}}