{"id":4053,"date":"2023-05-29T10:57:33","date_gmt":"2023-05-29T09:57:33","guid":{"rendered":"http:\/\/www.iessenara.es\/Revista\/?p=4053"},"modified":"2023-05-30T18:06:17","modified_gmt":"2023-05-30T17:06:17","slug":"el-i-e-s-senara-consigue-el-primer-puesto-en-el-iii-encuentro-de-ajedrez-intercentros","status":"publish","type":"post","link":"https:\/\/www.iessenara.es\/Revista\/?p=4053","title":{"rendered":"El I.E.S. Senara consigue el primer puesto en el III Encuentro de Ajedrez Intercentros"},"content":{"rendered":"\n<p>SANTIAGO PASCUAL IZQUIERDO, jefe del Dpto. de Matem\u00e1ticas.<\/p>\n\n\n\n<p>El pasado viernes, 26 de mayo, tuvo lugar el III Encuentro de Ajedrez Intercentros en las instalaciones del I.E.S. Mart\u00ednez Uribarri de Salamanca, donde participaron un total de 22 equipos pertenecientes a 10 centros de Salamanca (capital y provincia).&nbsp;<\/p>\n\n\n\n<figure class=\"wp-block-image size-large\"><a href=\"http:\/\/www.iessenara.es\/Revista\/wp-content\/uploads\/2023\/05\/III-Encuentro-ajedrez-intercentros-1.jpg\"><img decoding=\"async\" loading=\"lazy\" width=\"1024\" height=\"771\" src=\"http:\/\/www.iessenara.es\/Revista\/wp-content\/uploads\/2023\/05\/III-Encuentro-ajedrez-intercentros-1-1024x771.jpg\" alt=\"\" class=\"wp-image-4055\" srcset=\"https:\/\/www.iessenara.es\/Revista\/wp-content\/uploads\/2023\/05\/III-Encuentro-ajedrez-intercentros-1-1024x771.jpg 1024w, https:\/\/www.iessenara.es\/Revista\/wp-content\/uploads\/2023\/05\/III-Encuentro-ajedrez-intercentros-1-300x226.jpg 300w, https:\/\/www.iessenara.es\/Revista\/wp-content\/uploads\/2023\/05\/III-Encuentro-ajedrez-intercentros-1-768x578.jpg 768w, https:\/\/www.iessenara.es\/Revista\/wp-content\/uploads\/2023\/05\/III-Encuentro-ajedrez-intercentros-1.jpg 1063w\" sizes=\"(max-width: 1024px) 100vw, 1024px\" \/><\/a><figcaption class=\"wp-element-caption\"><em>Participantes en el III Encuentro de Ajedrez Intercentros. <\/em>Foto: Jos\u00e9 Nogareda.&nbsp;<\/figcaption><\/figure>\n\n\n\n<p>En esta ocasi\u00f3n nuestro centro ha estado representado por ocho alumnos distribuidos en dos equipos: I.E.S. Senara A, formado por: Antonio Benito y Arturo Moralejo de 1.\u00ba de Bachillerato, junto con Daniel del Pozo y Jos\u00e9 Javier Mart\u00edn de 4.\u00ba ESO, que, despu\u00e9s de seis partidas, consiguieron alzarse con el primer puesto del torneo.&nbsp;<\/p>\n\n\n\n<div class=\"wp-block-jetpack-slideshow aligncenter\" data-effect=\"slide\"><div class=\"wp-block-jetpack-slideshow_container swiper-container\"><ul class=\"wp-block-jetpack-slideshow_swiper-wrapper swiper-wrapper\"><li class=\"wp-block-jetpack-slideshow_slide swiper-slide\"><figure><img decoding=\"async\" loading=\"lazy\" width=\"600\" height=\"800\" alt=\"\" class=\"wp-block-jetpack-slideshow_image wp-image-4058\" data-id=\"4058\" src=\"http:\/\/www.iessenara.es\/Revista\/wp-content\/uploads\/2023\/05\/III-Encuentro-ajedrez-intercentros-5.jpg\" srcset=\"https:\/\/www.iessenara.es\/Revista\/wp-content\/uploads\/2023\/05\/III-Encuentro-ajedrez-intercentros-5.jpg 600w, https:\/\/www.iessenara.es\/Revista\/wp-content\/uploads\/2023\/05\/III-Encuentro-ajedrez-intercentros-5-225x300.jpg 225w\" sizes=\"(max-width: 600px) 100vw, 600px\" \/><\/figure><\/li><li class=\"wp-block-jetpack-slideshow_slide swiper-slide\"><figure><img decoding=\"async\" loading=\"lazy\" width=\"578\" height=\"325\" alt=\"\" class=\"wp-block-jetpack-slideshow_image wp-image-4056\" data-id=\"4056\" src=\"http:\/\/www.iessenara.es\/Revista\/wp-content\/uploads\/2023\/05\/III-Encuentro-ajedrez-intercentros-2.jpg\" srcset=\"https:\/\/www.iessenara.es\/Revista\/wp-content\/uploads\/2023\/05\/III-Encuentro-ajedrez-intercentros-2.jpg 578w, https:\/\/www.iessenara.es\/Revista\/wp-content\/uploads\/2023\/05\/III-Encuentro-ajedrez-intercentros-2-300x169.jpg 300w\" sizes=\"(max-width: 578px) 100vw, 578px\" \/><\/figure><\/li><li class=\"wp-block-jetpack-slideshow_slide swiper-slide\"><figure><img decoding=\"async\" loading=\"lazy\" width=\"725\" height=\"407\" alt=\"\" class=\"wp-block-jetpack-slideshow_image wp-image-4057\" data-id=\"4057\" src=\"http:\/\/www.iessenara.es\/Revista\/wp-content\/uploads\/2023\/05\/III-Encuentro-ajedrez-intercentros-3.jpg\" srcset=\"https:\/\/www.iessenara.es\/Revista\/wp-content\/uploads\/2023\/05\/III-Encuentro-ajedrez-intercentros-3.jpg 725w, https:\/\/www.iessenara.es\/Revista\/wp-content\/uploads\/2023\/05\/III-Encuentro-ajedrez-intercentros-3-300x168.jpg 300w\" sizes=\"(max-width: 725px) 100vw, 725px\" \/><\/figure><\/li><li class=\"wp-block-jetpack-slideshow_slide swiper-slide\"><figure><img decoding=\"async\" loading=\"lazy\" width=\"1024\" height=\"743\" alt=\"\" class=\"wp-block-jetpack-slideshow_image wp-image-4060\" data-id=\"4060\" src=\"http:\/\/www.iessenara.es\/Revista\/wp-content\/uploads\/2023\/05\/III-Encuentro-ajedrez-intercentros-7-1024x743.jpg\" srcset=\"https:\/\/www.iessenara.es\/Revista\/wp-content\/uploads\/2023\/05\/III-Encuentro-ajedrez-intercentros-7-1024x743.jpg 1024w, https:\/\/www.iessenara.es\/Revista\/wp-content\/uploads\/2023\/05\/III-Encuentro-ajedrez-intercentros-7-300x218.jpg 300w, https:\/\/www.iessenara.es\/Revista\/wp-content\/uploads\/2023\/05\/III-Encuentro-ajedrez-intercentros-7-768x558.jpg 768w, https:\/\/www.iessenara.es\/Revista\/wp-content\/uploads\/2023\/05\/III-Encuentro-ajedrez-intercentros-7.jpg 1080w\" sizes=\"(max-width: 1024px) 100vw, 1024px\" \/><\/figure><\/li><li class=\"wp-block-jetpack-slideshow_slide swiper-slide\"><figure><img decoding=\"async\" loading=\"lazy\" width=\"1024\" height=\"576\" alt=\"\" class=\"wp-block-jetpack-slideshow_image wp-image-4068\" data-id=\"4068\" src=\"http:\/\/www.iessenara.es\/Revista\/wp-content\/uploads\/2023\/05\/WhatsApp-Image-2023-05-26-at-09.49.22-1024x576.jpeg\" srcset=\"https:\/\/www.iessenara.es\/Revista\/wp-content\/uploads\/2023\/05\/WhatsApp-Image-2023-05-26-at-09.49.22-1024x576.jpeg 1024w, https:\/\/www.iessenara.es\/Revista\/wp-content\/uploads\/2023\/05\/WhatsApp-Image-2023-05-26-at-09.49.22-300x169.jpeg 300w, https:\/\/www.iessenara.es\/Revista\/wp-content\/uploads\/2023\/05\/WhatsApp-Image-2023-05-26-at-09.49.22-768x432.jpeg 768w, https:\/\/www.iessenara.es\/Revista\/wp-content\/uploads\/2023\/05\/WhatsApp-Image-2023-05-26-at-09.49.22-1536x864.jpeg 1536w, https:\/\/www.iessenara.es\/Revista\/wp-content\/uploads\/2023\/05\/WhatsApp-Image-2023-05-26-at-09.49.22.jpeg 1599w\" sizes=\"(max-width: 1024px) 100vw, 1024px\" \/><\/figure><\/li><li class=\"wp-block-jetpack-slideshow_slide swiper-slide\"><figure><img decoding=\"async\" loading=\"lazy\" width=\"1024\" height=\"576\" alt=\"\" class=\"wp-block-jetpack-slideshow_image wp-image-4069\" data-id=\"4069\" src=\"http:\/\/www.iessenara.es\/Revista\/wp-content\/uploads\/2023\/05\/WhatsApp-Image-2023-05-26-at-09.49.40-1024x576.jpeg\" srcset=\"https:\/\/www.iessenara.es\/Revista\/wp-content\/uploads\/2023\/05\/WhatsApp-Image-2023-05-26-at-09.49.40-1024x576.jpeg 1024w, https:\/\/www.iessenara.es\/Revista\/wp-content\/uploads\/2023\/05\/WhatsApp-Image-2023-05-26-at-09.49.40-300x169.jpeg 300w, https:\/\/www.iessenara.es\/Revista\/wp-content\/uploads\/2023\/05\/WhatsApp-Image-2023-05-26-at-09.49.40-768x432.jpeg 768w, https:\/\/www.iessenara.es\/Revista\/wp-content\/uploads\/2023\/05\/WhatsApp-Image-2023-05-26-at-09.49.40-1536x864.jpeg 1536w, https:\/\/www.iessenara.es\/Revista\/wp-content\/uploads\/2023\/05\/WhatsApp-Image-2023-05-26-at-09.49.40.jpeg 1599w\" sizes=\"(max-width: 1024px) 100vw, 1024px\" \/><\/figure><\/li><li class=\"wp-block-jetpack-slideshow_slide swiper-slide\"><figure><img decoding=\"async\" loading=\"lazy\" width=\"1024\" height=\"576\" alt=\"\" class=\"wp-block-jetpack-slideshow_image wp-image-4070\" data-id=\"4070\" src=\"http:\/\/www.iessenara.es\/Revista\/wp-content\/uploads\/2023\/05\/WhatsApp-Image-2023-05-26-at-09.50.30-1024x576.jpeg\" srcset=\"https:\/\/www.iessenara.es\/Revista\/wp-content\/uploads\/2023\/05\/WhatsApp-Image-2023-05-26-at-09.50.30-1024x576.jpeg 1024w, https:\/\/www.iessenara.es\/Revista\/wp-content\/uploads\/2023\/05\/WhatsApp-Image-2023-05-26-at-09.50.30-300x169.jpeg 300w, https:\/\/www.iessenara.es\/Revista\/wp-content\/uploads\/2023\/05\/WhatsApp-Image-2023-05-26-at-09.50.30-768x432.jpeg 768w, https:\/\/www.iessenara.es\/Revista\/wp-content\/uploads\/2023\/05\/WhatsApp-Image-2023-05-26-at-09.50.30-1536x864.jpeg 1536w, https:\/\/www.iessenara.es\/Revista\/wp-content\/uploads\/2023\/05\/WhatsApp-Image-2023-05-26-at-09.50.30.jpeg 1599w\" sizes=\"(max-width: 1024px) 100vw, 1024px\" \/><\/figure><\/li><li class=\"wp-block-jetpack-slideshow_slide swiper-slide\"><figure><img decoding=\"async\" loading=\"lazy\" width=\"576\" height=\"1024\" alt=\"\" class=\"wp-block-jetpack-slideshow_image wp-image-4071\" data-id=\"4071\" src=\"http:\/\/www.iessenara.es\/Revista\/wp-content\/uploads\/2023\/05\/WhatsApp-Image-2023-05-26-at-10.15.45-576x1024.jpeg\" srcset=\"https:\/\/www.iessenara.es\/Revista\/wp-content\/uploads\/2023\/05\/WhatsApp-Image-2023-05-26-at-10.15.45-576x1024.jpeg 576w, https:\/\/www.iessenara.es\/Revista\/wp-content\/uploads\/2023\/05\/WhatsApp-Image-2023-05-26-at-10.15.45-169x300.jpeg 169w, https:\/\/www.iessenara.es\/Revista\/wp-content\/uploads\/2023\/05\/WhatsApp-Image-2023-05-26-at-10.15.45-768x1366.jpeg 768w, https:\/\/www.iessenara.es\/Revista\/wp-content\/uploads\/2023\/05\/WhatsApp-Image-2023-05-26-at-10.15.45-864x1536.jpeg 864w, https:\/\/www.iessenara.es\/Revista\/wp-content\/uploads\/2023\/05\/WhatsApp-Image-2023-05-26-at-10.15.45.jpeg 899w\" sizes=\"(max-width: 576px) 100vw, 576px\" \/><\/figure><\/li><li class=\"wp-block-jetpack-slideshow_slide swiper-slide\"><figure><img decoding=\"async\" loading=\"lazy\" width=\"1024\" height=\"472\" alt=\"\" class=\"wp-block-jetpack-slideshow_image wp-image-4072\" data-id=\"4072\" src=\"http:\/\/www.iessenara.es\/Revista\/wp-content\/uploads\/2023\/05\/WhatsApp-Image-2023-05-28-at-17.39.52-1024x472.jpeg\" srcset=\"https:\/\/www.iessenara.es\/Revista\/wp-content\/uploads\/2023\/05\/WhatsApp-Image-2023-05-28-at-17.39.52-1024x472.jpeg 1024w, https:\/\/www.iessenara.es\/Revista\/wp-content\/uploads\/2023\/05\/WhatsApp-Image-2023-05-28-at-17.39.52-300x138.jpeg 300w, https:\/\/www.iessenara.es\/Revista\/wp-content\/uploads\/2023\/05\/WhatsApp-Image-2023-05-28-at-17.39.52-768x354.jpeg 768w, https:\/\/www.iessenara.es\/Revista\/wp-content\/uploads\/2023\/05\/WhatsApp-Image-2023-05-28-at-17.39.52-1536x708.jpeg 1536w, https:\/\/www.iessenara.es\/Revista\/wp-content\/uploads\/2023\/05\/WhatsApp-Image-2023-05-28-at-17.39.52.jpeg 1600w\" sizes=\"(max-width: 1024px) 100vw, 1024px\" \/><\/figure><\/li><li class=\"wp-block-jetpack-slideshow_slide swiper-slide\"><figure><img decoding=\"async\" loading=\"lazy\" width=\"1024\" height=\"472\" alt=\"\" class=\"wp-block-jetpack-slideshow_image wp-image-4073\" data-id=\"4073\" src=\"http:\/\/www.iessenara.es\/Revista\/wp-content\/uploads\/2023\/05\/WhatsApp-Image-2023-05-28-at-17.41.09-1024x472.jpeg\" srcset=\"https:\/\/www.iessenara.es\/Revista\/wp-content\/uploads\/2023\/05\/WhatsApp-Image-2023-05-28-at-17.41.09-1024x472.jpeg 1024w, https:\/\/www.iessenara.es\/Revista\/wp-content\/uploads\/2023\/05\/WhatsApp-Image-2023-05-28-at-17.41.09-300x138.jpeg 300w, https:\/\/www.iessenara.es\/Revista\/wp-content\/uploads\/2023\/05\/WhatsApp-Image-2023-05-28-at-17.41.09-768x354.jpeg 768w, https:\/\/www.iessenara.es\/Revista\/wp-content\/uploads\/2023\/05\/WhatsApp-Image-2023-05-28-at-17.41.09-1536x708.jpeg 1536w, https:\/\/www.iessenara.es\/Revista\/wp-content\/uploads\/2023\/05\/WhatsApp-Image-2023-05-28-at-17.41.09.jpeg 1600w\" sizes=\"(max-width: 1024px) 100vw, 1024px\" \/><\/figure><\/li><li class=\"wp-block-jetpack-slideshow_slide swiper-slide\"><figure><img decoding=\"async\" loading=\"lazy\" width=\"1024\" height=\"472\" alt=\"\" class=\"wp-block-jetpack-slideshow_image wp-image-4074\" data-id=\"4074\" src=\"http:\/\/www.iessenara.es\/Revista\/wp-content\/uploads\/2023\/05\/WhatsApp-Image-2023-05-28-at-17.42.50-1024x472.jpeg\" srcset=\"https:\/\/www.iessenara.es\/Revista\/wp-content\/uploads\/2023\/05\/WhatsApp-Image-2023-05-28-at-17.42.50-1024x472.jpeg 1024w, https:\/\/www.iessenara.es\/Revista\/wp-content\/uploads\/2023\/05\/WhatsApp-Image-2023-05-28-at-17.42.50-300x138.jpeg 300w, https:\/\/www.iessenara.es\/Revista\/wp-content\/uploads\/2023\/05\/WhatsApp-Image-2023-05-28-at-17.42.50-768x354.jpeg 768w, https:\/\/www.iessenara.es\/Revista\/wp-content\/uploads\/2023\/05\/WhatsApp-Image-2023-05-28-at-17.42.50-1536x708.jpeg 1536w, https:\/\/www.iessenara.es\/Revista\/wp-content\/uploads\/2023\/05\/WhatsApp-Image-2023-05-28-at-17.42.50.jpeg 1600w\" sizes=\"(max-width: 1024px) 100vw, 1024px\" \/><\/figure><\/li><li class=\"wp-block-jetpack-slideshow_slide swiper-slide\"><figure><img decoding=\"async\" loading=\"lazy\" width=\"472\" height=\"1024\" alt=\"\" class=\"wp-block-jetpack-slideshow_image wp-image-4075\" data-id=\"4075\" src=\"http:\/\/www.iessenara.es\/Revista\/wp-content\/uploads\/2023\/05\/WhatsApp-Image-2023-05-28-at-17.46.58-472x1024.jpeg\" srcset=\"https:\/\/www.iessenara.es\/Revista\/wp-content\/uploads\/2023\/05\/WhatsApp-Image-2023-05-28-at-17.46.58-472x1024.jpeg 472w, https:\/\/www.iessenara.es\/Revista\/wp-content\/uploads\/2023\/05\/WhatsApp-Image-2023-05-28-at-17.46.58-138x300.jpeg 138w, https:\/\/www.iessenara.es\/Revista\/wp-content\/uploads\/2023\/05\/WhatsApp-Image-2023-05-28-at-17.46.58-708x1536.jpeg 708w, https:\/\/www.iessenara.es\/Revista\/wp-content\/uploads\/2023\/05\/WhatsApp-Image-2023-05-28-at-17.46.58.jpeg 737w\" sizes=\"(max-width: 472px) 100vw, 472px\" \/><\/figure><\/li><li class=\"wp-block-jetpack-slideshow_slide swiper-slide\"><figure><img decoding=\"async\" loading=\"lazy\" width=\"1024\" height=\"472\" alt=\"\" class=\"wp-block-jetpack-slideshow_image wp-image-4076\" data-id=\"4076\" src=\"http:\/\/www.iessenara.es\/Revista\/wp-content\/uploads\/2023\/05\/WhatsApp-Image-2023-05-28-at-17.46.59-1024x472.jpeg\" srcset=\"https:\/\/www.iessenara.es\/Revista\/wp-content\/uploads\/2023\/05\/WhatsApp-Image-2023-05-28-at-17.46.59-1024x472.jpeg 1024w, https:\/\/www.iessenara.es\/Revista\/wp-content\/uploads\/2023\/05\/WhatsApp-Image-2023-05-28-at-17.46.59-300x138.jpeg 300w, https:\/\/www.iessenara.es\/Revista\/wp-content\/uploads\/2023\/05\/WhatsApp-Image-2023-05-28-at-17.46.59-768x354.jpeg 768w, https:\/\/www.iessenara.es\/Revista\/wp-content\/uploads\/2023\/05\/WhatsApp-Image-2023-05-28-at-17.46.59-1536x708.jpeg 1536w, https:\/\/www.iessenara.es\/Revista\/wp-content\/uploads\/2023\/05\/WhatsApp-Image-2023-05-28-at-17.46.59.jpeg 1600w\" sizes=\"(max-width: 1024px) 100vw, 1024px\" \/><\/figure><\/li><\/ul><a class=\"wp-block-jetpack-slideshow_button-prev swiper-button-prev swiper-button-white\" role=\"button\"><\/a><a class=\"wp-block-jetpack-slideshow_button-next swiper-button-next swiper-button-white\" role=\"button\"><\/a><a aria-label=\"Pause Slideshow\" class=\"wp-block-jetpack-slideshow_button-pause\" role=\"button\"><\/a><div class=\"wp-block-jetpack-slideshow_pagination swiper-pagination swiper-pagination-white\"><\/div><\/div><\/div>\n\n\n\n<p>El otro equipo, I.E.S. Senara B, formado por: cuatro alumnos de 1.\u00ba de ESO: \u00cdker Ortiz, Daniel Ruano, Samuel P\u00e9rez y Alejandro Gonz\u00e1lez, tambi\u00e9n demostr\u00f3 un buen nivel de juego, pues consiguieron tres de los seis puntos posibles.&nbsp;<\/p>\n\n\n\n<p>A mitad de la jornada, como en ocasiones anteriores, todos los participantes fueron obsequiados con un almuerzo, ofrecido por el centro organizador, para reponer fuerzas e intercambiar opiniones entre ellos.&nbsp;<\/p>\n\n\n\n<p>La mejor manera de demostrar su agradecimiento, por el trato recibido, fue un magn\u00edfico comportamiento y una gran deportividad por parte de todos ellos.&nbsp;<\/p>\n\n\n\n<p>Por \u00faltimo, agradecer a los organizadores la realizaci\u00f3n de este tipo de actos que muestran la importancia del ajedrez como algo m\u00e1s que una simple actividad deportiva.&nbsp;<\/p>\n\n\n\n<p>Tambi\u00e9n, agradecer la predisposici\u00f3n de los padres y madres para traer y llevar a los alumnos de nuestro centro para poder participar en la actividad, pues sin su colaboraci\u00f3n no habr\u00eda sido posible.&nbsp;<\/p>\n","protected":false},"excerpt":{"rendered":"<p>SANTIAGO PASCUAL IZQUIERDO, jefe del Dpto. de Matem\u00e1ticas. El pasado viernes, 26 de mayo, tuvo lugar el III Encuentro de Ajedrez Intercentros en las instalaciones del I.E.S. Mart\u00ednez Uribarri de Salamanca, donde participaron un&#46;&#46;&#46;<\/p>\n","protected":false},"author":3,"featured_media":4061,"comment_status":"open","ping_status":"open","sticky":false,"template":"","format":"standard","meta":{"jetpack_post_was_ever_published":false,"jetpack_publicize_message":"","jetpack_is_tweetstorm":false,"jetpack_publicize_feature_enabled":true,"jetpack_social_options":[]},"categories":[6],"tags":[291,390,292],"jetpack_publicize_connections":[],"jetpack_featured_media_url":"https:\/\/www.iessenara.es\/Revista\/wp-content\/uploads\/2023\/05\/III-Encuentro-ajedrez-intercentros-16-9.jpg","jetpack_sharing_enabled":true,"jetpack_shortlink":"https:\/\/wp.me\/p5mbkp-13n","_links":{"self":[{"href":"https:\/\/www.iessenara.es\/Revista\/index.php?rest_route=\/wp\/v2\/posts\/4053"}],"collection":[{"href":"https:\/\/www.iessenara.es\/Revista\/index.php?rest_route=\/wp\/v2\/posts"}],"about":[{"href":"https:\/\/www.iessenara.es\/Revista\/index.php?rest_route=\/wp\/v2\/types\/post"}],"author":[{"embeddable":true,"href":"https:\/\/www.iessenara.es\/Revista\/index.php?rest_route=\/wp\/v2\/users\/3"}],"replies":[{"embeddable":true,"href":"https:\/\/www.iessenara.es\/Revista\/index.php?rest_route=%2Fwp%2Fv2%2Fcomments&post=4053"}],"version-history":[{"count":7,"href":"https:\/\/www.iessenara.es\/Revista\/index.php?rest_route=\/wp\/v2\/posts\/4053\/revisions"}],"predecessor-version":[{"id":4078,"href":"https:\/\/www.iessenara.es\/Revista\/index.php?rest_route=\/wp\/v2\/posts\/4053\/revisions\/4078"}],"wp:featuredmedia":[{"embeddable":true,"href":"https:\/\/www.iessenara.es\/Revista\/index.php?rest_route=\/wp\/v2\/media\/4061"}],"wp:attachment":[{"href":"https:\/\/www.iessenara.es\/Revista\/index.php?rest_route=%2Fwp%2Fv2%2Fmedia&parent=4053"}],"wp:term":[{"taxonomy":"category","embeddable":true,"href":"https:\/\/www.iessenara.es\/Revista\/index.php?rest_route=%2Fwp%2Fv2%2Fcategories&post=4053"},{"taxonomy":"post_tag","embeddable":true,"href":"https:\/\/www.iessenara.es\/Revista\/index.php?rest_route=%2Fwp%2Fv2%2Ftags&post=4053"}],"curies":[{"name":"wp","href":"https:\/\/api.w.org\/{rel}","templated":true}]}}