{"id":4111,"date":"2023-06-05T18:07:26","date_gmt":"2023-06-05T17:07:26","guid":{"rendered":"http:\/\/www.iessenara.es\/Revista\/?p=4111"},"modified":"2023-06-05T18:07:28","modified_gmt":"2023-06-05T17:07:28","slug":"judit-gonzalez-romero-y-alba-garcia-de-la-fuente-ganadoras-del-xi-premio-de-traduccion-fons-salvtis","status":"publish","type":"post","link":"https:\/\/www.iessenara.es\/Revista\/?p=4111","title":{"rendered":"Judit Gonz\u00e1lez Romero y Alba Garc\u00eda de la Fuente, ganadoras del XI Premio de Traducci\u00f3n FONS SALVTIS"},"content":{"rendered":"\n<p>NURIA FREIR\u00cdA DOM\u00cdNGUEZ, Jefa del Dpto. de Cultura Cl\u00e1sica<\/p>\n\n\n\n<p>El pasado 19 de mayo tuvo lugar la entrega del XI Premio de Traducci\u00f3n FONS SALVTIS (Memorial Bego\u00f1a P\u00e9rez C\u00e1ceres), cuyo objetivo es dar a conocer las grandes creaciones de los autores grecolatinos desde los propios textos.&nbsp;&nbsp;&nbsp;<\/p>\n\n\n\n<p>Con la celebraci\u00f3n de este premio queremos invitar al alumnado a valorar la importancia de la labor de las traductoras y traductores, tan necesaria y frecuentemente infravalorada y mal sustituida por inteligencias artificiales. Tambi\u00e9n nos proponemos favorecer el contacto del alumnado con la literatura latina, sin la cual todo el arte cl\u00e1sico y de todas las \u00e9pocas posteriores ser\u00eda tan distinto.&nbsp;&nbsp;&nbsp;<\/p>\n\n\n\n<div class=\"wp-block-jetpack-slideshow aligncenter\" data-effect=\"slide\"><div class=\"wp-block-jetpack-slideshow_container swiper-container\"><ul class=\"wp-block-jetpack-slideshow_swiper-wrapper swiper-wrapper\"><li class=\"wp-block-jetpack-slideshow_slide swiper-slide\"><figure><img decoding=\"async\" loading=\"lazy\" width=\"800\" height=\"532\" alt=\"\" class=\"wp-block-jetpack-slideshow_image wp-image-4112\" data-id=\"4112\" src=\"http:\/\/www.iessenara.es\/Revista\/wp-content\/uploads\/2023\/06\/Premios-XI-Font-Salvtis.jpeg\" srcset=\"https:\/\/www.iessenara.es\/Revista\/wp-content\/uploads\/2023\/06\/Premios-XI-Font-Salvtis.jpeg 800w, https:\/\/www.iessenara.es\/Revista\/wp-content\/uploads\/2023\/06\/Premios-XI-Font-Salvtis-300x200.jpeg 300w, https:\/\/www.iessenara.es\/Revista\/wp-content\/uploads\/2023\/06\/Premios-XI-Font-Salvtis-768x511.jpeg 768w\" sizes=\"(max-width: 800px) 100vw, 800px\" \/><\/figure><\/li><li class=\"wp-block-jetpack-slideshow_slide swiper-slide\"><figure><img decoding=\"async\" loading=\"lazy\" width=\"1024\" height=\"768\" alt=\"\" class=\"wp-block-jetpack-slideshow_image wp-image-4114\" data-id=\"4114\" src=\"http:\/\/www.iessenara.es\/Revista\/wp-content\/uploads\/2023\/06\/WhatsApp-Image-2023-06-02-at-09.46.00-2.jpeg\" srcset=\"https:\/\/www.iessenara.es\/Revista\/wp-content\/uploads\/2023\/06\/WhatsApp-Image-2023-06-02-at-09.46.00-2.jpeg 1024w, https:\/\/www.iessenara.es\/Revista\/wp-content\/uploads\/2023\/06\/WhatsApp-Image-2023-06-02-at-09.46.00-2-300x225.jpeg 300w, https:\/\/www.iessenara.es\/Revista\/wp-content\/uploads\/2023\/06\/WhatsApp-Image-2023-06-02-at-09.46.00-2-768x576.jpeg 768w\" sizes=\"(max-width: 1024px) 100vw, 1024px\" \/><\/figure><\/li><li class=\"wp-block-jetpack-slideshow_slide swiper-slide\"><figure><img decoding=\"async\" loading=\"lazy\" width=\"1024\" height=\"768\" alt=\"\" class=\"wp-block-jetpack-slideshow_image wp-image-4116\" data-id=\"4116\" src=\"http:\/\/www.iessenara.es\/Revista\/wp-content\/uploads\/2023\/06\/WhatsApp-Image-2023-06-02-at-09.53.03.jpeg\" srcset=\"https:\/\/www.iessenara.es\/Revista\/wp-content\/uploads\/2023\/06\/WhatsApp-Image-2023-06-02-at-09.53.03.jpeg 1024w, https:\/\/www.iessenara.es\/Revista\/wp-content\/uploads\/2023\/06\/WhatsApp-Image-2023-06-02-at-09.53.03-300x225.jpeg 300w, https:\/\/www.iessenara.es\/Revista\/wp-content\/uploads\/2023\/06\/WhatsApp-Image-2023-06-02-at-09.53.03-768x576.jpeg 768w\" sizes=\"(max-width: 1024px) 100vw, 1024px\" \/><\/figure><\/li><li class=\"wp-block-jetpack-slideshow_slide swiper-slide\"><figure><img decoding=\"async\" loading=\"lazy\" width=\"1024\" height=\"768\" alt=\"\" class=\"wp-block-jetpack-slideshow_image wp-image-4115\" data-id=\"4115\" src=\"http:\/\/www.iessenara.es\/Revista\/wp-content\/uploads\/2023\/06\/WhatsApp-Image-2023-06-02-at-09.46.00.jpeg\" srcset=\"https:\/\/www.iessenara.es\/Revista\/wp-content\/uploads\/2023\/06\/WhatsApp-Image-2023-06-02-at-09.46.00.jpeg 1024w, https:\/\/www.iessenara.es\/Revista\/wp-content\/uploads\/2023\/06\/WhatsApp-Image-2023-06-02-at-09.46.00-300x225.jpeg 300w, https:\/\/www.iessenara.es\/Revista\/wp-content\/uploads\/2023\/06\/WhatsApp-Image-2023-06-02-at-09.46.00-768x576.jpeg 768w\" sizes=\"(max-width: 1024px) 100vw, 1024px\" \/><\/figure><\/li><li class=\"wp-block-jetpack-slideshow_slide swiper-slide\"><figure><img decoding=\"async\" loading=\"lazy\" width=\"1024\" height=\"768\" alt=\"\" class=\"wp-block-jetpack-slideshow_image wp-image-4113\" data-id=\"4113\" src=\"http:\/\/www.iessenara.es\/Revista\/wp-content\/uploads\/2023\/06\/WhatsApp-Image-2023-06-02-at-09.45.17-1024x768.jpeg\" srcset=\"https:\/\/www.iessenara.es\/Revista\/wp-content\/uploads\/2023\/06\/WhatsApp-Image-2023-06-02-at-09.45.17-1024x768.jpeg 1024w, https:\/\/www.iessenara.es\/Revista\/wp-content\/uploads\/2023\/06\/WhatsApp-Image-2023-06-02-at-09.45.17-300x225.jpeg 300w, https:\/\/www.iessenara.es\/Revista\/wp-content\/uploads\/2023\/06\/WhatsApp-Image-2023-06-02-at-09.45.17-768x576.jpeg 768w, https:\/\/www.iessenara.es\/Revista\/wp-content\/uploads\/2023\/06\/WhatsApp-Image-2023-06-02-at-09.45.17-1536x1152.jpeg 1536w, https:\/\/www.iessenara.es\/Revista\/wp-content\/uploads\/2023\/06\/WhatsApp-Image-2023-06-02-at-09.45.17.jpeg 1600w\" sizes=\"(max-width: 1024px) 100vw, 1024px\" \/><\/figure><\/li><li class=\"wp-block-jetpack-slideshow_slide swiper-slide\"><figure><img decoding=\"async\" loading=\"lazy\" width=\"1024\" height=\"768\" alt=\"\" class=\"wp-block-jetpack-slideshow_image wp-image-4117\" data-id=\"4117\" src=\"http:\/\/www.iessenara.es\/Revista\/wp-content\/uploads\/2023\/06\/WhatsApp-Image-2023-06-02-at-09.53.23.jpeg\" srcset=\"https:\/\/www.iessenara.es\/Revista\/wp-content\/uploads\/2023\/06\/WhatsApp-Image-2023-06-02-at-09.53.23.jpeg 1024w, https:\/\/www.iessenara.es\/Revista\/wp-content\/uploads\/2023\/06\/WhatsApp-Image-2023-06-02-at-09.53.23-300x225.jpeg 300w, https:\/\/www.iessenara.es\/Revista\/wp-content\/uploads\/2023\/06\/WhatsApp-Image-2023-06-02-at-09.53.23-768x576.jpeg 768w\" sizes=\"(max-width: 1024px) 100vw, 1024px\" \/><\/figure><\/li><\/ul><a class=\"wp-block-jetpack-slideshow_button-prev swiper-button-prev swiper-button-white\" role=\"button\"><\/a><a class=\"wp-block-jetpack-slideshow_button-next swiper-button-next swiper-button-white\" role=\"button\"><\/a><a aria-label=\"Pause Slideshow\" class=\"wp-block-jetpack-slideshow_button-pause\" role=\"button\"><\/a><div class=\"wp-block-jetpack-slideshow_pagination swiper-pagination swiper-pagination-white\"><\/div><\/div><\/div>\n\n\n\n<p>El texto elegido para este a\u00f1o planteaba grandes dificultades para la traducci\u00f3n, ya que se trataba de un fragmento de las <em>Metamorfosis<\/em> de Ovidio en el que Dafne se convierte en laurel al escapar de Apolo, una escena fant\u00e1stica y por lo tanto especialmente dif\u00edcil de expresar verbalmente. En el fragmento se describe al detalle c\u00f3mo Dafne, tras suplicar a su padre, se va convirtiendo poco a poco en laurel justo en el momento en el que Apolo, enamorado de ella pero no correspondido, la alcanza. Se trata de uno de los fragmentos m\u00e1s ic\u00f3nicos de la literatura latina, inspiraci\u00f3n de muchas otras expresiones art\u00edsticas a lo largo de la historia como pueden ser la famosa estatua de <em>Apolo y Dafne<\/em> de Bernini, el soneto VIII de Garcilaso o los sonetos <em>A Apolo siguiendo a Dafne y A Dafne, huyendo de Apolo<\/em>, de Quevedo.&nbsp;&nbsp;&nbsp;<\/p>\n\n\n\n<p>Debido a la extensi\u00f3n y a la dificultad del texto propuesto, ninguna de las concursantes logr\u00f3 hacer la traducci\u00f3n completa. Con todo, el jurado, conformado por el profesor Jos\u00e9 Fernando Pablos Navazo y la profesora Nuria Freir\u00eda Dom\u00ednguez, considera que destacan y son merecedoras de un acc\u00e9sit dos traducciones: la de Judit Gonz\u00e1lez Romero y la de Alba Garc\u00eda de la Fuente, tambi\u00e9n ganadora de la X edici\u00f3n. Cada una de las alumnas recibi\u00f3 un diploma y un premio de 50\u20ac aportados por el AMPA y por el IES Senara a partes iguales y fue el profesor Jos\u00e9 Fernando Pablos Navazo quien hizo entrega de dichos premios y a quien agradecemos profundamente su implicaci\u00f3n en la organizaci\u00f3n del concurso y su visita al centro con motivo de la entrega de premios.&nbsp; A continuaci\u00f3n, presentamos el fragmento en versi\u00f3n original y la traducci\u00f3n del mismo por Ana P\u00e9rez Vega:&nbsp;&nbsp;<\/p>\n\n\n\n<p>\u201cfer, pater,\u201d inquit \u201copem si flumina numen habetis!&nbsp;<\/p>\n\n\n\n<p>Qua nimium placui, mutando perde figuram!\u201d&nbsp;&nbsp;<\/p>\n\n\n\n<p>Vix prece finita, torpor gravis occupat artus:&nbsp;<\/p>\n\n\n\n<p>mollia cinguntur tenui praecordia libro,&nbsp;<\/p>\n\n\n\n<p>in frondem crines, in ramos bracchia crescunt,&nbsp;<\/p>\n\n\n\n<p>pes, modo tam velox, pigris radicibus haeret,&nbsp;<\/p>\n\n\n\n<p>ora cacumen habet; remanet nitor unus in illa.&nbsp;&nbsp;<\/p>\n\n\n\n<p>Hanc quoque Phoebus amat positaque in stipite dextra&nbsp;<\/p>\n\n\n\n<p>sentit adhuc trepidare novo sub cortice pectus&nbsp;<\/p>\n\n\n\n<p>conplexusque suis ramos, ut membra, lacertis&nbsp;<\/p>\n\n\n\n<p>oscula dat ligno: refugit tamen oscula lignum.&nbsp;&nbsp;<\/p>\n\n\n\n<p>Cui deus \u201cAt quoniam coniux mea non potes esse,&nbsp;<\/p>\n\n\n\n<p>arbor eris certe\u201d dixit \u201cmea\u00bb.&nbsp;&nbsp;&nbsp;<\/p>\n\n\n\n<p>\u00abAux\u00edliame, padre m\u00edo, si los r\u00edos ten\u00e9is poder divino; transf\u00f3rmame y haz que yo pierda la figura por la que he agradado excesivamente\u00bb.&nbsp;&nbsp;&nbsp;&nbsp;<\/p>\n\n\n\n<p>Apenas terminada la s\u00faplica, una pesada torpeza se apodera de sus miembros, sus delicados senos se ci\u00f1en con una tierna corteza, sus cabellos se alargan y se transforman en follaje y sus brazos en ramas; los pies, antes tan r\u00e1pidos, se adhieren al suelo con ra\u00edces hondas y su rostro es rematado por la copa; solamente permanece en ella el brillo<sup>1<\/sup>. Febo tambi\u00e9n as\u00ed la ama y, apoyada su diestra en el tronco, todav\u00eda siente que su coraz\u00f3n palpita bajo la corteza nueva y, estrechando con sus manos las ramas que reemplazan a sus miembros, da besos a la madera; sin embargo, la madera reh\u00fasa sus besos. Y el dios le dijo: \u00abYa que no puedes ser mi esposa, ser\u00e1s en verdad mi \u00e1rbol\u00bb.&nbsp;<\/p>\n\n\n\n<p class=\"has-small-font-size\"><sup>1<\/sup>\u201csolamente\u2026 el brillo.\u201d Se hace referencia al brillo de las hojas del laurel, en el que queda transformada la belleza deslumbrante de Dafne.&nbsp;<\/p>\n","protected":false},"excerpt":{"rendered":"<p>NURIA FREIR\u00cdA DOM\u00cdNGUEZ, Jefa del Dpto. de Cultura Cl\u00e1sica El pasado 19 de mayo tuvo lugar la entrega del XI Premio de Traducci\u00f3n FONS SALVTIS (Memorial Bego\u00f1a P\u00e9rez C\u00e1ceres), cuyo objetivo es dar a&#46;&#46;&#46;<\/p>\n","protected":false},"author":3,"featured_media":4120,"comment_status":"open","ping_status":"open","sticky":false,"template":"","format":"standard","meta":{"jetpack_post_was_ever_published":false,"jetpack_publicize_message":"","jetpack_is_tweetstorm":false,"jetpack_publicize_feature_enabled":true,"jetpack_social_options":[]},"categories":[11,10],"tags":[58,35,59],"jetpack_publicize_connections":[],"jetpack_featured_media_url":"https:\/\/www.iessenara.es\/Revista\/wp-content\/uploads\/2023\/06\/Premios-XI-Font-Salvtis-16-9.jpeg","jetpack_sharing_enabled":true,"jetpack_shortlink":"https:\/\/wp.me\/p5mbkp-14j","_links":{"self":[{"href":"https:\/\/www.iessenara.es\/Revista\/index.php?rest_route=\/wp\/v2\/posts\/4111"}],"collection":[{"href":"https:\/\/www.iessenara.es\/Revista\/index.php?rest_route=\/wp\/v2\/posts"}],"about":[{"href":"https:\/\/www.iessenara.es\/Revista\/index.php?rest_route=\/wp\/v2\/types\/post"}],"author":[{"embeddable":true,"href":"https:\/\/www.iessenara.es\/Revista\/index.php?rest_route=\/wp\/v2\/users\/3"}],"replies":[{"embeddable":true,"href":"https:\/\/www.iessenara.es\/Revista\/index.php?rest_route=%2Fwp%2Fv2%2Fcomments&post=4111"}],"version-history":[{"count":5,"href":"https:\/\/www.iessenara.es\/Revista\/index.php?rest_route=\/wp\/v2\/posts\/4111\/revisions"}],"predecessor-version":[{"id":4123,"href":"https:\/\/www.iessenara.es\/Revista\/index.php?rest_route=\/wp\/v2\/posts\/4111\/revisions\/4123"}],"wp:featuredmedia":[{"embeddable":true,"href":"https:\/\/www.iessenara.es\/Revista\/index.php?rest_route=\/wp\/v2\/media\/4120"}],"wp:attachment":[{"href":"https:\/\/www.iessenara.es\/Revista\/index.php?rest_route=%2Fwp%2Fv2%2Fmedia&parent=4111"}],"wp:term":[{"taxonomy":"category","embeddable":true,"href":"https:\/\/www.iessenara.es\/Revista\/index.php?rest_route=%2Fwp%2Fv2%2Fcategories&post=4111"},{"taxonomy":"post_tag","embeddable":true,"href":"https:\/\/www.iessenara.es\/Revista\/index.php?rest_route=%2Fwp%2Fv2%2Ftags&post=4111"}],"curies":[{"name":"wp","href":"https:\/\/api.w.org\/{rel}","templated":true}]}}