{"id":412,"date":"2015-01-28T10:34:23","date_gmt":"2015-01-28T10:34:23","guid":{"rendered":"http:\/\/www.iessenara.es\/Revista\/?p=412"},"modified":"2015-01-28T10:34:23","modified_gmt":"2015-01-28T10:34:23","slug":"las-auroras-boreales","status":"publish","type":"post","link":"https:\/\/www.iessenara.es\/Revista\/?p=412","title":{"rendered":"Las auroras boreales"},"content":{"rendered":"<p>&nbsp;<\/p>\n<p><span style=\"color: #000000\">Las auroras boreales son un fen\u00f3meno en forma de brillo o luminiscencia que aparece en el cielo nocturno, normalmente en zonas polares. Una aurora boreal se produce cuando part\u00edculas que vienen del Sol (viento solar) chocan con los polos norte y sur del campo magn\u00e9tico (cintur\u00f3n de Van Allen), produciendo una luz difusa proyectada en la ionosfera terrestre. Las part\u00edculas cargadas (protones y electrones) son guiadas por el campo magn\u00e9tico de la Tierra e inciden en la atm\u00f3sfera, cerca de los polos.<\/span><\/p>\n<p><span style=\"color: #000000\"><a style=\"color: #000000\" href=\"http:\/\/www.iessenara.es\/Revista\/wp-content\/uploads\/2015\/01\/aurora-1.jpg\"><br \/>\n<img decoding=\"async\" loading=\"lazy\" class=\"aligncenter  wp-image-415\" src=\"http:\/\/www.iessenara.es\/Revista\/wp-content\/uploads\/2015\/01\/aurora-1.jpg\" alt=\"aurora 1\" width=\"465\" height=\"294\" srcset=\"https:\/\/www.iessenara.es\/Revista\/wp-content\/uploads\/2015\/01\/aurora-1.jpg 482w, https:\/\/www.iessenara.es\/Revista\/wp-content\/uploads\/2015\/01\/aurora-1-300x189.jpg 300w\" sizes=\"(max-width: 465px) 100vw, 465px\" \/><\/a><\/span><\/p>\n<p><span style=\"color: #000000\">El viento solar tambi\u00e9n empuja a la magnetosfera y la deforma, de modo que, en lugar de un haz uniforme de l\u00edneas de campo magn\u00e9tico, como las que mostrar\u00eda un im\u00e1n imaginario colocado en direcci\u00f3n norte-sur en el interior de la Tierra, lo que se tiene es una estructura alargada con forma de cometa, con una larga cola en la direcci\u00f3n opuesta al Sol. Las part\u00edculas cargadas tienen la propiedad de quedar atrapadas y viajar a lo largo de las l\u00edneas de campo magn\u00e9tico, de manera que seguir\u00edan la trayectoria que les marquen estas.<\/span><\/p>\n<p><span style=\"color: #000000\">Cuando estas part\u00edculas chocan con los \u00e1tomos y las mol\u00e9culas de ox\u00edgeno y nitr\u00f3geno, que constituyen los componentes m\u00e1s abundantes del aire, parte de la energ\u00eda de la colisi\u00f3n excita esos \u00e1tomos a niveles de energ\u00eda tales que, cuando se desexcitan, devuelven esa energ\u00eda en forma de luz visible.<\/span><\/p>\n<p><a href=\"http:\/\/www.iessenara.es\/Revista\/wp-content\/uploads\/2015\/01\/aurora-2.jpg\"><img decoding=\"async\" loading=\"lazy\" class=\"alignleft size-full wp-image-418\" src=\"http:\/\/www.iessenara.es\/Revista\/wp-content\/uploads\/2015\/01\/aurora-2.jpg\" alt=\"aurora 2\" width=\"255\" height=\"175\" \/><\/a><\/p>\n<p><span style=\"color: #000000\"><a href=\"http:\/\/www.iessenara.es\/Revista\/wp-content\/uploads\/2015\/01\/aurora-3.jpg\"><img decoding=\"async\" loading=\"lazy\" class=\"alignright  wp-image-419\" src=\"http:\/\/www.iessenara.es\/Revista\/wp-content\/uploads\/2015\/01\/aurora-3.jpg\" alt=\"aurora 3\" width=\"245\" height=\"243\" srcset=\"https:\/\/www.iessenara.es\/Revista\/wp-content\/uploads\/2015\/01\/aurora-3.jpg 258w, https:\/\/www.iessenara.es\/Revista\/wp-content\/uploads\/2015\/01\/aurora-3-150x150.jpg 150w\" sizes=\"(max-width: 245px) 100vw, 245px\" \/><\/a><\/span><\/p>\n<p>&nbsp;<\/p>\n<p>&nbsp;<\/p>\n<p>&nbsp;<\/p>\n<p>&nbsp;<\/p>\n<p>&nbsp;<\/p>\n<p><span style=\"color: #000000\">Las auroras tienen formas, estructuras y colores muy diversos, que adem\u00e1s cambian r\u00e1pidamente con el tiempo. Los colores que vemos en las auroras boreales dependen de la especie at\u00f3mica o molecular que las part\u00edculas del viento solar excitan, y del nivel de energ\u00eda que esos \u00e1tomos o mol\u00e9culas alcanzan.<\/span><\/p>\n<p><span style=\"color: #000000\">Este fen\u00f3meno no est\u00e1 restringido a la Tierra. Otros planetas del Sistema Solar muestran fen\u00f3menos an\u00e1logos, como es el caso de J\u00fapiter y Saturno, que poseen campos magn\u00e9ticos m\u00e1s fuertes, y ambos poseen amplios cinturones de radiaci\u00f3n.<\/span><\/p>\n<p>&nbsp;<\/p>\n<p style=\"text-align: right\"><span style=\"color: #0000ff\"><strong>Ana Iglesias Benito \u00a0(2\u00ba de Bachillerato CIT)<\/strong><\/span><\/p>\n","protected":false},"excerpt":{"rendered":"<p>&nbsp; Las auroras boreales son un fen\u00f3meno en forma de brillo o luminiscencia que aparece en el cielo nocturno, normalmente en zonas polares. Una aurora boreal se produce cuando part\u00edculas que vienen del Sol&#46;&#46;&#46;<\/p>\n","protected":false},"author":3,"featured_media":415,"comment_status":"open","ping_status":"open","sticky":false,"template":"","format":"standard","meta":{"jetpack_post_was_ever_published":false,"jetpack_publicize_message":"","jetpack_is_tweetstorm":false,"jetpack_publicize_feature_enabled":true,"jetpack_social_options":[]},"categories":[8],"tags":[26,22],"jetpack_publicize_connections":[],"jetpack_featured_media_url":"https:\/\/www.iessenara.es\/Revista\/wp-content\/uploads\/2015\/01\/aurora-1.jpg","jetpack_sharing_enabled":true,"jetpack_shortlink":"https:\/\/wp.me\/p5mbkp-6E","_links":{"self":[{"href":"https:\/\/www.iessenara.es\/Revista\/index.php?rest_route=\/wp\/v2\/posts\/412"}],"collection":[{"href":"https:\/\/www.iessenara.es\/Revista\/index.php?rest_route=\/wp\/v2\/posts"}],"about":[{"href":"https:\/\/www.iessenara.es\/Revista\/index.php?rest_route=\/wp\/v2\/types\/post"}],"author":[{"embeddable":true,"href":"https:\/\/www.iessenara.es\/Revista\/index.php?rest_route=\/wp\/v2\/users\/3"}],"replies":[{"embeddable":true,"href":"https:\/\/www.iessenara.es\/Revista\/index.php?rest_route=%2Fwp%2Fv2%2Fcomments&post=412"}],"version-history":[{"count":11,"href":"https:\/\/www.iessenara.es\/Revista\/index.php?rest_route=\/wp\/v2\/posts\/412\/revisions"}],"predecessor-version":[{"id":426,"href":"https:\/\/www.iessenara.es\/Revista\/index.php?rest_route=\/wp\/v2\/posts\/412\/revisions\/426"}],"wp:featuredmedia":[{"embeddable":true,"href":"https:\/\/www.iessenara.es\/Revista\/index.php?rest_route=\/wp\/v2\/media\/415"}],"wp:attachment":[{"href":"https:\/\/www.iessenara.es\/Revista\/index.php?rest_route=%2Fwp%2Fv2%2Fmedia&parent=412"}],"wp:term":[{"taxonomy":"category","embeddable":true,"href":"https:\/\/www.iessenara.es\/Revista\/index.php?rest_route=%2Fwp%2Fv2%2Fcategories&post=412"},{"taxonomy":"post_tag","embeddable":true,"href":"https:\/\/www.iessenara.es\/Revista\/index.php?rest_route=%2Fwp%2Fv2%2Ftags&post=412"}],"curies":[{"name":"wp","href":"https:\/\/api.w.org\/{rel}","templated":true}]}}