{"id":4180,"date":"2023-06-29T11:03:26","date_gmt":"2023-06-29T10:03:26","guid":{"rendered":"http:\/\/www.iessenara.es\/Revista\/?p=4180"},"modified":"2023-06-29T12:27:19","modified_gmt":"2023-06-29T11:27:19","slug":"entrega-de-premios-del-torneo-de-ajedrez-y-del-concurso-de-fotografia","status":"publish","type":"post","link":"https:\/\/www.iessenara.es\/Revista\/?p=4180","title":{"rendered":"Entrega de premios del torneo de ajedrez y del concurso de fotograf\u00eda"},"content":{"rendered":"\n<p>SANTIAGO PASCUAL IZQUIERDO, Jefe del Dpto. de Matem\u00e1ticas<\/p>\n\n\n\n<p>alumnos, se procedi\u00f3 a la entrega de premios del concurso de fotograf\u00eda y del torneo de ajedrez.&nbsp;<\/p>\n\n\n\n<p>El torneo individual de ajedrez se ha desarrollado desde el mes de noviembre, durante los recreos, en la biblioteca del IES Senara.&nbsp;&nbsp;<\/p>\n\n\n\n<p>El n\u00famero de participantes en esta actividad ha sido muy elevado, teniendo en cuenta las caracter\u00edsticas del centro. Es un orgullo que de los 22 inscritos al comienzo de la actividad, la hayan terminado 18. Enhorabuena a todos ellos.&nbsp;&nbsp;<\/p>\n\n\n\n<p>El modelo elegido para disputar las partidas ha sido tipo liga, jugando todos contra todos. A finales del mes de abril, se dividi\u00f3 a los alumnos que a\u00fan segu\u00edan participando en dos grupos. El primer grupo lo formaron alumnos de 1.\u00ba de ESO y el segundo, todos los dem\u00e1s; de modo que los que m\u00e1s puntuaci\u00f3n hab\u00edan alcanzado hasta la fecha jugasen un minitorneo entre ellos. Este minitorneo se desarroll\u00f3 durante el mes de mayo y sirvi\u00f3 para determinar los participantes en el III Encuentro de Ajedrez Intercentros de Salamanca.&nbsp;<\/p>\n\n\n\n<p>En el grupo de los mayores, los tres primeros clasificados fueron: Antonio Benito, Daniel del Pozo y Jos\u00e9 Javier Mart\u00edn; y en el grupo de 1.\u00ba de ESO: \u00cdker Ortiz, Samuel P\u00e9rez y Daniel Ruano. Todos los participantes recibieron una medalla y un trofeo a los primeros clasificados de las dos categor\u00edas.&nbsp;<\/p>\n\n\n\n<p>Despu\u00e9s de la entrega de medallas y trofeos se realiz\u00f3 un reconocimiento p\u00fablico al equipo formado por Antonio Benito y Arturo Moralejo de 1.\u00ba de Bachillerato, y Daniel del Pozo y Jos\u00e9 Javier Mart\u00edn de 4.\u00ba ESO, que consiguieron alzarse con el primer puesto en el III Encuentro de Ajedrez Intercentros celebrado el 26 de mayo en las instalaciones del IES Mart\u00ednez Uribarri de Salamanca, donde participaron un total de 22 equipos pertenecientes a 10 centros de Salamanca (capital y provincia). Tambi\u00e9n se hizo extensivo el reconocimiento al equipo formado por los cuatro alumnos de 1.\u00ba de ESO: \u00cdker Ortiz, Daniel Ruano, Samuel P\u00e9rez y Alejandro Gonz\u00e1lez, por su buen papel en el encuentro.&nbsp;<\/p>\n\n\n\n<p>Santiago Pascual, como organizador de la actividad, agradece a todos los participantes su colaboraci\u00f3n y su buen hacer y anima a que en la pr\u00f3xima edici\u00f3n haya m\u00e1s participaci\u00f3n femenina, ya que en este curso solo han participado dos alumnas.&nbsp;<\/p>\n\n\n\n<div class=\"wp-block-jetpack-slideshow aligncenter\" data-effect=\"slide\"><div class=\"wp-block-jetpack-slideshow_container swiper-container\"><ul class=\"wp-block-jetpack-slideshow_swiper-wrapper swiper-wrapper\"><li class=\"wp-block-jetpack-slideshow_slide swiper-slide\"><figure><img decoding=\"async\" loading=\"lazy\" width=\"1024\" height=\"768\" alt=\"\" class=\"wp-block-jetpack-slideshow_image wp-image-4183\" data-id=\"4183\" src=\"http:\/\/www.iessenara.es\/Revista\/wp-content\/uploads\/2023\/06\/1688023267284-1024x768.jpg\" srcset=\"https:\/\/www.iessenara.es\/Revista\/wp-content\/uploads\/2023\/06\/1688023267284-1024x768.jpg 1024w, https:\/\/www.iessenara.es\/Revista\/wp-content\/uploads\/2023\/06\/1688023267284-300x225.jpg 300w, https:\/\/www.iessenara.es\/Revista\/wp-content\/uploads\/2023\/06\/1688023267284-768x576.jpg 768w, https:\/\/www.iessenara.es\/Revista\/wp-content\/uploads\/2023\/06\/1688023267284-1536x1152.jpg 1536w, https:\/\/www.iessenara.es\/Revista\/wp-content\/uploads\/2023\/06\/1688023267284-2048x1536.jpg 2048w\" sizes=\"(max-width: 1024px) 100vw, 1024px\" \/><\/figure><\/li><li class=\"wp-block-jetpack-slideshow_slide swiper-slide\"><figure><img decoding=\"async\" loading=\"lazy\" width=\"1024\" height=\"768\" alt=\"\" class=\"wp-block-jetpack-slideshow_image wp-image-4182\" data-id=\"4182\" src=\"http:\/\/www.iessenara.es\/Revista\/wp-content\/uploads\/2023\/06\/1688023267235-1024x768.jpg\" srcset=\"https:\/\/www.iessenara.es\/Revista\/wp-content\/uploads\/2023\/06\/1688023267235-1024x768.jpg 1024w, https:\/\/www.iessenara.es\/Revista\/wp-content\/uploads\/2023\/06\/1688023267235-300x225.jpg 300w, https:\/\/www.iessenara.es\/Revista\/wp-content\/uploads\/2023\/06\/1688023267235-768x576.jpg 768w, https:\/\/www.iessenara.es\/Revista\/wp-content\/uploads\/2023\/06\/1688023267235-1536x1152.jpg 1536w, https:\/\/www.iessenara.es\/Revista\/wp-content\/uploads\/2023\/06\/1688023267235-2048x1536.jpg 2048w\" sizes=\"(max-width: 1024px) 100vw, 1024px\" \/><\/figure><\/li><\/ul><a class=\"wp-block-jetpack-slideshow_button-prev swiper-button-prev swiper-button-white\" role=\"button\"><\/a><a class=\"wp-block-jetpack-slideshow_button-next swiper-button-next swiper-button-white\" role=\"button\"><\/a><a aria-label=\"Pause Slideshow\" class=\"wp-block-jetpack-slideshow_button-pause\" role=\"button\"><\/a><div class=\"wp-block-jetpack-slideshow_pagination swiper-pagination swiper-pagination-white\"><\/div><\/div><\/div>\n\n\n\n<p>Adem\u00e1s, tambi\u00e9n se procedi\u00f3 a la entrega de premios a los ganadores del concurso de fotograf\u00eda. Este concurso, organizado por el departamento de Matem\u00e1ticas con la colaboraci\u00f3n de los departamentos de Educaci\u00f3n Pl\u00e1stica, Biolog\u00eda y Geolog\u00eda y Geograf\u00eda e Historia, se convoc\u00f3 en el segundo trimestre. El t\u00edtulo del concurso para el presente curso ha sido \u201cLa geometr\u00eda en tu vida\u201d, cuyas bases se publicaron en la p\u00e1gina web del centro.&nbsp;<\/p>\n\n\n\n<p>El jurado formado por los componentes de los departamentos arriba mencionados hizo una preselecci\u00f3n de 17 fotograf\u00edas entre todas las presentadas, siendo, posteriormente, todo el alumnado y el profesorado del centro quien eligiese las que considerase mejores.&nbsp;<\/p>\n\n\n\n<p>As\u00ed, las fotograf\u00edas ganadoras en cada una de las dos categor\u00edas fueron:&nbsp;<\/p>\n\n\n\n<p>Categor\u00eda de ESO: 1.\u00aa \u201cLa gota\u201d, realizada por Sandra Guti\u00e9rrez B\u00e9cares; 2.\u00aa \u201cCalma\u201d, realizada por Alejandro Gonz\u00e1lez Barbero y acc\u00e9sit: \u201cGeometr\u00eda con color\u201d, realizada por Luca Garc\u00eda Manj\u00f3n&nbsp;<\/p>\n\n\n\n<p>Categor\u00eda de Bachillerato: 1.\u00aa \u201cEsferas\u201d, realizada por \u00c1ngela S\u00e1nchez S\u00e1nchez; 2.\u00aa \u201cDimensi\u00f3n espejo\u201d, realizada por Marta Guti\u00e9rrez B\u00e9cares y acc\u00e9sit: \u201cLuz musical\u201d, realizada por Irene Blanco Nore\u00f1a.&nbsp;<\/p>\n\n\n\n<p>Los ganadores recibieron un diploma acreditativo y una tarjeta regalo. La foto \u201cLa gota\u201d, de Sandra Guti\u00e9rrez, ser\u00e1 la portada de la agenda escolar del curso 2023-2024.&nbsp;<\/p>\n\n\n\n<p>Los departamentos organizadores de la actividad agradecen a todos los participantes su colaboraci\u00f3n y los animan a seguir haciendo fotograf\u00edas.&nbsp;<\/p>\n\n\n\n<p>Aunque en este curso se han presentado muchas fotograf\u00edas y algunas de ellas muy buenas, esperamos que el pr\u00f3ximo curso se supere tanto el n\u00famero como su calidad.&nbsp;<\/p>\n\n\n\n<div class=\"wp-block-jetpack-slideshow aligncenter\" data-effect=\"slide\"><div class=\"wp-block-jetpack-slideshow_container swiper-container\"><ul class=\"wp-block-jetpack-slideshow_swiper-wrapper swiper-wrapper\"><li class=\"wp-block-jetpack-slideshow_slide swiper-slide\"><figure><img decoding=\"async\" loading=\"lazy\" width=\"1024\" height=\"768\" alt=\"\" class=\"wp-block-jetpack-slideshow_image wp-image-4185\" data-id=\"4185\" src=\"http:\/\/www.iessenara.es\/Revista\/wp-content\/uploads\/2023\/06\/1688023146892.jpg\" srcset=\"https:\/\/www.iessenara.es\/Revista\/wp-content\/uploads\/2023\/06\/1688023146892.jpg 1024w, https:\/\/www.iessenara.es\/Revista\/wp-content\/uploads\/2023\/06\/1688023146892-300x225.jpg 300w, https:\/\/www.iessenara.es\/Revista\/wp-content\/uploads\/2023\/06\/1688023146892-768x576.jpg 768w\" sizes=\"(max-width: 1024px) 100vw, 1024px\" \/><\/figure><\/li><li class=\"wp-block-jetpack-slideshow_slide swiper-slide\"><figure><img decoding=\"async\" loading=\"lazy\" width=\"1024\" height=\"768\" alt=\"\" class=\"wp-block-jetpack-slideshow_image wp-image-4184\" data-id=\"4184\" src=\"http:\/\/www.iessenara.es\/Revista\/wp-content\/uploads\/2023\/06\/1688023146865.jpg\" srcset=\"https:\/\/www.iessenara.es\/Revista\/wp-content\/uploads\/2023\/06\/1688023146865.jpg 1024w, https:\/\/www.iessenara.es\/Revista\/wp-content\/uploads\/2023\/06\/1688023146865-300x225.jpg 300w, https:\/\/www.iessenara.es\/Revista\/wp-content\/uploads\/2023\/06\/1688023146865-768x576.jpg 768w\" sizes=\"(max-width: 1024px) 100vw, 1024px\" \/><\/figure><\/li><li class=\"wp-block-jetpack-slideshow_slide swiper-slide\"><figure><img decoding=\"async\" loading=\"lazy\" width=\"1024\" height=\"768\" alt=\"\" class=\"wp-block-jetpack-slideshow_image wp-image-4186\" data-id=\"4186\" src=\"http:\/\/www.iessenara.es\/Revista\/wp-content\/uploads\/2023\/06\/1688023287105-1024x768.jpg\" srcset=\"https:\/\/www.iessenara.es\/Revista\/wp-content\/uploads\/2023\/06\/1688023287105-1024x768.jpg 1024w, https:\/\/www.iessenara.es\/Revista\/wp-content\/uploads\/2023\/06\/1688023287105-300x225.jpg 300w, https:\/\/www.iessenara.es\/Revista\/wp-content\/uploads\/2023\/06\/1688023287105-768x576.jpg 768w, https:\/\/www.iessenara.es\/Revista\/wp-content\/uploads\/2023\/06\/1688023287105-1536x1152.jpg 1536w, https:\/\/www.iessenara.es\/Revista\/wp-content\/uploads\/2023\/06\/1688023287105-2048x1536.jpg 2048w\" sizes=\"(max-width: 1024px) 100vw, 1024px\" \/><\/figure><\/li><\/ul><a class=\"wp-block-jetpack-slideshow_button-prev swiper-button-prev swiper-button-white\" role=\"button\"><\/a><a class=\"wp-block-jetpack-slideshow_button-next swiper-button-next swiper-button-white\" role=\"button\"><\/a><a aria-label=\"Pause Slideshow\" class=\"wp-block-jetpack-slideshow_button-pause\" role=\"button\"><\/a><div class=\"wp-block-jetpack-slideshow_pagination swiper-pagination swiper-pagination-white\"><\/div><\/div><\/div>\n\n\n\n<p>Finalmente, para terminar el acto se procedi\u00f3 a la entrega de una tarjeta regalo a las alumnas Tania Almaraz Mart\u00edn, Noa \u00c1lvarez Calvo, Natalia Barbero Gonz\u00e1lez, Irene Blanco Nore\u00f1a, Marwa Bousada, Ana P\u00e9rez Vaquero y Laura Rubia de la Torre, como reconocimiento al tercer premio conseguido en la I Gala Final del Concurso de V\u00eddeos Cient\u00edficos Mu\u00e9vete con Bioetanol, celebrada el 7 de marzo en Salamanca. El premio obtenido por nuestras alumnas consisti\u00f3 en un cheque por un importe de 1000 euros, que se destinaron al centro educativo. Adem\u00e1s, recibieron tres libros de la colecci\u00f3n \u201cMu\u00e9vete con bioetanol\u201d y su v\u00eddeo se difundi\u00f3 en las redes sociales de la Fundaci\u00f3n Vertex Bioenergy y Big Van Ciencia. Por \u00faltimo, las alumnas pudieron realizar una visita guiada a la Planta de Biocarburantes de Castilla y Le\u00f3n, situada en Babilafuente.&nbsp;<\/p>\n\n\n\n<figure class=\"wp-block-image size-large\"><a href=\"http:\/\/www.iessenara.es\/Revista\/wp-content\/uploads\/2023\/06\/1688023267202-scaled.jpg\"><img decoding=\"async\" loading=\"lazy\" width=\"1024\" height=\"768\" src=\"http:\/\/www.iessenara.es\/Revista\/wp-content\/uploads\/2023\/06\/1688023267202-1024x768.jpg\" alt=\"\" class=\"wp-image-4187\" srcset=\"https:\/\/www.iessenara.es\/Revista\/wp-content\/uploads\/2023\/06\/1688023267202-1024x768.jpg 1024w, https:\/\/www.iessenara.es\/Revista\/wp-content\/uploads\/2023\/06\/1688023267202-300x225.jpg 300w, https:\/\/www.iessenara.es\/Revista\/wp-content\/uploads\/2023\/06\/1688023267202-768x576.jpg 768w, https:\/\/www.iessenara.es\/Revista\/wp-content\/uploads\/2023\/06\/1688023267202-1536x1152.jpg 1536w, https:\/\/www.iessenara.es\/Revista\/wp-content\/uploads\/2023\/06\/1688023267202-2048x1536.jpg 2048w\" sizes=\"(max-width: 1024px) 100vw, 1024px\" \/><\/a><\/figure>\n","protected":false},"excerpt":{"rendered":"<p>SANTIAGO PASCUAL IZQUIERDO, Jefe del Dpto. de Matem\u00e1ticas alumnos, se procedi\u00f3 a la entrega de premios del concurso de fotograf\u00eda y del torneo de ajedrez.&nbsp; El torneo individual de ajedrez se ha desarrollado desde&#46;&#46;&#46;<\/p>\n","protected":false},"author":3,"featured_media":4204,"comment_status":"open","ping_status":"open","sticky":false,"template":"","format":"standard","meta":{"jetpack_post_was_ever_published":false,"jetpack_publicize_message":"","jetpack_is_tweetstorm":false,"jetpack_publicize_feature_enabled":true,"jetpack_social_options":[]},"categories":[13,8],"tags":[291,329,67,68,292],"jetpack_publicize_connections":[],"jetpack_featured_media_url":"https:\/\/www.iessenara.es\/Revista\/wp-content\/uploads\/2023\/06\/Entrega-de-premios-1-16-9-1.jpg","jetpack_sharing_enabled":true,"jetpack_shortlink":"https:\/\/wp.me\/p5mbkp-15q","_links":{"self":[{"href":"https:\/\/www.iessenara.es\/Revista\/index.php?rest_route=\/wp\/v2\/posts\/4180"}],"collection":[{"href":"https:\/\/www.iessenara.es\/Revista\/index.php?rest_route=\/wp\/v2\/posts"}],"about":[{"href":"https:\/\/www.iessenara.es\/Revista\/index.php?rest_route=\/wp\/v2\/types\/post"}],"author":[{"embeddable":true,"href":"https:\/\/www.iessenara.es\/Revista\/index.php?rest_route=\/wp\/v2\/users\/3"}],"replies":[{"embeddable":true,"href":"https:\/\/www.iessenara.es\/Revista\/index.php?rest_route=%2Fwp%2Fv2%2Fcomments&post=4180"}],"version-history":[{"count":2,"href":"https:\/\/www.iessenara.es\/Revista\/index.php?rest_route=\/wp\/v2\/posts\/4180\/revisions"}],"predecessor-version":[{"id":4190,"href":"https:\/\/www.iessenara.es\/Revista\/index.php?rest_route=\/wp\/v2\/posts\/4180\/revisions\/4190"}],"wp:featuredmedia":[{"embeddable":true,"href":"https:\/\/www.iessenara.es\/Revista\/index.php?rest_route=\/wp\/v2\/media\/4204"}],"wp:attachment":[{"href":"https:\/\/www.iessenara.es\/Revista\/index.php?rest_route=%2Fwp%2Fv2%2Fmedia&parent=4180"}],"wp:term":[{"taxonomy":"category","embeddable":true,"href":"https:\/\/www.iessenara.es\/Revista\/index.php?rest_route=%2Fwp%2Fv2%2Fcategories&post=4180"},{"taxonomy":"post_tag","embeddable":true,"href":"https:\/\/www.iessenara.es\/Revista\/index.php?rest_route=%2Fwp%2Fv2%2Ftags&post=4180"}],"curies":[{"name":"wp","href":"https:\/\/api.w.org\/{rel}","templated":true}]}}