{"id":4191,"date":"2023-06-29T11:17:55","date_gmt":"2023-06-29T10:17:55","guid":{"rendered":"http:\/\/www.iessenara.es\/Revista\/?p=4191"},"modified":"2023-06-29T11:17:57","modified_gmt":"2023-06-29T10:17:57","slug":"entrevista-a-manuel-angel-dominguez-lopez","status":"publish","type":"post","link":"https:\/\/www.iessenara.es\/Revista\/?p=4191","title":{"rendered":"Entrevista a Manuel \u00c1ngel Dom\u00ednguez L\u00f3pez"},"content":{"rendered":"\n<p>Manuel \u00c1ngel Dom\u00ednguez L\u00f3pez<em>, profesor del Dpto. de F\u00edsica y Qu\u00edmica, con destino definitivo en el IES Senara desde el curso 2020\/2021, se jubila despu\u00e9s de treinta y cinco a\u00f1os dedicado a la ense\u00f1anza. La Revista Cosas del Senara le ha hecho una entrevista <\/em>que termina con una bonita sorpresa<em>.<\/em><\/p>\n\n\n\n<p><strong>\u00bfEn qu\u00e9 momento supiste que la ense\u00f1anza era tu vocaci\u00f3n?&nbsp;<\/strong>&nbsp;<\/p>\n\n\n\n<p>Cuando ya estaba estudiando la carrera, mi objetivo era dedicarme a la educaci\u00f3n como primera opci\u00f3n.&nbsp;<\/p>\n\n\n\n<p><strong>De no haber sido profesor, \u00bfen qu\u00e9 otra profesi\u00f3n te habr\u00edas visto realizado?<\/strong>&nbsp;<\/p>\n\n\n\n<p>Futbolista, sin duda.&nbsp;<\/p>\n\n\n\n<p><strong>\u00bfHas tenido alg\u00fan profesor que te haya influido especialmente cuando eras estudiante?<\/strong>&nbsp;<\/p>\n\n\n\n<p>S\u00ed, un profesor de Lengua Castellana en secundaria, de ah\u00ed mi amor y creo que buen conocimiento de nuestra lengua.&nbsp;<\/p>\n\n\n\n<p><strong>En cuanto a tu trayectoria profesional, antes de llegar al lES Senara, \u00bfqu\u00e9 otros destinos han marcado tu camino?<\/strong>&nbsp;<\/p>\n\n\n\n<p>Han sido varios, pero sin duda en Cabezuela del Valle (Valle del Jerte, C\u00e1ceres), donde estuve doce a\u00f1os.&nbsp;<\/p>\n\n\n\n<p><strong>Cuando llegaste al Senara, \u00bfqu\u00e9 es lo que m\u00e1s te llam\u00f3 la atenci\u00f3n del instituto? \u00bfC\u00f3mo lo caracterizar\u00edas? \u00bfC\u00f3mo definir\u00edas a sus alumnos?&nbsp;<\/strong>&nbsp;<\/p>\n\n\n\n<p>Aunque es un IES con mucha volatilidad en cuanto al profesorado, en proporci\u00f3n a la plantilla, en general he encontrado mucha armon\u00eda. Los alumnos en general muy bien, no hay graves problemas de disciplina.&nbsp;<\/p>\n\n\n\n<div class=\"wp-block-jetpack-slideshow aligncenter\" data-effect=\"slide\"><div class=\"wp-block-jetpack-slideshow_container swiper-container\"><ul class=\"wp-block-jetpack-slideshow_swiper-wrapper swiper-wrapper\"><li class=\"wp-block-jetpack-slideshow_slide swiper-slide\"><figure><img decoding=\"async\" loading=\"lazy\" width=\"1024\" height=\"768\" alt=\"\" class=\"wp-block-jetpack-slideshow_image wp-image-4195\" data-id=\"4195\" src=\"http:\/\/www.iessenara.es\/Revista\/wp-content\/uploads\/2023\/06\/1687254183089-1024x768.jpg\" srcset=\"https:\/\/www.iessenara.es\/Revista\/wp-content\/uploads\/2023\/06\/1687254183089-1024x768.jpg 1024w, https:\/\/www.iessenara.es\/Revista\/wp-content\/uploads\/2023\/06\/1687254183089-300x225.jpg 300w, https:\/\/www.iessenara.es\/Revista\/wp-content\/uploads\/2023\/06\/1687254183089-768x576.jpg 768w, https:\/\/www.iessenara.es\/Revista\/wp-content\/uploads\/2023\/06\/1687254183089-1536x1152.jpg 1536w, https:\/\/www.iessenara.es\/Revista\/wp-content\/uploads\/2023\/06\/1687254183089-2048x1536.jpg 2048w\" sizes=\"(max-width: 1024px) 100vw, 1024px\" \/><\/figure><\/li><li class=\"wp-block-jetpack-slideshow_slide swiper-slide\"><figure><img decoding=\"async\" loading=\"lazy\" width=\"1024\" height=\"768\" alt=\"\" class=\"wp-block-jetpack-slideshow_image wp-image-4196\" data-id=\"4196\" src=\"http:\/\/www.iessenara.es\/Revista\/wp-content\/uploads\/2023\/06\/1687254183146-1024x768.jpg\" srcset=\"https:\/\/www.iessenara.es\/Revista\/wp-content\/uploads\/2023\/06\/1687254183146-1024x768.jpg 1024w, https:\/\/www.iessenara.es\/Revista\/wp-content\/uploads\/2023\/06\/1687254183146-300x225.jpg 300w, https:\/\/www.iessenara.es\/Revista\/wp-content\/uploads\/2023\/06\/1687254183146-768x576.jpg 768w, https:\/\/www.iessenara.es\/Revista\/wp-content\/uploads\/2023\/06\/1687254183146-1536x1152.jpg 1536w, https:\/\/www.iessenara.es\/Revista\/wp-content\/uploads\/2023\/06\/1687254183146-2048x1536.jpg 2048w\" sizes=\"(max-width: 1024px) 100vw, 1024px\" \/><\/figure><\/li><\/ul><a class=\"wp-block-jetpack-slideshow_button-prev swiper-button-prev swiper-button-white\" role=\"button\"><\/a><a class=\"wp-block-jetpack-slideshow_button-next swiper-button-next swiper-button-white\" role=\"button\"><\/a><a aria-label=\"Pause Slideshow\" class=\"wp-block-jetpack-slideshow_button-pause\" role=\"button\"><\/a><div class=\"wp-block-jetpack-slideshow_pagination swiper-pagination swiper-pagination-white\"><\/div><\/div><\/div>\n\n\n\n<p><strong>\u00bfHay alg\u00fan compa\u00f1ero de trabajo que te haya influenciado especialmente?<\/strong>&nbsp;<\/p>\n\n\n\n<p>Podr\u00eda decir varios, pero si me tengo que quedar con uno, se\u00f1alar\u00eda a Rub\u00e9n, que estuvo con nosotros los dos cursos anteriores en el Departamento de Orientaci\u00f3n, aunque es qu\u00edmico.&nbsp;<\/p>\n\n\n\n<p><strong>\u00bfC\u00f3mo ves la ense\u00f1anza de las ciencias en los pr\u00f3ximos a\u00f1os?<\/strong>&nbsp;<\/p>\n\n\n\n<p>No sabr\u00eda responder a esa pregunta, es todo tan incierto.&nbsp;<\/p>\n\n\n\n<p><strong>\u00bfQu\u00e9 opinas de la situaci\u00f3n actual de las ciencias y las letras en nuestra sociedad?&nbsp;<\/strong>&nbsp;<\/p>\n\n\n\n<p>Si analizamos con la perspectiva de unos cuantos a\u00f1os atr\u00e1s, creo que ha habido una mejora, pero no suficiente.&nbsp;<\/p>\n\n\n\n<p><strong>\u00bfCrees que se ver\u00e1 incrementado el n\u00famero de alumnos que optan por las carreras de ciencias, dado el prestigio que tienen por su salida laboral?<\/strong>&nbsp;<\/p>\n\n\n\n<p>Ese es siempre un tema recurrente, pero no creo que se note especialmente en el futuro.&nbsp;<\/p>\n\n\n\n<p><strong>\u00bfPor qu\u00e9 otras salidas laborales podr\u00edas haber optado con tu carrera? \u00bfTe planteaste en alg\u00fan momento alguna de ellas?&nbsp;<\/strong>&nbsp;<\/p>\n\n\n\n<p>Dando clase de interino, me ofrecieron un trabajo de qu\u00edmico en una empresa de curtido de pieles en Vitoria, era un buen trabajo y me surgieron dudas en cuanto al camino a seguir, pero pudo mi vocaci\u00f3n por la ense\u00f1anza.&nbsp;<\/p>\n\n\n\n<p><strong>Haciendo un resumen de tu trayectoria como profesor, \u00bfqu\u00e9 ha sido lo m\u00e1s satisfactorio de tu t<\/strong><strong>r<\/strong><strong>abajo? \u00bfY lo m\u00e1s ingrato?<\/strong>&nbsp;<\/p>\n\n\n\n<p>Lo m\u00e1s satisfactorio, sin duda, el d\u00eda a d\u00eda en el aula con los alumnos. Lo m\u00e1s ingrato, la relaci\u00f3n escabrosa con alg\u00fan compa\u00f1ero.&nbsp;<\/p>\n\n\n\n<p><strong>Si tuvieses que elegir un momento relevante en el IES Senara, \u00bfcu\u00e1<\/strong><strong>l <\/strong><strong>ser\u00eda?<\/strong>&nbsp;<\/p>\n\n\n\n<p>Podr\u00eda decir varios, pero me encant\u00f3 la visita de Vicente del Bosque.&nbsp;<\/p>\n\n\n\n<div class=\"wp-block-jetpack-slideshow aligncenter\" data-effect=\"slide\"><div class=\"wp-block-jetpack-slideshow_container swiper-container\"><ul class=\"wp-block-jetpack-slideshow_swiper-wrapper swiper-wrapper\"><li class=\"wp-block-jetpack-slideshow_slide swiper-slide\"><figure><img decoding=\"async\" loading=\"lazy\" width=\"1024\" height=\"768\" alt=\"\" class=\"wp-block-jetpack-slideshow_image wp-image-4197\" data-id=\"4197\" src=\"http:\/\/www.iessenara.es\/Revista\/wp-content\/uploads\/2023\/06\/1687254183173-1024x768.jpg\" srcset=\"https:\/\/www.iessenara.es\/Revista\/wp-content\/uploads\/2023\/06\/1687254183173-1024x768.jpg 1024w, https:\/\/www.iessenara.es\/Revista\/wp-content\/uploads\/2023\/06\/1687254183173-300x225.jpg 300w, https:\/\/www.iessenara.es\/Revista\/wp-content\/uploads\/2023\/06\/1687254183173-768x576.jpg 768w, https:\/\/www.iessenara.es\/Revista\/wp-content\/uploads\/2023\/06\/1687254183173-1536x1152.jpg 1536w, https:\/\/www.iessenara.es\/Revista\/wp-content\/uploads\/2023\/06\/1687254183173-2048x1536.jpg 2048w\" sizes=\"(max-width: 1024px) 100vw, 1024px\" \/><\/figure><\/li><li class=\"wp-block-jetpack-slideshow_slide swiper-slide\"><figure><img decoding=\"async\" loading=\"lazy\" width=\"1024\" height=\"768\" alt=\"\" class=\"wp-block-jetpack-slideshow_image wp-image-4199\" data-id=\"4199\" src=\"http:\/\/www.iessenara.es\/Revista\/wp-content\/uploads\/2023\/06\/1687254183230-1024x768.jpg\" srcset=\"https:\/\/www.iessenara.es\/Revista\/wp-content\/uploads\/2023\/06\/1687254183230-1024x768.jpg 1024w, https:\/\/www.iessenara.es\/Revista\/wp-content\/uploads\/2023\/06\/1687254183230-300x225.jpg 300w, https:\/\/www.iessenara.es\/Revista\/wp-content\/uploads\/2023\/06\/1687254183230-768x576.jpg 768w, https:\/\/www.iessenara.es\/Revista\/wp-content\/uploads\/2023\/06\/1687254183230-1536x1152.jpg 1536w, https:\/\/www.iessenara.es\/Revista\/wp-content\/uploads\/2023\/06\/1687254183230-2048x1536.jpg 2048w\" sizes=\"(max-width: 1024px) 100vw, 1024px\" \/><\/figure><\/li><li class=\"wp-block-jetpack-slideshow_slide swiper-slide\"><figure><img decoding=\"async\" loading=\"lazy\" width=\"1024\" height=\"768\" alt=\"\" class=\"wp-block-jetpack-slideshow_image wp-image-4198\" data-id=\"4198\" src=\"http:\/\/www.iessenara.es\/Revista\/wp-content\/uploads\/2023\/06\/1687254183203-1024x768.jpg\" srcset=\"https:\/\/www.iessenara.es\/Revista\/wp-content\/uploads\/2023\/06\/1687254183203-1024x768.jpg 1024w, https:\/\/www.iessenara.es\/Revista\/wp-content\/uploads\/2023\/06\/1687254183203-300x225.jpg 300w, https:\/\/www.iessenara.es\/Revista\/wp-content\/uploads\/2023\/06\/1687254183203-768x576.jpg 768w, https:\/\/www.iessenara.es\/Revista\/wp-content\/uploads\/2023\/06\/1687254183203-1536x1152.jpg 1536w, https:\/\/www.iessenara.es\/Revista\/wp-content\/uploads\/2023\/06\/1687254183203-2048x1536.jpg 2048w\" sizes=\"(max-width: 1024px) 100vw, 1024px\" \/><\/figure><\/li><\/ul><a class=\"wp-block-jetpack-slideshow_button-prev swiper-button-prev swiper-button-white\" role=\"button\"><\/a><a class=\"wp-block-jetpack-slideshow_button-next swiper-button-next swiper-button-white\" role=\"button\"><\/a><a aria-label=\"Pause Slideshow\" class=\"wp-block-jetpack-slideshow_button-pause\" role=\"button\"><\/a><div class=\"wp-block-jetpack-slideshow_pagination swiper-pagination swiper-pagination-white\"><\/div><\/div><\/div>\n\n\n\n<p><strong>\u00bfQu\u00e9 consejos dar\u00edas a tus compa\u00f1eros de profesi\u00f3n y a tus a<\/strong><strong>l<\/strong><strong>umnos?<\/strong>&nbsp;<\/p>\n\n\n\n<p>Simplemente que en todo momento traten de ser ellos mismos&nbsp;<\/p>\n\n\n\n<p><strong>\u00bfInicias una etapa muy especial de tu vida, \u00bfqu\u00e9 vas a echar de menos de tu trabajo?<\/strong>&nbsp;<\/p>\n\n\n\n<p>Sin duda, el contacto diario con alumnos y compa\u00f1eros&nbsp;<\/p>\n\n\n\n<p><strong>\u00bfQu\u00e9 planes o proyectos tienes preparados para esta nueva etapa de tu vida?<\/strong>&nbsp;<\/p>\n\n\n\n<p>Todav\u00eda no tengo nada pensado. Ya se me ocurrir\u00e1 algo.&nbsp;<\/p>\n\n\n\n<p><strong>Nos consta tu gran afici\u00f3n por la poes\u00eda y tus habilidades creativas en este g\u00e9nero literario. \u00bfTe atrever\u00edas a hacer una poes\u00eda a modo de despedida?<\/strong>&nbsp;<\/p>\n\n\n\n<p>Pues s\u00ed, me entusiasma la poes\u00eda, he le\u00eddo mucha y tambi\u00e9n he escrito algo, pero ante esta propuesta tan ilusionante como inquietante, se me ocurren estos ripios:&nbsp;<\/p>\n\n\n\n<p class=\"has-text-align-center\">\u201c\u00c1cido\u201c un sumo placer&nbsp;<\/p>\n\n\n\n<p class=\"has-text-align-center\">el ahora con vosotros&nbsp;<\/p>\n\n\n\n<p class=\"has-text-align-center\">y antes con muchos otros&nbsp;<\/p>\n\n\n\n<p class=\"has-text-align-center\">compartir este quehacer.&nbsp;<\/p>\n\n\n\n<p class=\"has-text-align-center\">Mas todo tiene un final,&nbsp;<\/p>\n\n\n\n<p class=\"has-text-align-center\">y en este especial momento&nbsp;<\/p>\n\n\n\n<p class=\"has-text-align-center\">no hay hueco para el lamento,&nbsp;<\/p>\n\n\n\n<p class=\"has-text-align-center\">casi todo fue genial.&nbsp;<\/p>\n\n\n\n<p class=\"has-text-align-center\">Y ya sin m\u00e1s protocolo&nbsp;<\/p>\n\n\n\n<p class=\"has-text-align-center\">\u00a1Qu\u00e9 teng\u00e1is un gran futuro!&nbsp;<\/p>\n\n\n\n<p class=\"has-text-align-center\">\u00a1Qu\u00e9 nada os resulte duro!&nbsp;<\/p>\n\n\n\n<p class=\"has-text-align-center\">Os lo desea, Manolo.&nbsp;<\/p>\n\n\n\n<p class=\"has-small-font-size\">&nbsp;(Aclaraci\u00f3n, los qu\u00edmicos en vez de decir \u201cha sido\u201d&nbsp;decimos \u201c\u00e1cido\u201d)&nbsp;<\/p>\n","protected":false},"excerpt":{"rendered":"<p>Manuel \u00c1ngel Dom\u00ednguez L\u00f3pez, profesor del Dpto. de F\u00edsica y Qu\u00edmica, con destino definitivo en el IES Senara desde el curso 2020\/2021, se jubila despu\u00e9s de treinta y cinco a\u00f1os dedicado a la ense\u00f1anza.&#46;&#46;&#46;<\/p>\n","protected":false},"author":3,"featured_media":4194,"comment_status":"open","ping_status":"open","sticky":false,"template":"","format":"standard","meta":{"jetpack_post_was_ever_published":false,"jetpack_publicize_message":"","jetpack_is_tweetstorm":false,"jetpack_publicize_feature_enabled":true,"jetpack_social_options":[]},"categories":[9],"tags":[232,399,151],"jetpack_publicize_connections":[],"jetpack_featured_media_url":"https:\/\/www.iessenara.es\/Revista\/wp-content\/uploads\/2023\/06\/Manuel-Angel-Dominguez-16-9-1-scaled.jpg","jetpack_sharing_enabled":true,"jetpack_shortlink":"https:\/\/wp.me\/p5mbkp-15B","_links":{"self":[{"href":"https:\/\/www.iessenara.es\/Revista\/index.php?rest_route=\/wp\/v2\/posts\/4191"}],"collection":[{"href":"https:\/\/www.iessenara.es\/Revista\/index.php?rest_route=\/wp\/v2\/posts"}],"about":[{"href":"https:\/\/www.iessenara.es\/Revista\/index.php?rest_route=\/wp\/v2\/types\/post"}],"author":[{"embeddable":true,"href":"https:\/\/www.iessenara.es\/Revista\/index.php?rest_route=\/wp\/v2\/users\/3"}],"replies":[{"embeddable":true,"href":"https:\/\/www.iessenara.es\/Revista\/index.php?rest_route=%2Fwp%2Fv2%2Fcomments&post=4191"}],"version-history":[{"count":3,"href":"https:\/\/www.iessenara.es\/Revista\/index.php?rest_route=\/wp\/v2\/posts\/4191\/revisions"}],"predecessor-version":[{"id":4201,"href":"https:\/\/www.iessenara.es\/Revista\/index.php?rest_route=\/wp\/v2\/posts\/4191\/revisions\/4201"}],"wp:featuredmedia":[{"embeddable":true,"href":"https:\/\/www.iessenara.es\/Revista\/index.php?rest_route=\/wp\/v2\/media\/4194"}],"wp:attachment":[{"href":"https:\/\/www.iessenara.es\/Revista\/index.php?rest_route=%2Fwp%2Fv2%2Fmedia&parent=4191"}],"wp:term":[{"taxonomy":"category","embeddable":true,"href":"https:\/\/www.iessenara.es\/Revista\/index.php?rest_route=%2Fwp%2Fv2%2Fcategories&post=4191"},{"taxonomy":"post_tag","embeddable":true,"href":"https:\/\/www.iessenara.es\/Revista\/index.php?rest_route=%2Fwp%2Fv2%2Ftags&post=4191"}],"curies":[{"name":"wp","href":"https:\/\/api.w.org\/{rel}","templated":true}]}}